{"id":6025,"date":"2026-01-29T17:14:23","date_gmt":"2026-01-29T16:14:23","guid":{"rendered":"https:\/\/www.heinzemedien.de\/?p=6025"},"modified":"2026-01-29T17:14:23","modified_gmt":"2026-01-29T16:14:23","slug":"keramikforum-2026","status":"publish","type":"post","link":"https:\/\/www.heinzemedien.de\/keramikforum-2026\/","title":{"rendered":"KeramikForum 2026"},"content":{"rendered":"<div class=\"editor-fullwidth fullwidth-box editor-builder-row-1 nonhundred-percent-fullwidth non-hundred-percent-height-scrolling\" style=\"--awb-border-radius-top-left:0px;--awb-border-radius-top-right:0px;--awb-border-radius-bottom-right:0px;--awb-border-radius-bottom-left:0px;--awb-padding-top:70px;--awb-padding-bottom:70px;--awb-margin-top:1px;--awb-background-color:#ffffff;--awb-flex-wrap:wrap;\" ><div class=\"editor-builder-row editor-row\"><div class=\"editor-layout-column editor_builder_column editor-builder-column-0 editor_builder_column_1_6 1_6 editor-one-sixth editor-column-first editor-no-small-visibility editor-no-medium-visibility\" style=\"--awb-bg-size:cover;width:16.666666666667%;width:calc(16.666666666667% - ( ( 4% + 4% ) * 0.16666666666667 ) );margin-right: 4%;\"><div class=\"editor-column-wrapper editor-column-has-shadow editor-flex-column-wrapper-legacy\"><div class=\"editor-clearfix\"><\/div><\/div><\/div><div class=\"editor-layout-column editor_builder_column editor-builder-column-1 editor_builder_column_2_3 2_3 editor-two-third mediumFullSizeColumn\" style=\"--awb-bg-size:cover;width:66.666666666667%;width:calc(66.666666666667% - ( ( 4% + 4% ) * 0.66666666666667 ) );margin-right: 4%;\"><div class=\"editor-column-wrapper editor-column-has-shadow editor-flex-column-wrapper-legacy\"><div class=\"editor-builder-row editor-builder-row-inner editor-row\"><div class=\"editor-layout-column editor_builder_column_inner editor-builder-nested-column-0 editor_builder_column_inner_2_3 2_3 editor-two-third editor-column-first\" style=\"--awb-padding-bottom:30px;--awb-bg-size:cover;width:66.666666666667%;width:calc(66.666666666667% - ( ( 4% ) * 0.66666666666667 ) );margin-right: 4%;\"><div class=\"editor-column-wrapper editor-column-has-shadow editor-flex-column-wrapper-legacy\"><div class=\"editor-text editor-text-1\" style=\"--awb-text-transform:none;\"><h2><strong>Fachkongress f\u00fcr Keramik und Innenarchitektur auf der hagebau KERAMIKA in G\u00f6ttingen<\/strong><\/h2>\n<p>Am 20. Februar 2026 l\u00e4dt die hagebau gemeinsam mit Heinze im Rahmen der KERAMIKA Fachmesse in die LOKHALLE G\u00f6ttingen zum KeramikForum, dem Fachkongress f\u00fcr Keramik und Innenarchitektur. Die Veranstaltung richtet sich an Architekten, Innenarchitekten und Planer und zeigt praxisnah, wie Architektur, Interior Design und keramische Materialien aufeinander abgestimmt und in schl\u00fcssige Gestaltungsl\u00f6sungen \u00fcberf\u00fchrt werden.<\/p>\n<p>Internationale Design-Experten wie Hadi Teherani, Paola Bagna und Sigurd Larsen geben Einblicke in ihre Arbeitsweise und erl\u00e4utern, wie Raum, Material und Design zu funktionalen, \u00e4sthetischen und nachhaltigen Raum- und Gestaltungskonzepten entwickelt werden. Im Fokus stehen dabei die Schaffung besonderer Raumerlebnisse, der gezielte Einsatz von Materialien \u2013 insbesondere Keramik \u2013 sowie die Gestaltung von kleinen und gro\u00dfen R\u00e4umen im privaten, \u00f6ffentlichen und gewerblichen Kontext.<\/p>\n<p>Die Vortr\u00e4ge verbinden architektonische Visionen mit praxisnahen Gestaltungsstrategien und zeigen, wie keramische Materialien nicht nur funktionale Anforderungen erf\u00fcllen, sondern als gestalterisches Element Atmosph\u00e4re, Identit\u00e4t und Nachhaltigkeit pr\u00e4gen k\u00f6nnen.<\/p>\n<p><em>Umgesetzte Projekte der KeramikForum-Referenten: Praxisnahe Beispiele f\u00fcr zeitgem\u00e4\u00dfe Architektur und Innenarchitektur:<\/em><\/p>\n<\/div><div class=\"awb-gallery-wrapper awb-gallery-wrapper-1 button-span-no\" style=\"--more-btn-alignment:center;\" data-limit=\"3\" data-page=\"1\"><div style=\"margin:-5px;--awb-bordersize:0px;\" class=\"editor-gallery editor-gallery-container editor-grid-3 editor-columns-total-3 editor-gallery-layout-grid editor-gallery-1\"><div style=\"padding:5px;\" class=\"editor-grid-column editor-gallery-column editor-gallery-column-3 hover-type-none awb-imageframe-style awb-imageframe-style-below awb-imageframe-style-1\"><div class=\"editor-gallery-image\"><a href=\"https:\/\/www.heinzemedien.de\/data\/uploads\/2026\/01\/Shooting_bei_Hadi_Teherani_Solid_Ground_17_001-scaled.jpg\" rel=\"noreferrer\" data-rel=\"iLightbox[gallery_image_1]\" class=\"editor-lightbox\" target=\"_self\"><img decoding=\"async\" src=\"https:\/\/www.heinzemedien.de\/data\/uploads\/2026\/01\/Shooting_bei_Hadi_Teherani_Solid_Ground_17_001-460x295.jpg\" width=\"460\" height=\"295\" alt=\"\" title=\"\" aria-label=\"\" class=\"img-responsive hz-image-6028 editor-gallery-image-size-fixed\"  \/><\/a><\/div><div class=\"awb-imageframe-caption-container\"><div class=\"awb-imageframe-caption\"><\/div><\/div><\/div><div style=\"padding:5px;\" class=\"editor-grid-column editor-gallery-column editor-gallery-column-3 hover-type-none awb-imageframe-style awb-imageframe-style-below awb-imageframe-style-1\"><div class=\"editor-gallery-image\"><a href=\"https:\/\/www.heinzemedien.de\/data\/uploads\/2026\/01\/The-Lake-House_-Berlin-Sigurd-Larsen-wood-design-architecture-ziegelfassade-Holzbau_4-1-1100x825-1.jpg\" rel=\"noreferrer\" data-rel=\"iLightbox[gallery_image_1]\" class=\"editor-lightbox\" target=\"_self\"><img decoding=\"async\" src=\"https:\/\/www.heinzemedien.de\/data\/uploads\/2026\/01\/The-Lake-House_-Berlin-Sigurd-Larsen-wood-design-architecture-ziegelfassade-Holzbau_4-1-1100x825-1-460x295.jpg\" width=\"460\" height=\"295\" alt=\"\" title=\"(c) Kkrom Services\" aria-label=\"(c) Kkrom Services\" class=\"img-responsive hz-image-6026 editor-gallery-image-size-fixed\"  \/><\/a><\/div><div class=\"awb-imageframe-caption-container\"><div class=\"awb-imageframe-caption\"><div class=\"awb-imageframe-caption-title\">(c) Kkrom Services<\/div><\/div><\/div><\/div><div style=\"padding:5px;\" class=\"editor-grid-column editor-gallery-column editor-gallery-column-3 hover-type-none awb-imageframe-style awb-imageframe-style-below awb-imageframe-style-1\"><div class=\"editor-gallery-image\"><a href=\"https:\/\/www.heinzemedien.de\/data\/uploads\/2026\/01\/08_Staircase_Library_Mirka_Pflueger.jpg\" rel=\"noreferrer\" data-rel=\"iLightbox[gallery_image_1]\" class=\"editor-lightbox\" target=\"_self\"><img decoding=\"async\" src=\"https:\/\/www.heinzemedien.de\/data\/uploads\/2026\/01\/08_Staircase_Library_Mirka_Pflueger-460x295.jpg\" width=\"460\" height=\"295\" alt=\"\" title=\"\" aria-label=\"\" class=\"img-responsive hz-image-6027 editor-gallery-image-size-fixed\"  \/><\/a><\/div><div class=\"awb-imageframe-caption-container\"><div class=\"awb-imageframe-caption\"><\/div><\/div><\/div><div class=\"clearfix\"><\/div><\/div><\/div><div class=\"editor-sep-clear\"><\/div><div class=\"editor-separator editor-full-width-sep\" style=\"margin-left: auto;margin-right: auto;margin-top:20px;margin-bottom:20px;width:100%;\"><\/div><div class=\"editor-sep-clear\"><\/div><div class=\"editor-text editor-text-2\"><p>Neben den Fachvortr\u00e4gen bietet die KERAMIKA mit \u00fcber 40 Aussteller aus den Bereichen Fliese, Bauchemie, Shop-Systeme und Zubeh\u00f6r, einen umfassenden \u00dcberblick \u00fcber aktuelle Material- und Gestaltungstrends. Zu den Ausstellern z\u00e4hlen unter anderem Agrob Buchtal, Ardex, Florim, Pamesa, Schl\u00fcter-Systems, Sopro und Wedi.<\/p>\n<p>Erg\u00e4nzt wird das Programm durch gef\u00fchrte Architektur-Rundg\u00e4nge unter fachlicher Begleitung von Heinze, die praxisnahe Einblicke in innovative Anwendungen f\u00fcr Innenr\u00e4ume und Fassaden bieten und den fachlichen Austausch mit Fachleuten aus Architektur, Planung und Ausf\u00fchrung f\u00f6rdern.<\/p>\n<p>\u201eDie KERAMIKA 2026 ist der Treffpunkt f\u00fcr Profis aus Verarbeitung, Handel, Architektur und Planung. Sie bietet Raum f\u00fcr Innovationen, fachlichen Austausch und die gemeinsame Gestaltung der Zukunft der Branche\u201c, so Tim Fiedler, Leiter Spezialisierungssystem Fliese Fachhandel bei hagebau.<\/p>\n<p>Die Architektenkammer Niedersachsen erkennt den Kongress mit f\u00fcnf Fortbildungsstunden an.<\/p>\n<p>Weitere Informationen zum KeramikForum und zum vollst\u00e4ndigen Programm sowie zur Anmeldung finden Interessierte unter: <a href=\"https:\/\/keramikforum.heinze.de\/\">https:\/\/keramikforum.heinze.de\/<\/a><\/p>\n<\/div><div class=\"editor-clearfix\"><\/div><\/div><\/div><div class=\"editor-layout-column editor_builder_column_inner editor-builder-nested-column-1 editor_builder_column_inner_1_3 1_3 editor-one-third editor-column-last cssNewsAside\" style=\"--awb-padding-top:30px;--awb-padding-right:30px;--awb-padding-bottom:30px;--awb-padding-left:30px;--awb-bg-color:#f2f4f5;--awb-bg-color-hover:#f2f4f5;--awb-bg-size:cover;width:33.333333333333%;width:calc(33.333333333333% - ( ( 4% ) * 0.33333333333333 ) );\"><div class=\"editor-column-wrapper editor-column-has-shadow editor-flex-column-wrapper-legacy\"><div class=\"editor-title title editor-title-1 editor-sep-none editor-title-text editor-title-size-one\" style=\"--awb-margin-top-small:0px;--awb-margin-right-small:0px;--awb-margin-bottom-small:20px;--awb-margin-left-small:0px;\"><h1 class=\"editor-title-heading title-heading-left editor-responsive-typography-calculated\" style=\"margin:0;--fontSize:45;line-height:1.3;\"><h4 class=\"cssMainHeadline editor-responsive-typography-calculated\" data-fontsize=\"45\" data-lineheight=\"58.5px\">Weitere Neuigkeiten<\/h4><\/h1><\/div><div class=\"editor-blog-shortcode editor-blog-shortcode-1 editor-blog-archive editor-blog-layout-grid-wrapper editor-blog-infinite editor-blog-no-images\" style=\"--grid_separator_color:#d7dce0;\"><style type=\"text\/css\">.editor-blog-shortcode-1 .editor-blog-layout-grid .editor-post-grid{padding:20px;}.editor-blog-shortcode-1 .editor-posts-container{margin-left: -20px !important; margin-right:-20px !important;}<\/style><div class=\"editor-posts-container editor-posts-container-infinite editor-posts-container-load-more editor-blog-layout-grid editor-blog-layout-grid-1 isotope\" data-pages=\"30\" data-grid-col-space=\"40\" style=\"margin: -20px -20px 0;min-height:500px;\"><article id=\"blog-1-post-6157\" class=\"editor-post-grid post-6157 post type-post status-publish format-standard has-post-thumbnail hentry category-heinze category-marktforschung category-pressemeldung\">\n<div class=\"editor-post-wrapper\" style=\"background-color:rgba(242,244,245,1);border:1px solid #f2f4f5;border-bottom-width:3px;\"><div class=\"editor-post-content-wrapper\" style=\"padding:10px 10px 10px 10px;\"><div class=\"editor-post-content post-content\"><h2 class=\"blog-shortcode-post-title entry-title\"><a href=\"https:\/\/www.heinzemedien.de\/studie-informationsverhalten-von-architektinnen-und-planenden\/\">Studie: Informationsverhalten von Architekt:innen und Planenden<\/a><\/h2><p class=\"editor-single-line-meta\"><span>21.04.2026<\/span><span class=\"editor-inline-sep\">|<\/span><\/p><\/div><\/div><div class=\"editor-clearfix\"><\/div><\/div>\n<\/article>\n<article id=\"blog-1-post-6143\" class=\"editor-post-grid post-6143 post type-post status-publish format-standard has-post-thumbnail hentry category-heinze category-marktforschung category-pressemeldung\">\n<div class=\"editor-post-wrapper\" style=\"background-color:rgba(242,244,245,1);border:1px solid #f2f4f5;border-bottom-width:3px;\"><div class=\"editor-post-content-wrapper\" style=\"padding:10px 10px 10px 10px;\"><div class=\"editor-post-content post-content\"><h2 class=\"blog-shortcode-post-title entry-title\"><a href=\"https:\/\/www.heinzemedien.de\/was-haben-kinderwagen-mit-baugenehmigungen-zu-tun\/\">Was haben Kinderwagen mit Baugenehmigungen zu tun?<\/a><\/h2><p class=\"editor-single-line-meta\"><span>19.03.2026<\/span><span class=\"editor-inline-sep\">|<\/span><\/p><\/div><\/div><div class=\"editor-clearfix\"><\/div><\/div>\n<\/article>\n<article id=\"blog-1-post-6114\" class=\"editor-post-grid post-6114 post type-post status-publish format-standard has-post-thumbnail hentry category-events category-heinze category-pressemeldung\">\n<div class=\"editor-post-wrapper\" style=\"background-color:rgba(242,244,245,1);border:1px solid #f2f4f5;border-bottom-width:3px;\"><div class=\"editor-post-content-wrapper\" style=\"padding:10px 10px 10px 10px;\"><div class=\"editor-post-content post-content\"><h2 class=\"blog-shortcode-post-title entry-title\"><a href=\"https:\/\/www.heinzemedien.de\/heinze-architektour-2026-ab-juni-mit-realisierter-architektur\/\">Heinze ArchitekTOUR 2026 ab Juni mit realisierter Architektur<\/a><\/h2><p class=\"editor-single-line-meta\"><span>25.02.2026<\/span><span class=\"editor-inline-sep\">|<\/span><\/p><\/div><\/div><div class=\"editor-clearfix\"><\/div><\/div>\n<\/article>\n<article id=\"blog-1-post-6104\" class=\"editor-post-grid post-6104 post type-post status-publish format-standard has-post-thumbnail hentry category-events category-heinze category-pressemeldung\">\n<div class=\"editor-post-wrapper\" style=\"background-color:rgba(242,244,245,1);border:1px solid #f2f4f5;border-bottom-width:3px;\"><div class=\"editor-post-content-wrapper\" style=\"padding:10px 10px 10px 10px;\"><div class=\"editor-post-content post-content\"><h2 class=\"blog-shortcode-post-title entry-title\"><a href=\"https:\/\/www.heinzemedien.de\/digitalbau-koeln-heinze-laedt-zum-exklusiven-architects-run-ein\/\">digitalBAU K\u00f6ln: Heinze l\u00e4dt zum exklusiven Architects\u2019 Run ein<\/a><\/h2><p class=\"editor-single-line-meta\"><span>24.02.2026<\/span><span class=\"editor-inline-sep\">|<\/span><\/p><\/div><\/div><div class=\"editor-clearfix\"><\/div><\/div>\n<\/article>\n<article id=\"blog-1-post-6070\" class=\"editor-post-grid post-6070 post type-post status-publish format-standard has-post-thumbnail hentry category-events category-heinze category-pressemeldung\">\n<div class=\"editor-post-wrapper\" style=\"background-color:rgba(242,244,245,1);border:1px solid #f2f4f5;border-bottom-width:3px;\"><div class=\"editor-post-content-wrapper\" style=\"padding:10px 10px 10px 10px;\"><div class=\"editor-post-content post-content\"><h2 class=\"blog-shortcode-post-title entry-title\"><a href=\"https:\/\/www.heinzemedien.de\/bauwende-heinze-architekturaward-2026-gestartet\/\">Bauwende: Heinze ArchitekturAWARD 2026 gestartet<\/a><\/h2><p class=\"editor-single-line-meta\"><span>12.02.2026<\/span><span class=\"editor-inline-sep\">|<\/span><\/p><\/div><\/div><div class=\"editor-clearfix\"><\/div><\/div>\n<\/article>\n<div class=\"editor-clearfix\"><\/div><\/div><div class=\"editor-infinite-scroll-trigger\"><\/div><div class=\"pagination infinite-scroll clearfix\" style=\"display:none;\"><span class=\"current\">1<\/span><a href=\"https:\/\/www.heinzemedien.de\/heinze-api\/wp\/v2\/posts\/6025\/page\/2\/\" class=\"inactive\">2<\/a><a class=\"pagination-next\" rel=\"next\" href=\"https:\/\/www.heinzemedien.de\/heinze-api\/wp\/v2\/posts\/6025\/page\/2\/\"><span class=\"page-text\">Vor<\/span><span class=\"page-next\"><\/span><\/a><\/div><div class=\"editor-clearfix\"><\/div><button class=\"editor-load-more-button editor-blog-button editor-clearfix\">Mehr Beitr\u00e4ge laden<\/button><\/div><div class=\"editor-clearfix\"><\/div><\/div><\/div><\/div><div class=\"editor-clearfix\"><\/div><\/div><\/div><div class=\"editor-layout-column editor_builder_column editor-builder-column-2 editor_builder_column_1_6 1_6 editor-one-sixth editor-column-last editor-no-small-visibility editor-no-medium-visibility\" style=\"--awb-bg-size:cover;width:16.666666666667%;width:calc(16.666666666667% - ( ( 4% + 4% ) * 0.16666666666667 ) );\"><div class=\"editor-column-wrapper editor-column-has-shadow editor-flex-column-wrapper-legacy\"><div class=\"editor-clearfix\"><\/div><\/div><\/div><\/div><\/div>\n","protected":false},"excerpt":{"rendered":"","protected":false},"author":967,"featured_media":6035,"comment_status":"closed","ping_status":"closed","sticky":false,"template":"","format":"standard","meta":{"footnotes":""},"categories":[22,74,67],"tags":[],"class_list":["post-6025","post","type-post","status-publish","format-standard","has-post-thumbnail","hentry","category-events","category-heinze","category-pressemeldung"],"seo_head":"<!-- This site is optimized with the Yoast SEO plugin v27.2 - https:\/\/yoast.com\/product\/yoast-seo-wordpress\/ -->\n<title>KeramikForum 2026 - Heinze - Your Networking Company<\/title>\n<meta name=\"description\" content=\"Am 20. Februar 2026 l\u00e4dt die hagebau gemeinsam mit Heinze im Rahmen der KERAMIKA Fachmesse in die LOKHALLE G\u00f6ttingen zum KeramikForum, dem Fachkongress f\u00fcr Keramik und Innenarchitektur.\" \/>\n<meta name=\"robots\" content=\"index, follow, max-snippet:-1, max-image-preview:large, max-video-preview:-1\" \/>\n<link rel=\"canonical\" href=\"https:\/\/www.heinzemedien.de\/keramikforum-2026\/\" \/>\n<meta property=\"og:locale\" content=\"de_DE\" \/>\n<meta property=\"og:type\" content=\"article\" \/>\n<meta property=\"og:title\" content=\"KeramikForum 2026 - Heinze - Your Networking Company\" \/>\n<meta property=\"og:description\" content=\"Am 20. Februar 2026 l\u00e4dt die hagebau gemeinsam mit Heinze im Rahmen der KERAMIKA Fachmesse in die LOKHALLE G\u00f6ttingen zum KeramikForum, dem Fachkongress f\u00fcr Keramik und Innenarchitektur.\" \/>\n<meta property=\"og:url\" content=\"https:\/\/www.heinzemedien.de\/keramikforum-2026\/\" \/>\n<meta property=\"og:site_name\" content=\"Heinze - Your Networking Company\" \/>\n<meta property=\"article:published_time\" content=\"2026-01-29T16:14:23+00:00\" \/>\n<meta property=\"og:image\" content=\"https:\/\/www.heinzemedien.de\/data\/uploads\/2026\/01\/2_1_Hagebau_2025_WMO_Eventmaker_E-Mail_Header_Danke_1000x450px665x225.jpg\" \/>\n\t<meta property=\"og:image:width\" content=\"665\" \/>\n\t<meta property=\"og:image:height\" content=\"225\" \/>\n\t<meta property=\"og:image:type\" content=\"image\/jpeg\" \/>\n<meta name=\"author\" content=\"Steffi Dierking\" \/>\n<meta name=\"twitter:card\" content=\"summary_large_image\" \/>\n<meta name=\"twitter:label1\" content=\"Verfasst von\" \/>\n\t<meta name=\"twitter:data1\" content=\"Steffi Dierking\" \/>\n\t<meta name=\"twitter:label2\" content=\"Gesch\u00e4tzte Lesezeit\" \/>\n\t<meta name=\"twitter:data2\" content=\"3\u00a0Minuten\" \/>\n<script type=\"application\/ld+json\" class=\"seo-schema-graph\">{\"@context\":\"https:\/\/schema.org\",\"@graph\":[{\"@type\":\"Article\",\"@id\":\"https:\/\/www.heinzemedien.de\/keramikforum-2026\/#article\",\"isPartOf\":{\"@id\":\"https:\/\/www.heinzemedien.de\/keramikforum-2026\/\"},\"author\":{\"name\":\"Steffi Dierking\",\"@id\":\"https:\/\/www.heinzemedien.de\/#\/schema\/person\/75685e4bfe37871a38678a00b5def632\"},\"headline\":\"KeramikForum 2026\",\"datePublished\":\"2026-01-29T16:14:23+00:00\",\"mainEntityOfPage\":{\"@id\":\"https:\/\/www.heinzemedien.de\/keramikforum-2026\/\"},\"wordCount\":2366,\"publisher\":{\"@id\":\"https:\/\/www.heinzemedien.de\/#organization\"},\"image\":{\"@id\":\"https:\/\/www.heinzemedien.de\/keramikforum-2026\/#primaryimage\"},\"thumbnailUrl\":\"https:\/\/www.heinzemedien.de\/data\/uploads\/2026\/01\/2_1_Hagebau_2025_WMO_Eventmaker_E-Mail_Header_Danke_1000x450px665x225.jpg\",\"articleSection\":[\"Events\",\"Heinze\",\"Pressemeldung\"],\"inLanguage\":\"de\"},{\"@type\":\"WebPage\",\"@id\":\"https:\/\/www.heinzemedien.de\/keramikforum-2026\/\",\"url\":\"https:\/\/www.heinzemedien.de\/keramikforum-2026\/\",\"name\":\"KeramikForum 2026 - Heinze - Your Networking Company\",\"isPartOf\":{\"@id\":\"https:\/\/www.heinzemedien.de\/#website\"},\"primaryImageOfPage\":{\"@id\":\"https:\/\/www.heinzemedien.de\/keramikforum-2026\/#primaryimage\"},\"image\":{\"@id\":\"https:\/\/www.heinzemedien.de\/keramikforum-2026\/#primaryimage\"},\"thumbnailUrl\":\"https:\/\/www.heinzemedien.de\/data\/uploads\/2026\/01\/2_1_Hagebau_2025_WMO_Eventmaker_E-Mail_Header_Danke_1000x450px665x225.jpg\",\"datePublished\":\"2026-01-29T16:14:23+00:00\",\"description\":\"Am 20. Februar 2026 l\u00e4dt die hagebau gemeinsam mit Heinze im Rahmen der KERAMIKA Fachmesse in die LOKHALLE G\u00f6ttingen zum KeramikForum, dem Fachkongress f\u00fcr Keramik und Innenarchitektur.\",\"breadcrumb\":{\"@id\":\"https:\/\/www.heinzemedien.de\/keramikforum-2026\/#breadcrumb\"},\"inLanguage\":\"de\",\"potentialAction\":[{\"@type\":\"ReadAction\",\"target\":[\"https:\/\/www.heinzemedien.de\/keramikforum-2026\/\"]}]},{\"@type\":\"ImageObject\",\"inLanguage\":\"de\",\"@id\":\"https:\/\/www.heinzemedien.de\/keramikforum-2026\/#primaryimage\",\"url\":\"https:\/\/www.heinzemedien.de\/data\/uploads\/2026\/01\/2_1_Hagebau_2025_WMO_Eventmaker_E-Mail_Header_Danke_1000x450px665x225.jpg\",\"contentUrl\":\"https:\/\/www.heinzemedien.de\/data\/uploads\/2026\/01\/2_1_Hagebau_2025_WMO_Eventmaker_E-Mail_Header_Danke_1000x450px665x225.jpg\",\"width\":665,\"height\":225},{\"@type\":\"BreadcrumbList\",\"@id\":\"https:\/\/www.heinzemedien.de\/keramikforum-2026\/#breadcrumb\",\"itemListElement\":[{\"@type\":\"ListItem\",\"position\":1,\"name\":\"Startseite\",\"item\":\"https:\/\/www.heinzemedien.de\/\"},{\"@type\":\"ListItem\",\"position\":2,\"name\":\"KeramikForum 2026\"}]},{\"@type\":\"WebSite\",\"@id\":\"https:\/\/www.heinzemedien.de\/#website\",\"url\":\"https:\/\/www.heinzemedien.de\/\",\"name\":\"Heinze - Your Networking Company\",\"description\":\"\",\"publisher\":{\"@id\":\"https:\/\/www.heinzemedien.de\/#organization\"},\"potentialAction\":[{\"@type\":\"SearchAction\",\"target\":{\"@type\":\"EntryPoint\",\"urlTemplate\":\"https:\/\/www.heinzemedien.de\/?s={search_term_string}\"},\"query-input\":{\"@type\":\"PropertyValueSpecification\",\"valueRequired\":true,\"valueName\":\"search_term_string\"}}],\"inLanguage\":\"de\"},{\"@type\":\"Organization\",\"@id\":\"https:\/\/www.heinzemedien.de\/#organization\",\"name\":\"Heinze GmbH\",\"url\":\"https:\/\/www.heinzemedien.de\/\",\"logo\":{\"@type\":\"ImageObject\",\"inLanguage\":\"de\",\"@id\":\"https:\/\/www.heinzemedien.de\/#\/schema\/logo\/image\/\",\"url\":\"\",\"contentUrl\":\"\",\"caption\":\"Heinze GmbH\"},\"image\":{\"@id\":\"https:\/\/www.heinzemedien.de\/#\/schema\/logo\/image\/\"}},{\"@type\":\"Person\",\"@id\":\"https:\/\/www.heinzemedien.de\/#\/schema\/person\/75685e4bfe37871a38678a00b5def632\",\"name\":\"Steffi Dierking\",\"image\":{\"@type\":\"ImageObject\",\"inLanguage\":\"de\",\"@id\":\"https:\/\/secure.gravatar.com\/avatar\/2d27929188be43ca81b777fbaa37e7ea02819130806a6045a2998d7177edf38c?s=96&d=mm&r=g\",\"url\":\"https:\/\/secure.gravatar.com\/avatar\/2d27929188be43ca81b777fbaa37e7ea02819130806a6045a2998d7177edf38c?s=96&d=mm&r=g\",\"contentUrl\":\"https:\/\/secure.gravatar.com\/avatar\/2d27929188be43ca81b777fbaa37e7ea02819130806a6045a2998d7177edf38c?s=96&d=mm&r=g\",\"caption\":\"Steffi Dierking\"},\"url\":\"https:\/\/www.heinzemedien.de\/author\/dierking\/\"}]}<\/script>\n<!-- \/ Yoast SEO plugin. -->","seo_head_json":{"title":"KeramikForum 2026 - Heinze - Your Networking Company","description":"Am 20. Februar 2026 l\u00e4dt die hagebau gemeinsam mit Heinze im Rahmen der KERAMIKA Fachmesse in die LOKHALLE G\u00f6ttingen zum KeramikForum, dem Fachkongress f\u00fcr Keramik und Innenarchitektur.","robots":{"index":"index","follow":"follow","max-snippet":"max-snippet:-1","max-image-preview":"max-image-preview:large","max-video-preview":"max-video-preview:-1"},"canonical":"https:\/\/www.heinzemedien.de\/keramikforum-2026\/","og_locale":"de_DE","og_type":"article","og_title":"KeramikForum 2026 - Heinze - Your Networking Company","og_description":"Am 20. Februar 2026 l\u00e4dt die hagebau gemeinsam mit Heinze im Rahmen der KERAMIKA Fachmesse in die LOKHALLE G\u00f6ttingen zum KeramikForum, dem Fachkongress f\u00fcr Keramik und Innenarchitektur.","og_url":"https:\/\/www.heinzemedien.de\/keramikforum-2026\/","og_site_name":"Heinze - Your Networking Company","article_published_time":"2026-01-29T16:14:23+00:00","og_image":[{"width":665,"height":225,"url":"https:\/\/www.heinzemedien.de\/data\/uploads\/2026\/01\/2_1_Hagebau_2025_WMO_Eventmaker_E-Mail_Header_Danke_1000x450px665x225.jpg","type":"image\/jpeg"}],"author":"Steffi Dierking","twitter_card":"summary_large_image","twitter_misc":{"Verfasst von":"Steffi Dierking","Gesch\u00e4tzte Lesezeit":"3\u00a0Minuten"},"schema":{"@context":"https:\/\/schema.org","@graph":[{"@type":"Article","@id":"https:\/\/www.heinzemedien.de\/keramikforum-2026\/#article","isPartOf":{"@id":"https:\/\/www.heinzemedien.de\/keramikforum-2026\/"},"author":{"name":"Steffi Dierking","@id":"https:\/\/www.heinzemedien.de\/#\/schema\/person\/75685e4bfe37871a38678a00b5def632"},"headline":"KeramikForum 2026","datePublished":"2026-01-29T16:14:23+00:00","mainEntityOfPage":{"@id":"https:\/\/www.heinzemedien.de\/keramikforum-2026\/"},"wordCount":2366,"publisher":{"@id":"https:\/\/www.heinzemedien.de\/#organization"},"image":{"@id":"https:\/\/www.heinzemedien.de\/keramikforum-2026\/#primaryimage"},"thumbnailUrl":"https:\/\/www.heinzemedien.de\/data\/uploads\/2026\/01\/2_1_Hagebau_2025_WMO_Eventmaker_E-Mail_Header_Danke_1000x450px665x225.jpg","articleSection":["Events","Heinze","Pressemeldung"],"inLanguage":"de"},{"@type":"WebPage","@id":"https:\/\/www.heinzemedien.de\/keramikforum-2026\/","url":"https:\/\/www.heinzemedien.de\/keramikforum-2026\/","name":"KeramikForum 2026 - Heinze - Your Networking Company","isPartOf":{"@id":"https:\/\/www.heinzemedien.de\/#website"},"primaryImageOfPage":{"@id":"https:\/\/www.heinzemedien.de\/keramikforum-2026\/#primaryimage"},"image":{"@id":"https:\/\/www.heinzemedien.de\/keramikforum-2026\/#primaryimage"},"thumbnailUrl":"https:\/\/www.heinzemedien.de\/data\/uploads\/2026\/01\/2_1_Hagebau_2025_WMO_Eventmaker_E-Mail_Header_Danke_1000x450px665x225.jpg","datePublished":"2026-01-29T16:14:23+00:00","description":"Am 20. Februar 2026 l\u00e4dt die hagebau gemeinsam mit Heinze im Rahmen der KERAMIKA Fachmesse in die LOKHALLE G\u00f6ttingen zum KeramikForum, dem Fachkongress f\u00fcr Keramik und Innenarchitektur.","breadcrumb":{"@id":"https:\/\/www.heinzemedien.de\/keramikforum-2026\/#breadcrumb"},"inLanguage":"de","potentialAction":[{"@type":"ReadAction","target":["https:\/\/www.heinzemedien.de\/keramikforum-2026\/"]}]},{"@type":"ImageObject","inLanguage":"de","@id":"https:\/\/www.heinzemedien.de\/keramikforum-2026\/#primaryimage","url":"https:\/\/www.heinzemedien.de\/data\/uploads\/2026\/01\/2_1_Hagebau_2025_WMO_Eventmaker_E-Mail_Header_Danke_1000x450px665x225.jpg","contentUrl":"https:\/\/www.heinzemedien.de\/data\/uploads\/2026\/01\/2_1_Hagebau_2025_WMO_Eventmaker_E-Mail_Header_Danke_1000x450px665x225.jpg","width":665,"height":225},{"@type":"BreadcrumbList","@id":"https:\/\/www.heinzemedien.de\/keramikforum-2026\/#breadcrumb","itemListElement":[{"@type":"ListItem","position":1,"name":"Startseite","item":"https:\/\/www.heinzemedien.de\/"},{"@type":"ListItem","position":2,"name":"KeramikForum 2026"}]},{"@type":"WebSite","@id":"https:\/\/www.heinzemedien.de\/#website","url":"https:\/\/www.heinzemedien.de\/","name":"Heinze - Your Networking Company","description":"","publisher":{"@id":"https:\/\/www.heinzemedien.de\/#organization"},"potentialAction":[{"@type":"SearchAction","target":{"@type":"EntryPoint","urlTemplate":"https:\/\/www.heinzemedien.de\/?s={search_term_string}"},"query-input":{"@type":"PropertyValueSpecification","valueRequired":true,"valueName":"search_term_string"}}],"inLanguage":"de"},{"@type":"Organization","@id":"https:\/\/www.heinzemedien.de\/#organization","name":"Heinze GmbH","url":"https:\/\/www.heinzemedien.de\/","logo":{"@type":"ImageObject","inLanguage":"de","@id":"https:\/\/www.heinzemedien.de\/#\/schema\/logo\/image\/","url":"","contentUrl":"","caption":"Heinze GmbH"},"image":{"@id":"https:\/\/www.heinzemedien.de\/#\/schema\/logo\/image\/"}},{"@type":"Person","@id":"https:\/\/www.heinzemedien.de\/#\/schema\/person\/75685e4bfe37871a38678a00b5def632","name":"Steffi Dierking","image":{"@type":"ImageObject","inLanguage":"de","@id":"https:\/\/secure.gravatar.com\/avatar\/2d27929188be43ca81b777fbaa37e7ea02819130806a6045a2998d7177edf38c?s=96&d=mm&r=g","url":"https:\/\/secure.gravatar.com\/avatar\/2d27929188be43ca81b777fbaa37e7ea02819130806a6045a2998d7177edf38c?s=96&d=mm&r=g","contentUrl":"https:\/\/secure.gravatar.com\/avatar\/2d27929188be43ca81b777fbaa37e7ea02819130806a6045a2998d7177edf38c?s=96&d=mm&r=g","caption":"Steffi Dierking"},"url":"https:\/\/www.heinzemedien.de\/author\/dierking\/"}]}},"_links":{"self":[{"href":"https:\/\/www.heinzemedien.de\/heinze-api\/wp\/v2\/posts\/6025","targetHints":{"allow":["GET"]}}],"collection":[{"href":"https:\/\/www.heinzemedien.de\/heinze-api\/wp\/v2\/posts"}],"about":[{"href":"https:\/\/www.heinzemedien.de\/heinze-api\/wp\/v2\/types\/post"}],"author":[{"embeddable":true,"href":"https:\/\/www.heinzemedien.de\/heinze-api\/wp\/v2\/users\/967"}],"replies":[{"embeddable":true,"href":"https:\/\/www.heinzemedien.de\/heinze-api\/wp\/v2\/comments?post=6025"}],"version-history":[{"count":6,"href":"https:\/\/www.heinzemedien.de\/heinze-api\/wp\/v2\/posts\/6025\/revisions"}],"predecessor-version":[{"id":6034,"href":"https:\/\/www.heinzemedien.de\/heinze-api\/wp\/v2\/posts\/6025\/revisions\/6034"}],"wp:featuredmedia":[{"embeddable":true,"href":"https:\/\/www.heinzemedien.de\/heinze-api\/wp\/v2\/media\/6035"}],"wp:attachment":[{"href":"https:\/\/www.heinzemedien.de\/heinze-api\/wp\/v2\/media?parent=6025"}],"wp:term":[{"taxonomy":"category","embeddable":true,"href":"https:\/\/www.heinzemedien.de\/heinze-api\/wp\/v2\/categories?post=6025"},{"taxonomy":"post_tag","embeddable":true,"href":"https:\/\/www.heinzemedien.de\/heinze-api\/wp\/v2\/tags?post=6025"}],"curies":[{"name":"wp","href":"https:\/\/api.w.org\/{rel}","templated":true}]}}