{"id":5988,"date":"2026-01-21T09:40:08","date_gmt":"2026-01-21T08:40:08","guid":{"rendered":"https:\/\/www.heinzemedien.de\/?p=5988"},"modified":"2026-01-21T12:41:03","modified_gmt":"2026-01-21T11:41:03","slug":"schrumpfende-bevoelkerung-alternde-gesellschaft","status":"publish","type":"post","link":"https:\/\/www.heinzemedien.de\/schrumpfende-bevoelkerung-alternde-gesellschaft\/","title":{"rendered":"Schrumpfende Bev\u00f6lkerung, alternde Gesellschaft"},"content":{"rendered":"<div class=\"editor-fullwidth fullwidth-box editor-builder-row-1 nonhundred-percent-fullwidth non-hundred-percent-height-scrolling\" style=\"--awb-border-radius-top-left:0px;--awb-border-radius-top-right:0px;--awb-border-radius-bottom-right:0px;--awb-border-radius-bottom-left:0px;--awb-padding-top:70px;--awb-padding-bottom:70px;--awb-margin-top:1px;--awb-background-color:#ffffff;--awb-flex-wrap:wrap;\" ><div class=\"editor-builder-row editor-row\"><div class=\"editor-layout-column editor_builder_column editor-builder-column-0 editor_builder_column_1_6 1_6 editor-one-sixth editor-column-first editor-no-small-visibility editor-no-medium-visibility\" style=\"--awb-bg-size:cover;width:16.666666666667%;width:calc(16.666666666667% - ( ( 4% + 4% ) * 0.16666666666667 ) );margin-right: 4%;\"><div class=\"editor-column-wrapper editor-column-has-shadow editor-flex-column-wrapper-legacy\"><div class=\"editor-clearfix\"><\/div><\/div><\/div><div class=\"editor-layout-column editor_builder_column editor-builder-column-1 editor_builder_column_2_3 2_3 editor-two-third mediumFullSizeColumn\" style=\"--awb-bg-size:cover;width:66.666666666667%;width:calc(66.666666666667% - ( ( 4% + 4% ) * 0.66666666666667 ) );margin-right: 4%;\"><div class=\"editor-column-wrapper editor-column-has-shadow editor-flex-column-wrapper-legacy\"><div class=\"editor-builder-row editor-builder-row-inner editor-row\"><div class=\"editor-layout-column editor_builder_column_inner editor-builder-nested-column-0 editor_builder_column_inner_2_3 2_3 editor-two-third editor-column-first\" style=\"--awb-padding-bottom:30px;--awb-bg-size:cover;width:66.666666666667%;width:calc(66.666666666667% - ( ( 4% ) * 0.66666666666667 ) );margin-right: 4%;\"><div class=\"editor-column-wrapper editor-column-has-shadow editor-flex-column-wrapper-legacy\"><div class=\"editor-image-element in-legacy-container\" style=\"--awb-caption-title-font-family:var(--h2_typography-font-family);--awb-caption-title-font-weight:var(--h2_typography-font-weight);--awb-caption-title-font-style:var(--h2_typography-font-style);--awb-caption-title-size:var(--h2_typography-font-size);--awb-caption-title-transform:var(--h2_typography-text-transform);--awb-caption-title-line-height:var(--h2_typography-line-height);--awb-caption-title-letter-spacing:var(--h2_typography-letter-spacing);\"><span class=\" editor-imageframe imageframe-none imageframe-1 hover-type-none\"><img decoding=\"async\" width=\"665\" height=\"375\" title=\"bdo_news_665x375px_bau\" src=\"https:\/\/www.heinzemedien.de\/data\/uploads\/2026\/01\/bdo_news_665x375px_bau.png\" data-orig-src=\"https:\/\/www.heinzemedien.de\/data\/uploads\/2026\/01\/bdo_news_665x375px_bau.png\" alt class=\"lazyload img-responsive hz-image-5994\" srcset=\"data:image\/svg+xml,%3Csvg%20xmlns%3D%27http%3A%2F%2Fwww.w3.org%2F2000%2Fsvg%27%20width%3D%27665%27%20height%3D%27375%27%20viewBox%3D%270%200%20665%20375%27%3E%3Crect%20width%3D%27665%27%20height%3D%27375%27%20fill-opacity%3D%220%22%2F%3E%3C%2Fsvg%3E\" data-srcset=\"https:\/\/www.heinzemedien.de\/data\/uploads\/2026\/01\/bdo_news_665x375px_bau-200x113.png 200w, https:\/\/www.heinzemedien.de\/data\/uploads\/2026\/01\/bdo_news_665x375px_bau-400x226.png 400w, https:\/\/www.heinzemedien.de\/data\/uploads\/2026\/01\/bdo_news_665x375px_bau-600x338.png 600w, https:\/\/www.heinzemedien.de\/data\/uploads\/2026\/01\/bdo_news_665x375px_bau.png 665w\" data-sizes=\"auto\" data-orig-sizes=\"(max-width: 768px) 100vw, 665px\" \/><\/span><\/div><div class=\"editor-sep-clear\"><\/div><div class=\"editor-separator editor-full-width-sep\" style=\"margin-left: auto;margin-right: auto;margin-top:20px;margin-bottom:20px;width:100%;\"><\/div><div class=\"editor-sep-clear\"><\/div><div class=\"editor-text editor-text-1\" style=\"--awb-text-transform:none;\"><h4>Was die Bauwirtschaft jetzt neu bewerten muss<\/h4>\n<\/div><div class=\"editor-text editor-text-2\"><p>Die Heinze Marktforschung bringt seit \u00fcber zwei Jahrzehnten zum Jahresende ihre Mittelfristprognose \u00fcber die zuk\u00fcnftige Entwicklung der Bauwirtschaft heraus. Sie richtet sich an Entscheider von Bauproduktherstellern, die Investitionen planen, Kapazit\u00e4ten steuern oder strategische Weichenstellungen vorbereiten m\u00fcssen. Die aktuelle Prognose f\u00fcr den Zeitraum 2025 bis 2030 zeigt tiefgreifende strukturelle Umbr\u00fcche. Diese zwingen die Bauwirtschaft, g\u00e4ngige Annahmen kritisch zu hinterfragen.<\/p>\n<\/div><div class=\"editor-text editor-text-3\"><p><strong>Die neue demografische Realit\u00e4t<\/strong><br \/>\nDie 16. koordinierte Bev\u00f6lkerungsvorausberechnung des Statistischen Bundesamtes zeigt klar und deutlich: Deutschlands Bev\u00f6lkerung schrumpft und altert schneller als bisher angenommen. Selbst unter optimistischen Annahmen zur Nettozuwanderung ist ein sp\u00fcrbarer R\u00fcckgang der Bev\u00f6lkerungsentwicklung zu erwarten. Vor allem verschiebt sich die Altersstruktur massiv.<br \/>\nF\u00fcr die Bauwirtschaft ist das kein Randthema. Demografie ist kein abstrakter Hintergrundfaktor, sondern eine der zentralen Determinanten von Wohnungsnachfrage, Baut\u00e4tigkeit und Investitionsentscheidungen.<\/p>\n<\/div><div class=\"editor-text editor-text-4\"><p><strong>Die Rahmenbedingungen f\u00fcr den Baumarkt haben sich ge\u00e4ndert<br \/>\n<\/strong>In der \u00f6ffentlichen Debatte wird weiterhin der strukturelle Wohnungsmangel betont. Diese Sichtweise ist jedoch nicht mehr zeitgem\u00e4\u00df. Die Wohnungsnachfrage ist keine statische Gr\u00f6\u00dfe \u2013 sie h\u00e4ngt unmittelbar davon ab, wer in diesem Land lebt, wie alt diese Menschen sind und wie sie wohnen wollen oder k\u00f6nnen.<br \/>\nDie demografische Entwicklung ver\u00e4ndert die Rahmenbedingungen des Baumarktes grundlegend. Es ist klar: Haushaltsgr\u00fcndungen verlangsamen sich, und die Nachfrage verschiebt sich vom quantitativen Neubau hin zur qualitativen Anpassung des Bestands.<br \/>\nDie neue Bev\u00f6lkerungsprognose zeigt klar: Diese Pr\u00e4missen m\u00fcssen \u00fcberpr\u00fcft werden. Pauschale Bedarfszahlen f\u00fcr &#8222;Deutschland insgesamt&#8220; sind nicht aussagekr\u00e4ftig. Die altersstrukturelle Differenzierung ist der entscheidende Faktor.<\/p>\n<p><strong>Risiken und Chancen f\u00fcr Bauprodukthersteller<br \/>\n<\/strong>Die Risiken sind eindeutig: \u00dcberkapazit\u00e4ten, Fehlinvestitionen in falsche Produktsegmente und eine \u00dcbersch\u00e4tzung des Neubaupotenzials.<\/p>\n<p><strong>Anpassung der Prognosemodelle<br \/>\n<\/strong>Die Heinze Marktforschung hat die Prognosemodelle in ihrer aktuellen Mittelfristprognose daraufhin bereits angepasst. Demografische Szenarien wurden aktualisiert, Alterskohorten differenziert ausgewertet und mit Bautypologien sowie Nutzungsarten verkn\u00fcpft.<br \/>\nEs ist entscheidend zu wissen, welche Altersgruppen f\u00fcr den Neubau und die Modernisierung besonders relevant sind und wie sich diese k\u00fcnftig entwickeln werden. Dargestellt wird, wie sich Genehmigungen, Fertigstellungen und das Bauvolumen in den n\u00e4chsten f\u00fcnf Jahren ver\u00e4ndern. Analysiert wurde der gesamte Wohn- und Nichtwohnbau einschlie\u00dflich der Untersegmente.<\/p>\n<\/div><div class=\"editor-image-element in-legacy-container\" style=\"--awb-caption-title-font-family:var(--h2_typography-font-family);--awb-caption-title-font-weight:var(--h2_typography-font-weight);--awb-caption-title-font-style:var(--h2_typography-font-style);--awb-caption-title-size:var(--h2_typography-font-size);--awb-caption-title-transform:var(--h2_typography-text-transform);--awb-caption-title-line-height:var(--h2_typography-line-height);--awb-caption-title-letter-spacing:var(--h2_typography-letter-spacing);\"><span class=\" editor-imageframe imageframe-none imageframe-2 hover-type-none\"><img decoding=\"async\" width=\"665\" height=\"375\" title=\"mittelfristprognose_abbildung_png665x375\" src=\"https:\/\/www.heinzemedien.de\/data\/uploads\/2026\/01\/mittelfristprognose_abbildung_png665x375.png\" data-orig-src=\"https:\/\/www.heinzemedien.de\/data\/uploads\/2026\/01\/mittelfristprognose_abbildung_png665x375.png\" alt class=\"lazyload img-responsive hz-image-6012\" srcset=\"data:image\/svg+xml,%3Csvg%20xmlns%3D%27http%3A%2F%2Fwww.w3.org%2F2000%2Fsvg%27%20width%3D%27665%27%20height%3D%27375%27%20viewBox%3D%270%200%20665%20375%27%3E%3Crect%20width%3D%27665%27%20height%3D%27375%27%20fill-opacity%3D%220%22%2F%3E%3C%2Fsvg%3E\" data-srcset=\"https:\/\/www.heinzemedien.de\/data\/uploads\/2026\/01\/mittelfristprognose_abbildung_png665x375-200x113.png 200w, https:\/\/www.heinzemedien.de\/data\/uploads\/2026\/01\/mittelfristprognose_abbildung_png665x375-400x226.png 400w, https:\/\/www.heinzemedien.de\/data\/uploads\/2026\/01\/mittelfristprognose_abbildung_png665x375-600x338.png 600w, https:\/\/www.heinzemedien.de\/data\/uploads\/2026\/01\/mittelfristprognose_abbildung_png665x375.png 665w\" data-sizes=\"auto\" data-orig-sizes=\"(max-width: 768px) 100vw, 665px\" \/><\/span><\/div><div class=\"editor-text editor-text-5\"><p><strong><br \/>\nKontakt:<\/strong><br \/>\nWeitere Informationen zur Detailtiefe der Mittelfristprognose 2025-2030 oder zu Preisen k\u00f6nnen angefordert werden unter<br \/>\n<a href=\"mailto:marktforschung@heinze.de\" target=\"_blank\" rel=\"noopener\">marktforschung@heinze.de<\/a> oder telefonisch unter 05141 50121.<\/p>\n<\/div><div class=\"editor-sep-clear\"><\/div><div class=\"editor-separator editor-full-width-sep\" style=\"margin-left: auto;margin-right: auto;margin-top:20px;margin-bottom:20px;width:100%;\"><\/div><div class=\"editor-sep-clear\"><\/div><div class=\"editor-button-wrapper\"><a class=\"editor-button button-flat editor-button-default-size button-default editor-button-default button-1 editor-button-default-span editor-button-default-type\" target=\"_self\" href=\"https:\/\/www.heinzemedien.de\/data\/uploads\/2026\/01\/PM_Mittelfristprognose-2025-2023-fuer-die-Bauwirtschaft_Heinze-Marktforschung.zip\"><span class=\"editor-button-text awb-button__text awb-button__text--default\">Download Pressekit<\/span><\/a><\/div><div class=\"editor-clearfix\"><\/div><\/div><\/div><div class=\"editor-layout-column editor_builder_column_inner editor-builder-nested-column-1 editor_builder_column_inner_1_3 1_3 editor-one-third editor-column-last cssNewsAside\" style=\"--awb-padding-top:30px;--awb-padding-right:30px;--awb-padding-bottom:30px;--awb-padding-left:30px;--awb-bg-color:#f2f4f5;--awb-bg-color-hover:#f2f4f5;--awb-bg-size:cover;width:33.333333333333%;width:calc(33.333333333333% - ( ( 4% ) * 0.33333333333333 ) );\"><div class=\"editor-column-wrapper editor-column-has-shadow editor-flex-column-wrapper-legacy\"><div class=\"editor-title title editor-title-1 editor-sep-none editor-title-text editor-title-size-one\" style=\"--awb-margin-top-small:0px;--awb-margin-right-small:0px;--awb-margin-bottom-small:20px;--awb-margin-left-small:0px;\"><h1 class=\"editor-title-heading title-heading-left editor-responsive-typography-calculated\" style=\"margin:0;--fontSize:45;line-height:1.3;\"><h4 class=\"cssMainHeadline editor-responsive-typography-calculated\" data-fontsize=\"45\" data-lineheight=\"58.5px\">Weitere Neuigkeiten<\/h4><\/h1><\/div><div class=\"editor-blog-shortcode editor-blog-shortcode-1 editor-blog-archive editor-blog-layout-grid-wrapper editor-blog-infinite editor-blog-no-images\" style=\"--grid_separator_color:#d7dce0;\"><style type=\"text\/css\">.editor-blog-shortcode-1 .editor-blog-layout-grid .editor-post-grid{padding:20px;}.editor-blog-shortcode-1 .editor-posts-container{margin-left: -20px !important; margin-right:-20px !important;}<\/style><div class=\"editor-posts-container editor-posts-container-infinite editor-posts-container-load-more editor-blog-layout-grid editor-blog-layout-grid-1 isotope\" data-pages=\"30\" data-grid-col-space=\"40\" style=\"margin: -20px -20px 0;min-height:500px;\"><article id=\"blog-1-post-6157\" class=\"editor-post-grid post-6157 post type-post status-publish format-standard has-post-thumbnail hentry category-heinze category-marktforschung category-pressemeldung\">\n<div class=\"editor-post-wrapper\" style=\"background-color:rgba(242,244,245,1);border:1px solid #f2f4f5;border-bottom-width:3px;\"><div class=\"editor-post-content-wrapper\" style=\"padding:10px 10px 10px 10px;\"><div class=\"editor-post-content post-content\"><h2 class=\"blog-shortcode-post-title entry-title\"><a href=\"https:\/\/www.heinzemedien.de\/studie-informationsverhalten-von-architektinnen-und-planenden\/\">Studie: Informationsverhalten von Architekt:innen und Planenden<\/a><\/h2><p class=\"editor-single-line-meta\"><span>21.04.2026<\/span><span class=\"editor-inline-sep\">|<\/span><\/p><\/div><\/div><div class=\"editor-clearfix\"><\/div><\/div>\n<\/article>\n<article id=\"blog-1-post-6143\" class=\"editor-post-grid post-6143 post type-post status-publish format-standard has-post-thumbnail hentry category-heinze category-marktforschung category-pressemeldung\">\n<div class=\"editor-post-wrapper\" style=\"background-color:rgba(242,244,245,1);border:1px solid #f2f4f5;border-bottom-width:3px;\"><div class=\"editor-post-content-wrapper\" style=\"padding:10px 10px 10px 10px;\"><div class=\"editor-post-content post-content\"><h2 class=\"blog-shortcode-post-title entry-title\"><a href=\"https:\/\/www.heinzemedien.de\/was-haben-kinderwagen-mit-baugenehmigungen-zu-tun\/\">Was haben Kinderwagen mit Baugenehmigungen zu tun?<\/a><\/h2><p class=\"editor-single-line-meta\"><span>19.03.2026<\/span><span class=\"editor-inline-sep\">|<\/span><\/p><\/div><\/div><div class=\"editor-clearfix\"><\/div><\/div>\n<\/article>\n<article id=\"blog-1-post-6114\" class=\"editor-post-grid post-6114 post type-post status-publish format-standard has-post-thumbnail hentry category-events category-heinze category-pressemeldung\">\n<div class=\"editor-post-wrapper\" style=\"background-color:rgba(242,244,245,1);border:1px solid #f2f4f5;border-bottom-width:3px;\"><div class=\"editor-post-content-wrapper\" style=\"padding:10px 10px 10px 10px;\"><div class=\"editor-post-content post-content\"><h2 class=\"blog-shortcode-post-title entry-title\"><a href=\"https:\/\/www.heinzemedien.de\/heinze-architektour-2026-ab-juni-mit-realisierter-architektur\/\">Heinze ArchitekTOUR 2026 ab Juni mit realisierter Architektur<\/a><\/h2><p class=\"editor-single-line-meta\"><span>25.02.2026<\/span><span class=\"editor-inline-sep\">|<\/span><\/p><\/div><\/div><div class=\"editor-clearfix\"><\/div><\/div>\n<\/article>\n<article id=\"blog-1-post-6104\" class=\"editor-post-grid post-6104 post type-post status-publish format-standard has-post-thumbnail hentry category-events category-heinze category-pressemeldung\">\n<div class=\"editor-post-wrapper\" style=\"background-color:rgba(242,244,245,1);border:1px solid #f2f4f5;border-bottom-width:3px;\"><div class=\"editor-post-content-wrapper\" style=\"padding:10px 10px 10px 10px;\"><div class=\"editor-post-content post-content\"><h2 class=\"blog-shortcode-post-title entry-title\"><a href=\"https:\/\/www.heinzemedien.de\/digitalbau-koeln-heinze-laedt-zum-exklusiven-architects-run-ein\/\">digitalBAU K\u00f6ln: Heinze l\u00e4dt zum exklusiven Architects\u2019 Run ein<\/a><\/h2><p class=\"editor-single-line-meta\"><span>24.02.2026<\/span><span class=\"editor-inline-sep\">|<\/span><\/p><\/div><\/div><div class=\"editor-clearfix\"><\/div><\/div>\n<\/article>\n<article id=\"blog-1-post-6070\" class=\"editor-post-grid post-6070 post type-post status-publish format-standard has-post-thumbnail hentry category-events category-heinze category-pressemeldung\">\n<div class=\"editor-post-wrapper\" style=\"background-color:rgba(242,244,245,1);border:1px solid #f2f4f5;border-bottom-width:3px;\"><div class=\"editor-post-content-wrapper\" style=\"padding:10px 10px 10px 10px;\"><div class=\"editor-post-content post-content\"><h2 class=\"blog-shortcode-post-title entry-title\"><a href=\"https:\/\/www.heinzemedien.de\/bauwende-heinze-architekturaward-2026-gestartet\/\">Bauwende: Heinze ArchitekturAWARD 2026 gestartet<\/a><\/h2><p class=\"editor-single-line-meta\"><span>12.02.2026<\/span><span class=\"editor-inline-sep\">|<\/span><\/p><\/div><\/div><div class=\"editor-clearfix\"><\/div><\/div>\n<\/article>\n<div class=\"editor-clearfix\"><\/div><\/div><div class=\"editor-infinite-scroll-trigger\"><\/div><div class=\"pagination infinite-scroll clearfix\" style=\"display:none;\"><span class=\"current\">1<\/span><a href=\"https:\/\/www.heinzemedien.de\/heinze-api\/wp\/v2\/posts\/5988\/page\/2\/\" class=\"inactive\">2<\/a><a class=\"pagination-next\" rel=\"next\" href=\"https:\/\/www.heinzemedien.de\/heinze-api\/wp\/v2\/posts\/5988\/page\/2\/\"><span class=\"page-text\">Vor<\/span><span class=\"page-next\"><\/span><\/a><\/div><div class=\"editor-clearfix\"><\/div><button class=\"editor-load-more-button editor-blog-button editor-clearfix\">Mehr Beitr\u00e4ge laden<\/button><\/div><div class=\"editor-clearfix\"><\/div><\/div><\/div><\/div><div class=\"editor-clearfix\"><\/div><\/div><\/div><div class=\"editor-layout-column editor_builder_column editor-builder-column-2 editor_builder_column_1_6 1_6 editor-one-sixth editor-column-last editor-no-small-visibility editor-no-medium-visibility\" style=\"--awb-bg-size:cover;width:16.666666666667%;width:calc(16.666666666667% - ( ( 4% + 4% ) * 0.16666666666667 ) );\"><div class=\"editor-column-wrapper editor-column-has-shadow editor-flex-column-wrapper-legacy\"><div class=\"editor-clearfix\"><\/div><\/div><\/div><\/div><\/div>\n","protected":false},"excerpt":{"rendered":"","protected":false},"author":967,"featured_media":6013,"comment_status":"closed","ping_status":"closed","sticky":false,"template":"","format":"standard","meta":{"footnotes":""},"categories":[74,24,67],"tags":[],"class_list":["post-5988","post","type-post","status-publish","format-standard","has-post-thumbnail","hentry","category-heinze","category-marktforschung","category-pressemeldung"],"seo_head":"<!-- This site is optimized with the Yoast SEO plugin v27.2 - https:\/\/yoast.com\/product\/yoast-seo-wordpress\/ -->\n<title>Schrumpfende Bev\u00f6lkerung, alternde Gesellschaft - Heinze - Your Networking Company<\/title>\n<meta name=\"description\" content=\"Die Heinze Marktforschung empfiehlt f\u00fcr den Zeitraum 2025 bis 2030 g\u00e4ngige Annahmen durch die Bauwirtschaft kritisch zu hinterfragen.\" \/>\n<meta name=\"robots\" content=\"index, follow, max-snippet:-1, max-image-preview:large, max-video-preview:-1\" \/>\n<link rel=\"canonical\" href=\"https:\/\/www.heinzemedien.de\/schrumpfende-bevoelkerung-alternde-gesellschaft\/\" \/>\n<meta property=\"og:locale\" content=\"de_DE\" \/>\n<meta property=\"og:type\" content=\"article\" \/>\n<meta property=\"og:title\" content=\"Schrumpfende Bev\u00f6lkerung, alternde Gesellschaft - Heinze - Your Networking Company\" \/>\n<meta property=\"og:description\" content=\"Die Heinze Marktforschung empfiehlt f\u00fcr den Zeitraum 2025 bis 2030 g\u00e4ngige Annahmen durch die Bauwirtschaft kritisch zu hinterfragen.\" \/>\n<meta property=\"og:url\" content=\"https:\/\/www.heinzemedien.de\/schrumpfende-bevoelkerung-alternde-gesellschaft\/\" \/>\n<meta property=\"og:site_name\" content=\"Heinze - Your Networking Company\" \/>\n<meta property=\"article:published_time\" content=\"2026-01-21T08:40:08+00:00\" \/>\n<meta property=\"article:modified_time\" content=\"2026-01-21T11:41:03+00:00\" \/>\n<meta property=\"og:image\" content=\"https:\/\/www.heinzemedien.de\/data\/uploads\/2026\/01\/mittelfristprognose_abbildung_png665x225.png\" \/>\n\t<meta property=\"og:image:width\" content=\"665\" \/>\n\t<meta property=\"og:image:height\" content=\"225\" \/>\n\t<meta property=\"og:image:type\" content=\"image\/png\" \/>\n<meta name=\"author\" content=\"Steffi Dierking\" \/>\n<meta name=\"twitter:card\" content=\"summary_large_image\" \/>\n<meta name=\"twitter:label1\" content=\"Verfasst von\" \/>\n\t<meta name=\"twitter:data1\" content=\"Steffi Dierking\" \/>\n\t<meta name=\"twitter:label2\" content=\"Gesch\u00e4tzte Lesezeit\" \/>\n\t<meta name=\"twitter:data2\" content=\"3\u00a0Minuten\" \/>\n<script type=\"application\/ld+json\" class=\"seo-schema-graph\">{\"@context\":\"https:\/\/schema.org\",\"@graph\":[{\"@type\":\"Article\",\"@id\":\"https:\/\/www.heinzemedien.de\/schrumpfende-bevoelkerung-alternde-gesellschaft\/#article\",\"isPartOf\":{\"@id\":\"https:\/\/www.heinzemedien.de\/schrumpfende-bevoelkerung-alternde-gesellschaft\/\"},\"author\":{\"name\":\"Steffi Dierking\",\"@id\":\"https:\/\/www.heinzemedien.de\/#\/schema\/person\/75685e4bfe37871a38678a00b5def632\"},\"headline\":\"Schrumpfende Bev\u00f6lkerung, alternde Gesellschaft\",\"datePublished\":\"2026-01-21T08:40:08+00:00\",\"dateModified\":\"2026-01-21T11:41:03+00:00\",\"mainEntityOfPage\":{\"@id\":\"https:\/\/www.heinzemedien.de\/schrumpfende-bevoelkerung-alternde-gesellschaft\/\"},\"wordCount\":3351,\"publisher\":{\"@id\":\"https:\/\/www.heinzemedien.de\/#organization\"},\"image\":{\"@id\":\"https:\/\/www.heinzemedien.de\/schrumpfende-bevoelkerung-alternde-gesellschaft\/#primaryimage\"},\"thumbnailUrl\":\"https:\/\/www.heinzemedien.de\/data\/uploads\/2026\/01\/mittelfristprognose_abbildung_png665x225.png\",\"articleSection\":[\"Heinze\",\"Marktforschung\",\"Pressemeldung\"],\"inLanguage\":\"de\"},{\"@type\":\"WebPage\",\"@id\":\"https:\/\/www.heinzemedien.de\/schrumpfende-bevoelkerung-alternde-gesellschaft\/\",\"url\":\"https:\/\/www.heinzemedien.de\/schrumpfende-bevoelkerung-alternde-gesellschaft\/\",\"name\":\"Schrumpfende Bev\u00f6lkerung, alternde Gesellschaft - Heinze - Your Networking Company\",\"isPartOf\":{\"@id\":\"https:\/\/www.heinzemedien.de\/#website\"},\"primaryImageOfPage\":{\"@id\":\"https:\/\/www.heinzemedien.de\/schrumpfende-bevoelkerung-alternde-gesellschaft\/#primaryimage\"},\"image\":{\"@id\":\"https:\/\/www.heinzemedien.de\/schrumpfende-bevoelkerung-alternde-gesellschaft\/#primaryimage\"},\"thumbnailUrl\":\"https:\/\/www.heinzemedien.de\/data\/uploads\/2026\/01\/mittelfristprognose_abbildung_png665x225.png\",\"datePublished\":\"2026-01-21T08:40:08+00:00\",\"dateModified\":\"2026-01-21T11:41:03+00:00\",\"description\":\"Die Heinze Marktforschung empfiehlt f\u00fcr den Zeitraum 2025 bis 2030 g\u00e4ngige Annahmen durch die Bauwirtschaft kritisch zu hinterfragen.\",\"breadcrumb\":{\"@id\":\"https:\/\/www.heinzemedien.de\/schrumpfende-bevoelkerung-alternde-gesellschaft\/#breadcrumb\"},\"inLanguage\":\"de\",\"potentialAction\":[{\"@type\":\"ReadAction\",\"target\":[\"https:\/\/www.heinzemedien.de\/schrumpfende-bevoelkerung-alternde-gesellschaft\/\"]}]},{\"@type\":\"ImageObject\",\"inLanguage\":\"de\",\"@id\":\"https:\/\/www.heinzemedien.de\/schrumpfende-bevoelkerung-alternde-gesellschaft\/#primaryimage\",\"url\":\"https:\/\/www.heinzemedien.de\/data\/uploads\/2026\/01\/mittelfristprognose_abbildung_png665x225.png\",\"contentUrl\":\"https:\/\/www.heinzemedien.de\/data\/uploads\/2026\/01\/mittelfristprognose_abbildung_png665x225.png\",\"width\":665,\"height\":225},{\"@type\":\"BreadcrumbList\",\"@id\":\"https:\/\/www.heinzemedien.de\/schrumpfende-bevoelkerung-alternde-gesellschaft\/#breadcrumb\",\"itemListElement\":[{\"@type\":\"ListItem\",\"position\":1,\"name\":\"Startseite\",\"item\":\"https:\/\/www.heinzemedien.de\/\"},{\"@type\":\"ListItem\",\"position\":2,\"name\":\"Schrumpfende Bev\u00f6lkerung, alternde Gesellschaft\"}]},{\"@type\":\"WebSite\",\"@id\":\"https:\/\/www.heinzemedien.de\/#website\",\"url\":\"https:\/\/www.heinzemedien.de\/\",\"name\":\"Heinze - Your Networking Company\",\"description\":\"\",\"publisher\":{\"@id\":\"https:\/\/www.heinzemedien.de\/#organization\"},\"potentialAction\":[{\"@type\":\"SearchAction\",\"target\":{\"@type\":\"EntryPoint\",\"urlTemplate\":\"https:\/\/www.heinzemedien.de\/?s={search_term_string}\"},\"query-input\":{\"@type\":\"PropertyValueSpecification\",\"valueRequired\":true,\"valueName\":\"search_term_string\"}}],\"inLanguage\":\"de\"},{\"@type\":\"Organization\",\"@id\":\"https:\/\/www.heinzemedien.de\/#organization\",\"name\":\"Heinze GmbH\",\"url\":\"https:\/\/www.heinzemedien.de\/\",\"logo\":{\"@type\":\"ImageObject\",\"inLanguage\":\"de\",\"@id\":\"https:\/\/www.heinzemedien.de\/#\/schema\/logo\/image\/\",\"url\":\"\",\"contentUrl\":\"\",\"caption\":\"Heinze GmbH\"},\"image\":{\"@id\":\"https:\/\/www.heinzemedien.de\/#\/schema\/logo\/image\/\"}},{\"@type\":\"Person\",\"@id\":\"https:\/\/www.heinzemedien.de\/#\/schema\/person\/75685e4bfe37871a38678a00b5def632\",\"name\":\"Steffi Dierking\",\"image\":{\"@type\":\"ImageObject\",\"inLanguage\":\"de\",\"@id\":\"https:\/\/secure.gravatar.com\/avatar\/2d27929188be43ca81b777fbaa37e7ea02819130806a6045a2998d7177edf38c?s=96&d=mm&r=g\",\"url\":\"https:\/\/secure.gravatar.com\/avatar\/2d27929188be43ca81b777fbaa37e7ea02819130806a6045a2998d7177edf38c?s=96&d=mm&r=g\",\"contentUrl\":\"https:\/\/secure.gravatar.com\/avatar\/2d27929188be43ca81b777fbaa37e7ea02819130806a6045a2998d7177edf38c?s=96&d=mm&r=g\",\"caption\":\"Steffi Dierking\"},\"url\":\"https:\/\/www.heinzemedien.de\/author\/dierking\/\"}]}<\/script>\n<!-- \/ Yoast SEO plugin. -->","seo_head_json":{"title":"Schrumpfende Bev\u00f6lkerung, alternde Gesellschaft - Heinze - Your Networking Company","description":"Die Heinze Marktforschung empfiehlt f\u00fcr den Zeitraum 2025 bis 2030 g\u00e4ngige Annahmen durch die Bauwirtschaft kritisch zu hinterfragen.","robots":{"index":"index","follow":"follow","max-snippet":"max-snippet:-1","max-image-preview":"max-image-preview:large","max-video-preview":"max-video-preview:-1"},"canonical":"https:\/\/www.heinzemedien.de\/schrumpfende-bevoelkerung-alternde-gesellschaft\/","og_locale":"de_DE","og_type":"article","og_title":"Schrumpfende Bev\u00f6lkerung, alternde Gesellschaft - Heinze - Your Networking Company","og_description":"Die Heinze Marktforschung empfiehlt f\u00fcr den Zeitraum 2025 bis 2030 g\u00e4ngige Annahmen durch die Bauwirtschaft kritisch zu hinterfragen.","og_url":"https:\/\/www.heinzemedien.de\/schrumpfende-bevoelkerung-alternde-gesellschaft\/","og_site_name":"Heinze - Your Networking Company","article_published_time":"2026-01-21T08:40:08+00:00","article_modified_time":"2026-01-21T11:41:03+00:00","og_image":[{"width":665,"height":225,"url":"https:\/\/www.heinzemedien.de\/data\/uploads\/2026\/01\/mittelfristprognose_abbildung_png665x225.png","type":"image\/png"}],"author":"Steffi Dierking","twitter_card":"summary_large_image","twitter_misc":{"Verfasst von":"Steffi Dierking","Gesch\u00e4tzte Lesezeit":"3\u00a0Minuten"},"schema":{"@context":"https:\/\/schema.org","@graph":[{"@type":"Article","@id":"https:\/\/www.heinzemedien.de\/schrumpfende-bevoelkerung-alternde-gesellschaft\/#article","isPartOf":{"@id":"https:\/\/www.heinzemedien.de\/schrumpfende-bevoelkerung-alternde-gesellschaft\/"},"author":{"name":"Steffi Dierking","@id":"https:\/\/www.heinzemedien.de\/#\/schema\/person\/75685e4bfe37871a38678a00b5def632"},"headline":"Schrumpfende Bev\u00f6lkerung, alternde Gesellschaft","datePublished":"2026-01-21T08:40:08+00:00","dateModified":"2026-01-21T11:41:03+00:00","mainEntityOfPage":{"@id":"https:\/\/www.heinzemedien.de\/schrumpfende-bevoelkerung-alternde-gesellschaft\/"},"wordCount":3351,"publisher":{"@id":"https:\/\/www.heinzemedien.de\/#organization"},"image":{"@id":"https:\/\/www.heinzemedien.de\/schrumpfende-bevoelkerung-alternde-gesellschaft\/#primaryimage"},"thumbnailUrl":"https:\/\/www.heinzemedien.de\/data\/uploads\/2026\/01\/mittelfristprognose_abbildung_png665x225.png","articleSection":["Heinze","Marktforschung","Pressemeldung"],"inLanguage":"de"},{"@type":"WebPage","@id":"https:\/\/www.heinzemedien.de\/schrumpfende-bevoelkerung-alternde-gesellschaft\/","url":"https:\/\/www.heinzemedien.de\/schrumpfende-bevoelkerung-alternde-gesellschaft\/","name":"Schrumpfende Bev\u00f6lkerung, alternde Gesellschaft - Heinze - Your Networking Company","isPartOf":{"@id":"https:\/\/www.heinzemedien.de\/#website"},"primaryImageOfPage":{"@id":"https:\/\/www.heinzemedien.de\/schrumpfende-bevoelkerung-alternde-gesellschaft\/#primaryimage"},"image":{"@id":"https:\/\/www.heinzemedien.de\/schrumpfende-bevoelkerung-alternde-gesellschaft\/#primaryimage"},"thumbnailUrl":"https:\/\/www.heinzemedien.de\/data\/uploads\/2026\/01\/mittelfristprognose_abbildung_png665x225.png","datePublished":"2026-01-21T08:40:08+00:00","dateModified":"2026-01-21T11:41:03+00:00","description":"Die Heinze Marktforschung empfiehlt f\u00fcr den Zeitraum 2025 bis 2030 g\u00e4ngige Annahmen durch die Bauwirtschaft kritisch zu hinterfragen.","breadcrumb":{"@id":"https:\/\/www.heinzemedien.de\/schrumpfende-bevoelkerung-alternde-gesellschaft\/#breadcrumb"},"inLanguage":"de","potentialAction":[{"@type":"ReadAction","target":["https:\/\/www.heinzemedien.de\/schrumpfende-bevoelkerung-alternde-gesellschaft\/"]}]},{"@type":"ImageObject","inLanguage":"de","@id":"https:\/\/www.heinzemedien.de\/schrumpfende-bevoelkerung-alternde-gesellschaft\/#primaryimage","url":"https:\/\/www.heinzemedien.de\/data\/uploads\/2026\/01\/mittelfristprognose_abbildung_png665x225.png","contentUrl":"https:\/\/www.heinzemedien.de\/data\/uploads\/2026\/01\/mittelfristprognose_abbildung_png665x225.png","width":665,"height":225},{"@type":"BreadcrumbList","@id":"https:\/\/www.heinzemedien.de\/schrumpfende-bevoelkerung-alternde-gesellschaft\/#breadcrumb","itemListElement":[{"@type":"ListItem","position":1,"name":"Startseite","item":"https:\/\/www.heinzemedien.de\/"},{"@type":"ListItem","position":2,"name":"Schrumpfende Bev\u00f6lkerung, alternde Gesellschaft"}]},{"@type":"WebSite","@id":"https:\/\/www.heinzemedien.de\/#website","url":"https:\/\/www.heinzemedien.de\/","name":"Heinze - Your Networking Company","description":"","publisher":{"@id":"https:\/\/www.heinzemedien.de\/#organization"},"potentialAction":[{"@type":"SearchAction","target":{"@type":"EntryPoint","urlTemplate":"https:\/\/www.heinzemedien.de\/?s={search_term_string}"},"query-input":{"@type":"PropertyValueSpecification","valueRequired":true,"valueName":"search_term_string"}}],"inLanguage":"de"},{"@type":"Organization","@id":"https:\/\/www.heinzemedien.de\/#organization","name":"Heinze GmbH","url":"https:\/\/www.heinzemedien.de\/","logo":{"@type":"ImageObject","inLanguage":"de","@id":"https:\/\/www.heinzemedien.de\/#\/schema\/logo\/image\/","url":"","contentUrl":"","caption":"Heinze GmbH"},"image":{"@id":"https:\/\/www.heinzemedien.de\/#\/schema\/logo\/image\/"}},{"@type":"Person","@id":"https:\/\/www.heinzemedien.de\/#\/schema\/person\/75685e4bfe37871a38678a00b5def632","name":"Steffi Dierking","image":{"@type":"ImageObject","inLanguage":"de","@id":"https:\/\/secure.gravatar.com\/avatar\/2d27929188be43ca81b777fbaa37e7ea02819130806a6045a2998d7177edf38c?s=96&d=mm&r=g","url":"https:\/\/secure.gravatar.com\/avatar\/2d27929188be43ca81b777fbaa37e7ea02819130806a6045a2998d7177edf38c?s=96&d=mm&r=g","contentUrl":"https:\/\/secure.gravatar.com\/avatar\/2d27929188be43ca81b777fbaa37e7ea02819130806a6045a2998d7177edf38c?s=96&d=mm&r=g","caption":"Steffi Dierking"},"url":"https:\/\/www.heinzemedien.de\/author\/dierking\/"}]}},"_links":{"self":[{"href":"https:\/\/www.heinzemedien.de\/heinze-api\/wp\/v2\/posts\/5988","targetHints":{"allow":["GET"]}}],"collection":[{"href":"https:\/\/www.heinzemedien.de\/heinze-api\/wp\/v2\/posts"}],"about":[{"href":"https:\/\/www.heinzemedien.de\/heinze-api\/wp\/v2\/types\/post"}],"author":[{"embeddable":true,"href":"https:\/\/www.heinzemedien.de\/heinze-api\/wp\/v2\/users\/967"}],"replies":[{"embeddable":true,"href":"https:\/\/www.heinzemedien.de\/heinze-api\/wp\/v2\/comments?post=5988"}],"version-history":[{"count":21,"href":"https:\/\/www.heinzemedien.de\/heinze-api\/wp\/v2\/posts\/5988\/revisions"}],"predecessor-version":[{"id":6021,"href":"https:\/\/www.heinzemedien.de\/heinze-api\/wp\/v2\/posts\/5988\/revisions\/6021"}],"wp:featuredmedia":[{"embeddable":true,"href":"https:\/\/www.heinzemedien.de\/heinze-api\/wp\/v2\/media\/6013"}],"wp:attachment":[{"href":"https:\/\/www.heinzemedien.de\/heinze-api\/wp\/v2\/media?parent=5988"}],"wp:term":[{"taxonomy":"category","embeddable":true,"href":"https:\/\/www.heinzemedien.de\/heinze-api\/wp\/v2\/categories?post=5988"},{"taxonomy":"post_tag","embeddable":true,"href":"https:\/\/www.heinzemedien.de\/heinze-api\/wp\/v2\/tags?post=5988"}],"curies":[{"name":"wp","href":"https:\/\/api.w.org\/{rel}","templated":true}]}}