{"id":5646,"date":"2025-08-13T10:47:05","date_gmt":"2025-08-13T08:47:05","guid":{"rendered":"https:\/\/www.heinzemedien.de\/?p=5646"},"modified":"2025-08-13T14:27:30","modified_gmt":"2025-08-13T12:27:30","slug":"am-19-und-20-11-2025-aktiv-die-bauwende-mitgestalten","status":"publish","type":"post","link":"https:\/\/www.heinzemedien.de\/am-19-und-20-11-2025-aktiv-die-bauwende-mitgestalten\/","title":{"rendered":"Auf dem 4. Klimafestival in Berlin aktiv die Bauwende mitgestalten"},"content":{"rendered":"<div class=\"editor-fullwidth fullwidth-box editor-builder-row-1 nonhundred-percent-fullwidth non-hundred-percent-height-scrolling\" style=\"--awb-border-radius-top-left:0px;--awb-border-radius-top-right:0px;--awb-border-radius-bottom-right:0px;--awb-border-radius-bottom-left:0px;--awb-padding-top:70px;--awb-padding-bottom:70px;--awb-margin-top:1px;--awb-background-color:#ffffff;--awb-flex-wrap:wrap;\" ><div class=\"editor-builder-row editor-row\"><div class=\"editor-layout-column editor_builder_column editor-builder-column-0 editor_builder_column_1_6 1_6 editor-one-sixth editor-column-first editor-no-small-visibility editor-no-medium-visibility\" style=\"--awb-bg-size:cover;width:16.666666666667%;width:calc(16.666666666667% - ( ( 4% + 4% ) * 0.16666666666667 ) );margin-right: 4%;\"><div class=\"editor-column-wrapper editor-column-has-shadow editor-flex-column-wrapper-legacy\"><div class=\"editor-clearfix\"><\/div><\/div><\/div><div class=\"editor-layout-column editor_builder_column editor-builder-column-1 editor_builder_column_2_3 2_3 editor-two-third mediumFullSizeColumn\" style=\"--awb-bg-size:cover;width:66.666666666667%;width:calc(66.666666666667% - ( ( 4% + 4% ) * 0.66666666666667 ) );margin-right: 4%;\"><div class=\"editor-column-wrapper editor-column-has-shadow editor-flex-column-wrapper-legacy\"><div class=\"editor-builder-row editor-builder-row-inner editor-row\"><div class=\"editor-layout-column editor_builder_column_inner editor-builder-nested-column-0 editor_builder_column_inner_2_3 2_3 editor-two-third editor-column-first\" style=\"--awb-padding-bottom:30px;--awb-bg-size:cover;width:66.666666666667%;width:calc(66.666666666667% - ( ( 4% ) * 0.66666666666667 ) );margin-right: 4%;\"><div class=\"editor-column-wrapper editor-column-has-shadow editor-flex-column-wrapper-legacy\"><div class=\"editor-image-element in-legacy-container\" style=\"--awb-caption-title-font-family:var(--h2_typography-font-family);--awb-caption-title-font-weight:var(--h2_typography-font-weight);--awb-caption-title-font-style:var(--h2_typography-font-style);--awb-caption-title-size:12px;--awb-caption-title-transform:var(--h2_typography-text-transform);--awb-caption-title-line-height:var(--h2_typography-line-height);--awb-caption-title-letter-spacing:var(--h2_typography-letter-spacing);\"><span class=\" editor-imageframe imageframe-none imageframe-1 hover-type-none\"><img decoding=\"async\" width=\"665\" height=\"375\" title=\"heinze_klimafestival_2024_berlin_2t_hq_0929_665x375\" src=\"https:\/\/www.heinzemedien.de\/data\/uploads\/2025\/08\/heinze_klimafestival_2024_berlin_2t_hq_0929_665x375.jpg\" data-orig-src=\"https:\/\/www.heinzemedien.de\/data\/uploads\/2025\/08\/heinze_klimafestival_2024_berlin_2t_hq_0929_665x375.jpg\" alt class=\"lazyload img-responsive hz-image-5683\" srcset=\"data:image\/svg+xml,%3Csvg%20xmlns%3D%27http%3A%2F%2Fwww.w3.org%2F2000%2Fsvg%27%20width%3D%27665%27%20height%3D%27375%27%20viewBox%3D%270%200%20665%20375%27%3E%3Crect%20width%3D%27665%27%20height%3D%27375%27%20fill-opacity%3D%220%22%2F%3E%3C%2Fsvg%3E\" data-srcset=\"https:\/\/www.heinzemedien.de\/data\/uploads\/2025\/08\/heinze_klimafestival_2024_berlin_2t_hq_0929_665x375-200x113.jpg 200w, https:\/\/www.heinzemedien.de\/data\/uploads\/2025\/08\/heinze_klimafestival_2024_berlin_2t_hq_0929_665x375-400x226.jpg 400w, https:\/\/www.heinzemedien.de\/data\/uploads\/2025\/08\/heinze_klimafestival_2024_berlin_2t_hq_0929_665x375-600x338.jpg 600w, https:\/\/www.heinzemedien.de\/data\/uploads\/2025\/08\/heinze_klimafestival_2024_berlin_2t_hq_0929_665x375.jpg 665w\" data-sizes=\"auto\" data-orig-sizes=\"(max-width: 768px) 100vw, 665px\" \/><\/span><\/div><div class=\"editor-text editor-text-1\" style=\"--awb-text-transform:none;\"><h5><em><br \/>\nAm 19. und 20. November 2025 bringt das Heinze BauNetz Klimafestival f\u00fcr die Bauwende in der STATION Berlin wieder alle zusammen, die den Wandel im Bauwesen vorantreiben \u2013 mit Wissen, Praxis und echter Vernetzung.<\/em><\/h5>\n<p><strong>Zukunft ist Teamarbeit<\/strong><br \/>\nDas Festival ist der Treffpunkt f\u00fcr alle, die nachhaltiges Planen und Bauen gemeinsam gestalten wollen. Ob Architekt:innen, Planer:innen, Forschende, Kommunen, Start-ups oder Studierende: Hier wird Wissen geteilt, debattiert \u2013 und direkt ausprobiert.<\/p>\n<p><strong>R\u00fcckblick: So war das Klimafestival 2024<\/strong><br \/>\nWer im vergangenen Jahr dabei war, erinnert sich an volle Hallen, lebhafte Diskussionen und die besondere Mischung aus Fachwissen und Festivalatmosph\u00e4re. Zwischen inspirierenden Keynotes, intensiven Gespr\u00e4chen an den Dialogst\u00e4nden, Werkb\u00e4nken mit einer Vielfalt an Materialien und Exponaten zum Anfassen und Ausprobieren, sowie interaktiven Breakout-Sessions entstand genau das, wof\u00fcr das Festival steht: Innovationen erleben \u2013 und direkt in Ideen mit neuen Partnerschaften umsetzen.<\/p>\n<\/div><div class=\"awb-gallery-wrapper awb-gallery-wrapper-1 button-span-no\" style=\"--more-btn-alignment:center;\" data-limit=\"10\" data-page=\"1\"><div style=\"margin:-5px;--awb-bordersize:0px;\" class=\"editor-gallery editor-gallery-container editor-grid-2 editor-columns-total-4 editor-gallery-layout-grid editor-gallery-1\"><div style=\"padding:5px;\" class=\"editor-grid-column editor-gallery-column editor-gallery-column-2 hover-type-none\"><div class=\"editor-gallery-image\"><a href=\"https:\/\/www.heinzemedien.de\/data\/uploads\/2025\/08\/heinze_klimafestival_1t_2024_berlin_1600px_-R6II9675_665x375.jpg\" rel=\"noreferrer\" data-rel=\"iLightbox[gallery_image_1]\" class=\"editor-lightbox\" target=\"_self\"><img decoding=\"async\" src=\"https:\/\/www.heinzemedien.de\/data\/uploads\/2025\/08\/heinze_klimafestival_1t_2024_berlin_1600px_-R6II9675_665x375.jpg\" data-orig-src=\"https:\/\/www.heinzemedien.de\/data\/uploads\/2025\/08\/heinze_klimafestival_1t_2024_berlin_1600px_-R6II9675_665x375.jpg\" width=\"665\" height=\"375\" alt=\"\" title=\"heinze_klimafestival_1t_2024_berlin_1600px_-R6II9675_665x375\" aria-label=\"heinze_klimafestival_1t_2024_berlin_1600px_-R6II9675_665x375\" class=\"lazyload img-responsive hz-image-5639\" srcset=\"data:image\/svg+xml,%3Csvg%20xmlns%3D%27http%3A%2F%2Fwww.w3.org%2F2000%2Fsvg%27%20width%3D%27665%27%20height%3D%27375%27%20viewBox%3D%270%200%20665%20375%27%3E%3Crect%20width%3D%27665%27%20height%3D%27375%27%20fill-opacity%3D%220%22%2F%3E%3C%2Fsvg%3E\" data-srcset=\"https:\/\/www.heinzemedien.de\/data\/uploads\/2025\/08\/heinze_klimafestival_1t_2024_berlin_1600px_-R6II9675_665x375-200x113.jpg 200w, https:\/\/www.heinzemedien.de\/data\/uploads\/2025\/08\/heinze_klimafestival_1t_2024_berlin_1600px_-R6II9675_665x375-400x226.jpg 400w, https:\/\/www.heinzemedien.de\/data\/uploads\/2025\/08\/heinze_klimafestival_1t_2024_berlin_1600px_-R6II9675_665x375-600x338.jpg 600w, https:\/\/www.heinzemedien.de\/data\/uploads\/2025\/08\/heinze_klimafestival_1t_2024_berlin_1600px_-R6II9675_665x375.jpg 665w\" data-sizes=\"auto\" data-orig-sizes=\"(min-width: 2200px) 100vw, (min-width: 717px) 793px, (min-width: 640px) 717px, \" \/><\/a><\/div><\/div><div style=\"padding:5px;\" class=\"editor-grid-column editor-gallery-column editor-gallery-column-2 hover-type-none\"><div class=\"editor-gallery-image\"><a href=\"https:\/\/www.heinzemedien.de\/data\/uploads\/2025\/08\/Andrea-Gebhard_BAK_Praesidentin_665x375.jpg\" rel=\"noreferrer\" data-rel=\"iLightbox[gallery_image_1]\" class=\"editor-lightbox\" target=\"_self\"><img decoding=\"async\" src=\"https:\/\/www.heinzemedien.de\/data\/uploads\/2025\/08\/Andrea-Gebhard_BAK_Praesidentin_665x375.jpg\" data-orig-src=\"https:\/\/www.heinzemedien.de\/data\/uploads\/2025\/08\/Andrea-Gebhard_BAK_Praesidentin_665x375.jpg\" width=\"665\" height=\"375\" alt=\"\" title=\"Andrea Gebhard_BAK_Pr\u00e4sidentin_665x375\" aria-label=\"Andrea Gebhard_BAK_Pr\u00e4sidentin_665x375\" class=\"lazyload img-responsive hz-image-5642\" srcset=\"data:image\/svg+xml,%3Csvg%20xmlns%3D%27http%3A%2F%2Fwww.w3.org%2F2000%2Fsvg%27%20width%3D%27665%27%20height%3D%27375%27%20viewBox%3D%270%200%20665%20375%27%3E%3Crect%20width%3D%27665%27%20height%3D%27375%27%20fill-opacity%3D%220%22%2F%3E%3C%2Fsvg%3E\" data-srcset=\"https:\/\/www.heinzemedien.de\/data\/uploads\/2025\/08\/Andrea-Gebhard_BAK_Praesidentin_665x375-200x113.jpg 200w, https:\/\/www.heinzemedien.de\/data\/uploads\/2025\/08\/Andrea-Gebhard_BAK_Praesidentin_665x375-400x226.jpg 400w, https:\/\/www.heinzemedien.de\/data\/uploads\/2025\/08\/Andrea-Gebhard_BAK_Praesidentin_665x375-600x338.jpg 600w, https:\/\/www.heinzemedien.de\/data\/uploads\/2025\/08\/Andrea-Gebhard_BAK_Praesidentin_665x375.jpg 665w\" data-sizes=\"auto\" data-orig-sizes=\"(min-width: 2200px) 100vw, (min-width: 717px) 793px, (min-width: 640px) 717px, \" \/><\/a><\/div><\/div><div class=\"clearfix\"><\/div><div style=\"padding:5px;\" class=\"editor-grid-column editor-gallery-column editor-gallery-column-2 hover-type-none\"><div class=\"editor-gallery-image\"><a href=\"https:\/\/www.heinzemedien.de\/data\/uploads\/2025\/08\/heinze_Klimafestival24__2024_berlin_2t_665x375.jpg\" rel=\"noreferrer\" data-rel=\"iLightbox[gallery_image_1]\" class=\"editor-lightbox\" target=\"_self\"><img decoding=\"async\" src=\"https:\/\/www.heinzemedien.de\/data\/uploads\/2025\/08\/heinze_Klimafestival24__2024_berlin_2t_665x375.jpg\" data-orig-src=\"https:\/\/www.heinzemedien.de\/data\/uploads\/2025\/08\/heinze_Klimafestival24__2024_berlin_2t_665x375.jpg\" width=\"665\" height=\"375\" alt=\"\" title=\"heinze_Klimafestival24__2024_berlin_2t_665x375\" aria-label=\"heinze_Klimafestival24__2024_berlin_2t_665x375\" class=\"lazyload img-responsive hz-image-5676\" srcset=\"data:image\/svg+xml,%3Csvg%20xmlns%3D%27http%3A%2F%2Fwww.w3.org%2F2000%2Fsvg%27%20width%3D%27665%27%20height%3D%27375%27%20viewBox%3D%270%200%20665%20375%27%3E%3Crect%20width%3D%27665%27%20height%3D%27375%27%20fill-opacity%3D%220%22%2F%3E%3C%2Fsvg%3E\" data-srcset=\"https:\/\/www.heinzemedien.de\/data\/uploads\/2025\/08\/heinze_Klimafestival24__2024_berlin_2t_665x375-200x113.jpg 200w, https:\/\/www.heinzemedien.de\/data\/uploads\/2025\/08\/heinze_Klimafestival24__2024_berlin_2t_665x375-400x226.jpg 400w, https:\/\/www.heinzemedien.de\/data\/uploads\/2025\/08\/heinze_Klimafestival24__2024_berlin_2t_665x375-600x338.jpg 600w, https:\/\/www.heinzemedien.de\/data\/uploads\/2025\/08\/heinze_Klimafestival24__2024_berlin_2t_665x375.jpg 665w\" data-sizes=\"auto\" data-orig-sizes=\"(min-width: 2200px) 100vw, (min-width: 717px) 793px, (min-width: 640px) 717px, \" \/><\/a><\/div><\/div><div style=\"padding:5px;\" class=\"editor-grid-column editor-gallery-column editor-gallery-column-2 hover-type-none\"><div class=\"editor-gallery-image\"><a href=\"https:\/\/www.heinzemedien.de\/data\/uploads\/2025\/08\/heinze_klimafestival_2024_berlin_2t_665x375-1.jpg\" rel=\"noreferrer\" data-rel=\"iLightbox[gallery_image_1]\" class=\"editor-lightbox\" target=\"_self\"><img decoding=\"async\" src=\"https:\/\/www.heinzemedien.de\/data\/uploads\/2025\/08\/heinze_klimafestival_2024_berlin_2t_665x375-1.jpg\" data-orig-src=\"https:\/\/www.heinzemedien.de\/data\/uploads\/2025\/08\/heinze_klimafestival_2024_berlin_2t_665x375-1.jpg\" width=\"665\" height=\"375\" alt=\"\" title=\"heinze_klimafestival_2024_berlin_2t_665x375\" aria-label=\"heinze_klimafestival_2024_berlin_2t_665x375\" class=\"lazyload img-responsive hz-image-5675\" srcset=\"data:image\/svg+xml,%3Csvg%20xmlns%3D%27http%3A%2F%2Fwww.w3.org%2F2000%2Fsvg%27%20width%3D%27665%27%20height%3D%27375%27%20viewBox%3D%270%200%20665%20375%27%3E%3Crect%20width%3D%27665%27%20height%3D%27375%27%20fill-opacity%3D%220%22%2F%3E%3C%2Fsvg%3E\" data-srcset=\"https:\/\/www.heinzemedien.de\/data\/uploads\/2025\/08\/heinze_klimafestival_2024_berlin_2t_665x375-1-200x113.jpg 200w, https:\/\/www.heinzemedien.de\/data\/uploads\/2025\/08\/heinze_klimafestival_2024_berlin_2t_665x375-1-400x226.jpg 400w, https:\/\/www.heinzemedien.de\/data\/uploads\/2025\/08\/heinze_klimafestival_2024_berlin_2t_665x375-1-600x338.jpg 600w, https:\/\/www.heinzemedien.de\/data\/uploads\/2025\/08\/heinze_klimafestival_2024_berlin_2t_665x375-1.jpg 665w\" data-sizes=\"auto\" data-orig-sizes=\"(min-width: 2200px) 100vw, (min-width: 717px) 793px, (min-width: 640px) 717px, \" \/><\/a><\/div><\/div><div class=\"clearfix\"><\/div><\/div><\/div><div class=\"editor-sep-clear\"><\/div><div class=\"editor-separator editor-full-width-sep\" style=\"margin-left: auto;margin-right: auto;margin-top:20px;margin-bottom:20px;width:100%;\"><\/div><div class=\"editor-sep-clear\"><\/div><div class=\"editor-text editor-text-2\" style=\"--awb-text-transform:none;\"><p><strong>Themen, die die Branche bewegen<br \/>\n<\/strong>Das Programm 2025 widmet sich erneut den dr\u00e4ngendsten Fragen der Bauwende:<\/p>\n<p><strong>&#8211;<\/strong> K\u00fcnstliche Intelligenz: Wie ver\u00e4ndern neue Technologien Prozesse, Planung und Materialien?<br \/>\n<strong>&#8211;<\/strong> Materialit\u00e4t &amp; Biodiversit\u00e4t: Bauen im Einklang mit \u00d6kosystemen<br \/>\n<strong>&#8211;<\/strong> Digitalisierung &amp; Technik: Von Smart Building bis Lowtech<br \/>\n<strong>&#8211;<\/strong> Naturschutz in der Architektur: Nicht nur mitdenken, sondern mitbauen<br \/>\n<strong>&#8211;<\/strong> Wissenstransfer aus Hochschulen: Forschung trifft gelebte Praxi<\/p>\n<p><strong>Inspiration von den Besten<\/strong><br \/>\nUnter den Keynotes 2025 sind u. a. Prof. Dietmar Eberle, Dr. Myriam Rapior, Prof. Elisabeth Endres, Prof. Moritz D\u00f6rstelmann und Dr. Tillman Prinz \u2013 allesamt Pers\u00f6nlichkeiten, die neue Perspektiven aufzeigen.<\/p>\n<p><strong>Mehr als Zuh\u00f6ren \u2013 Mitmachen!<\/strong><br \/>\nDas Festival bietet ein Format-Mix, der zum aktiven Gestalten einl\u00e4dt:<\/p>\n<p><strong>&#8211;<\/strong> Zukunftsweisende L\u00f6sungen f\u00fcr das Bauen von morgen<br \/>\n<strong>&#8211;<\/strong> Keynotes f\u00fchrender Expert:innen<br \/>\n<strong>&#8211;<\/strong> Best-Practice-Beispiele<br \/>\n<strong>&#8211;<\/strong> Werkb\u00e4nke und Dialogst\u00e4nde mit den neuesten Technologien<br \/>\n<strong>&#8211;<\/strong> Verleihung des renommierten Heinze ArchitekturAWARDs<\/p>\n<p><strong>Starke Allianz<\/strong><br \/>\n25 f\u00fchrende Industrie- und Wirtschaftsverb\u00e4nde unterst\u00fctzen das Festival \u2013 und setzen gemeinsam ein Zeichen: Denn die Bauwende ist nicht nur eine Fachdebatte, sondern eine gesamtgesellschaftliche Aufgabe.<\/p>\n<\/div><div class=\"editor-image-element in-legacy-container\" style=\"--awb-caption-title-font-family:var(--h2_typography-font-family);--awb-caption-title-font-weight:var(--h2_typography-font-weight);--awb-caption-title-font-style:var(--h2_typography-font-style);--awb-caption-title-size:12px;--awb-caption-title-transform:var(--h2_typography-text-transform);--awb-caption-title-line-height:var(--h2_typography-line-height);--awb-caption-title-letter-spacing:var(--h2_typography-letter-spacing);\"><span class=\" editor-imageframe imageframe-none imageframe-2 hover-type-none\"><img decoding=\"async\" width=\"1240\" height=\"395\" title=\"KF25_Initiativpartner_Abbinder_SNL_1240x395px\" src=\"https:\/\/www.heinzemedien.de\/data\/uploads\/2025\/08\/KF25_Initiativpartner_Abbinder_SNL_1240x395px.jpg\" data-orig-src=\"https:\/\/www.heinzemedien.de\/data\/uploads\/2025\/08\/KF25_Initiativpartner_Abbinder_SNL_1240x395px.jpg\" alt class=\"lazyload img-responsive hz-image-5681\" srcset=\"data:image\/svg+xml,%3Csvg%20xmlns%3D%27http%3A%2F%2Fwww.w3.org%2F2000%2Fsvg%27%20width%3D%271240%27%20height%3D%27395%27%20viewBox%3D%270%200%201240%20395%27%3E%3Crect%20width%3D%271240%27%20height%3D%27395%27%20fill-opacity%3D%220%22%2F%3E%3C%2Fsvg%3E\" data-srcset=\"https:\/\/www.heinzemedien.de\/data\/uploads\/2025\/08\/KF25_Initiativpartner_Abbinder_SNL_1240x395px-200x64.jpg 200w, https:\/\/www.heinzemedien.de\/data\/uploads\/2025\/08\/KF25_Initiativpartner_Abbinder_SNL_1240x395px-400x127.jpg 400w, https:\/\/www.heinzemedien.de\/data\/uploads\/2025\/08\/KF25_Initiativpartner_Abbinder_SNL_1240x395px-600x191.jpg 600w, https:\/\/www.heinzemedien.de\/data\/uploads\/2025\/08\/KF25_Initiativpartner_Abbinder_SNL_1240x395px-800x255.jpg 800w, https:\/\/www.heinzemedien.de\/data\/uploads\/2025\/08\/KF25_Initiativpartner_Abbinder_SNL_1240x395px-1200x382.jpg 1200w, https:\/\/www.heinzemedien.de\/data\/uploads\/2025\/08\/KF25_Initiativpartner_Abbinder_SNL_1240x395px.jpg 1240w\" data-sizes=\"auto\" data-orig-sizes=\"(max-width: 768px) 100vw, 1200px\" \/><\/span><\/div><div class=\"editor-sep-clear\"><\/div><div class=\"editor-separator editor-full-width-sep\" style=\"margin-left: auto;margin-right: auto;margin-top:20px;margin-bottom:20px;width:100%;\"><\/div><div class=\"editor-sep-clear\"><\/div><div class=\"editor-text editor-text-3\" style=\"--awb-text-transform:none;\"><p><strong>Datum:<\/strong> 19.\/20. November 2025<br \/>\n<strong>Ort:<\/strong> STATION Berlin<br \/>\n<strong>Tickets: <\/strong>Tagesticket: 79 \u20ac\/ 2-Tages-Ticket: 99 \u20ac (jeweils inkl. MwSt.)<\/p>\n<p>Weitere Informationen und Tickets unter: <a href=\"https:\/\/klimafestival.heinze.de\/de\" target=\"_blank\" rel=\"noopener\">heinze.de\/klimafestival<\/a><\/p>\n<\/div><div class=\"editor-sep-clear\"><\/div><div class=\"editor-separator editor-full-width-sep\" style=\"margin-left: auto;margin-right: auto;margin-top:20px;margin-bottom:20px;width:100%;\"><\/div><div class=\"editor-sep-clear\"><\/div><div class=\"editor-button-wrapper\"><a class=\"editor-button button-flat editor-button-default-size button-default editor-button-default button-1 editor-button-default-span editor-button-default-type\" target=\"_self\" href=\"https:\/\/www.heinzemedien.de\/data\/uploads\/2025\/08\/PM_Aktiv-die-Bauwende-auf-dem-Klimafestival-2025-mitgestalten.zip\"><span class=\"editor-button-text awb-button__text awb-button__text--default\">Download Pressekit<\/span><\/a><\/div><div class=\"editor-clearfix\"><\/div><\/div><\/div><div class=\"editor-layout-column editor_builder_column_inner editor-builder-nested-column-1 editor_builder_column_inner_1_3 1_3 editor-one-third editor-column-last cssNewsAside\" style=\"--awb-padding-top:30px;--awb-padding-right:30px;--awb-padding-bottom:30px;--awb-padding-left:30px;--awb-bg-color:#f2f4f5;--awb-bg-color-hover:#f2f4f5;--awb-bg-size:cover;width:33.333333333333%;width:calc(33.333333333333% - ( ( 4% ) * 0.33333333333333 ) );\"><div class=\"editor-column-wrapper editor-column-has-shadow editor-flex-column-wrapper-legacy\"><div class=\"editor-title title editor-title-1 editor-sep-none editor-title-text editor-title-size-one\" style=\"--awb-margin-top-small:0px;--awb-margin-right-small:0px;--awb-margin-bottom-small:20px;--awb-margin-left-small:0px;\"><h1 class=\"editor-title-heading title-heading-left editor-responsive-typography-calculated\" style=\"margin:0;--fontSize:45;line-height:1.3;\"><h4 class=\"cssMainHeadline editor-responsive-typography-calculated\" data-fontsize=\"45\" data-lineheight=\"58.5px\">Weitere Neuigkeiten<\/h4><\/h1><\/div><div class=\"editor-blog-shortcode editor-blog-shortcode-1 editor-blog-archive editor-blog-layout-grid-wrapper editor-blog-infinite editor-blog-no-images\" style=\"--grid_separator_color:#d7dce0;\"><style type=\"text\/css\">.editor-blog-shortcode-1 .editor-blog-layout-grid .editor-post-grid{padding:20px;}.editor-blog-shortcode-1 .editor-posts-container{margin-left: -20px !important; margin-right:-20px !important;}<\/style><div class=\"editor-posts-container editor-posts-container-infinite editor-posts-container-load-more editor-blog-layout-grid editor-blog-layout-grid-1 isotope\" data-pages=\"30\" data-grid-col-space=\"40\" style=\"margin: -20px -20px 0;min-height:500px;\"><article id=\"blog-1-post-6157\" class=\"editor-post-grid post-6157 post type-post status-publish format-standard has-post-thumbnail hentry category-heinze category-marktforschung category-pressemeldung\">\n<div class=\"editor-post-wrapper\" style=\"background-color:rgba(242,244,245,1);border:1px solid #f2f4f5;border-bottom-width:3px;\"><div class=\"editor-post-content-wrapper\" style=\"padding:10px 10px 10px 10px;\"><div class=\"editor-post-content post-content\"><h2 class=\"blog-shortcode-post-title entry-title\"><a href=\"https:\/\/www.heinzemedien.de\/studie-informationsverhalten-von-architektinnen-und-planenden\/\">Studie: Informationsverhalten von Architekt:innen und Planenden<\/a><\/h2><p class=\"editor-single-line-meta\"><span>21.04.2026<\/span><span class=\"editor-inline-sep\">|<\/span><\/p><\/div><\/div><div class=\"editor-clearfix\"><\/div><\/div>\n<\/article>\n<article id=\"blog-1-post-6143\" class=\"editor-post-grid post-6143 post type-post status-publish format-standard has-post-thumbnail hentry category-heinze category-marktforschung category-pressemeldung\">\n<div class=\"editor-post-wrapper\" style=\"background-color:rgba(242,244,245,1);border:1px solid #f2f4f5;border-bottom-width:3px;\"><div class=\"editor-post-content-wrapper\" style=\"padding:10px 10px 10px 10px;\"><div class=\"editor-post-content post-content\"><h2 class=\"blog-shortcode-post-title entry-title\"><a href=\"https:\/\/www.heinzemedien.de\/was-haben-kinderwagen-mit-baugenehmigungen-zu-tun\/\">Was haben Kinderwagen mit Baugenehmigungen zu tun?<\/a><\/h2><p class=\"editor-single-line-meta\"><span>19.03.2026<\/span><span class=\"editor-inline-sep\">|<\/span><\/p><\/div><\/div><div class=\"editor-clearfix\"><\/div><\/div>\n<\/article>\n<article id=\"blog-1-post-6114\" class=\"editor-post-grid post-6114 post type-post status-publish format-standard has-post-thumbnail hentry category-events category-heinze category-pressemeldung\">\n<div class=\"editor-post-wrapper\" style=\"background-color:rgba(242,244,245,1);border:1px solid #f2f4f5;border-bottom-width:3px;\"><div class=\"editor-post-content-wrapper\" style=\"padding:10px 10px 10px 10px;\"><div class=\"editor-post-content post-content\"><h2 class=\"blog-shortcode-post-title entry-title\"><a href=\"https:\/\/www.heinzemedien.de\/heinze-architektour-2026-ab-juni-mit-realisierter-architektur\/\">Heinze ArchitekTOUR 2026 ab Juni mit realisierter Architektur<\/a><\/h2><p class=\"editor-single-line-meta\"><span>25.02.2026<\/span><span class=\"editor-inline-sep\">|<\/span><\/p><\/div><\/div><div class=\"editor-clearfix\"><\/div><\/div>\n<\/article>\n<article id=\"blog-1-post-6104\" class=\"editor-post-grid post-6104 post type-post status-publish format-standard has-post-thumbnail hentry category-events category-heinze category-pressemeldung\">\n<div class=\"editor-post-wrapper\" style=\"background-color:rgba(242,244,245,1);border:1px solid #f2f4f5;border-bottom-width:3px;\"><div class=\"editor-post-content-wrapper\" style=\"padding:10px 10px 10px 10px;\"><div class=\"editor-post-content post-content\"><h2 class=\"blog-shortcode-post-title entry-title\"><a href=\"https:\/\/www.heinzemedien.de\/digitalbau-koeln-heinze-laedt-zum-exklusiven-architects-run-ein\/\">digitalBAU K\u00f6ln: Heinze l\u00e4dt zum exklusiven Architects\u2019 Run ein<\/a><\/h2><p class=\"editor-single-line-meta\"><span>24.02.2026<\/span><span class=\"editor-inline-sep\">|<\/span><\/p><\/div><\/div><div class=\"editor-clearfix\"><\/div><\/div>\n<\/article>\n<article id=\"blog-1-post-6070\" class=\"editor-post-grid post-6070 post type-post status-publish format-standard has-post-thumbnail hentry category-events category-heinze category-pressemeldung\">\n<div class=\"editor-post-wrapper\" style=\"background-color:rgba(242,244,245,1);border:1px solid #f2f4f5;border-bottom-width:3px;\"><div class=\"editor-post-content-wrapper\" style=\"padding:10px 10px 10px 10px;\"><div class=\"editor-post-content post-content\"><h2 class=\"blog-shortcode-post-title entry-title\"><a href=\"https:\/\/www.heinzemedien.de\/bauwende-heinze-architekturaward-2026-gestartet\/\">Bauwende: Heinze ArchitekturAWARD 2026 gestartet<\/a><\/h2><p class=\"editor-single-line-meta\"><span>12.02.2026<\/span><span class=\"editor-inline-sep\">|<\/span><\/p><\/div><\/div><div class=\"editor-clearfix\"><\/div><\/div>\n<\/article>\n<div class=\"editor-clearfix\"><\/div><\/div><div class=\"editor-infinite-scroll-trigger\"><\/div><div class=\"pagination infinite-scroll clearfix\" style=\"display:none;\"><span class=\"current\">1<\/span><a href=\"https:\/\/www.heinzemedien.de\/heinze-api\/wp\/v2\/posts\/5646\/page\/2\/\" class=\"inactive\">2<\/a><a class=\"pagination-next\" rel=\"next\" href=\"https:\/\/www.heinzemedien.de\/heinze-api\/wp\/v2\/posts\/5646\/page\/2\/\"><span class=\"page-text\">Vor<\/span><span class=\"page-next\"><\/span><\/a><\/div><div class=\"editor-clearfix\"><\/div><button class=\"editor-load-more-button editor-blog-button editor-clearfix\">Mehr Beitr\u00e4ge laden<\/button><\/div><div class=\"editor-clearfix\"><\/div><\/div><\/div><\/div><div class=\"editor-clearfix\"><\/div><\/div><\/div><div class=\"editor-layout-column editor_builder_column editor-builder-column-2 editor_builder_column_1_6 1_6 editor-one-sixth editor-column-last editor-no-small-visibility editor-no-medium-visibility\" style=\"--awb-bg-size:cover;width:16.666666666667%;width:calc(16.666666666667% - ( ( 4% + 4% ) * 0.16666666666667 ) );\"><div class=\"editor-column-wrapper editor-column-has-shadow editor-flex-column-wrapper-legacy\"><div class=\"editor-clearfix\"><\/div><\/div><\/div><\/div><\/div>\n","protected":false},"excerpt":{"rendered":"","protected":false},"author":884,"featured_media":5689,"comment_status":"closed","ping_status":"closed","sticky":false,"template":"","format":"standard","meta":{"footnotes":""},"categories":[22,74,67],"tags":[],"class_list":["post-5646","post","type-post","status-publish","format-standard","has-post-thumbnail","hentry","category-events","category-heinze","category-pressemeldung"],"seo_head":"<!-- This site is optimized with the Yoast SEO plugin v27.2 - https:\/\/yoast.com\/product\/yoast-seo-wordpress\/ -->\n<title>Auf dem 4. Klimafestival in Berlin aktiv die Bauwende mitgestalten - Heinze - Your Networking Company<\/title>\n<meta name=\"description\" content=\"Das Heinze BauNetz Klimafestival f\u00fcr die Bauwende bringt in der STATION Berlin wieder alle zusammen, die den Wandel im Bauwesen vorantreiben\" \/>\n<meta name=\"robots\" content=\"index, follow, max-snippet:-1, max-image-preview:large, max-video-preview:-1\" \/>\n<link rel=\"canonical\" href=\"https:\/\/www.heinzemedien.de\/am-19-und-20-11-2025-aktiv-die-bauwende-mitgestalten\/\" \/>\n<meta property=\"og:locale\" content=\"de_DE\" \/>\n<meta property=\"og:type\" content=\"article\" \/>\n<meta property=\"og:title\" content=\"Auf dem 4. Klimafestival in Berlin aktiv die Bauwende mitgestalten - Heinze - Your Networking Company\" \/>\n<meta property=\"og:description\" content=\"Das Heinze BauNetz Klimafestival f\u00fcr die Bauwende bringt in der STATION Berlin wieder alle zusammen, die den Wandel im Bauwesen vorantreiben\" \/>\n<meta property=\"og:url\" content=\"https:\/\/www.heinzemedien.de\/am-19-und-20-11-2025-aktiv-die-bauwende-mitgestalten\/\" \/>\n<meta property=\"og:site_name\" content=\"Heinze - Your Networking Company\" \/>\n<meta property=\"article:published_time\" content=\"2025-08-13T08:47:05+00:00\" \/>\n<meta property=\"article:modified_time\" content=\"2025-08-13T12:27:30+00:00\" \/>\n<meta property=\"og:image\" content=\"https:\/\/www.heinzemedien.de\/data\/uploads\/2025\/08\/heinze_klimafestival_2024_berlin_2t_hq_0929_665x225.jpg\" \/>\n\t<meta property=\"og:image:width\" content=\"665\" \/>\n\t<meta property=\"og:image:height\" content=\"225\" \/>\n\t<meta property=\"og:image:type\" content=\"image\/jpeg\" \/>\n<meta name=\"author\" content=\"Nadine Choudiakis\" \/>\n<meta name=\"twitter:card\" content=\"summary_large_image\" \/>\n<meta name=\"twitter:label1\" content=\"Verfasst von\" \/>\n\t<meta name=\"twitter:data1\" content=\"Nadine Choudiakis\" \/>\n\t<meta name=\"twitter:label2\" content=\"Gesch\u00e4tzte Lesezeit\" \/>\n\t<meta name=\"twitter:data2\" content=\"4\u00a0Minuten\" \/>\n<script type=\"application\/ld+json\" class=\"seo-schema-graph\">{\"@context\":\"https:\/\/schema.org\",\"@graph\":[{\"@type\":\"Article\",\"@id\":\"https:\/\/www.heinzemedien.de\/am-19-und-20-11-2025-aktiv-die-bauwende-mitgestalten\/#article\",\"isPartOf\":{\"@id\":\"https:\/\/www.heinzemedien.de\/am-19-und-20-11-2025-aktiv-die-bauwende-mitgestalten\/\"},\"author\":{\"name\":\"Nadine Choudiakis\",\"@id\":\"https:\/\/www.heinzemedien.de\/#\/schema\/person\/f7310cc6031163d3d3d76ce73c32817d\"},\"headline\":\"Auf dem 4. Klimafestival in Berlin aktiv die Bauwende mitgestalten\",\"datePublished\":\"2025-08-13T08:47:05+00:00\",\"dateModified\":\"2025-08-13T12:27:30+00:00\",\"mainEntityOfPage\":{\"@id\":\"https:\/\/www.heinzemedien.de\/am-19-und-20-11-2025-aktiv-die-bauwende-mitgestalten\/\"},\"wordCount\":3350,\"publisher\":{\"@id\":\"https:\/\/www.heinzemedien.de\/#organization\"},\"image\":{\"@id\":\"https:\/\/www.heinzemedien.de\/am-19-und-20-11-2025-aktiv-die-bauwende-mitgestalten\/#primaryimage\"},\"thumbnailUrl\":\"https:\/\/www.heinzemedien.de\/data\/uploads\/2025\/08\/heinze_klimafestival_2024_berlin_2t_hq_0929_665x225.jpg\",\"articleSection\":[\"Events\",\"Heinze\",\"Pressemeldung\"],\"inLanguage\":\"de\"},{\"@type\":\"WebPage\",\"@id\":\"https:\/\/www.heinzemedien.de\/am-19-und-20-11-2025-aktiv-die-bauwende-mitgestalten\/\",\"url\":\"https:\/\/www.heinzemedien.de\/am-19-und-20-11-2025-aktiv-die-bauwende-mitgestalten\/\",\"name\":\"Auf dem 4. Klimafestival in Berlin aktiv die Bauwende mitgestalten - Heinze - Your Networking Company\",\"isPartOf\":{\"@id\":\"https:\/\/www.heinzemedien.de\/#website\"},\"primaryImageOfPage\":{\"@id\":\"https:\/\/www.heinzemedien.de\/am-19-und-20-11-2025-aktiv-die-bauwende-mitgestalten\/#primaryimage\"},\"image\":{\"@id\":\"https:\/\/www.heinzemedien.de\/am-19-und-20-11-2025-aktiv-die-bauwende-mitgestalten\/#primaryimage\"},\"thumbnailUrl\":\"https:\/\/www.heinzemedien.de\/data\/uploads\/2025\/08\/heinze_klimafestival_2024_berlin_2t_hq_0929_665x225.jpg\",\"datePublished\":\"2025-08-13T08:47:05+00:00\",\"dateModified\":\"2025-08-13T12:27:30+00:00\",\"description\":\"Das Heinze BauNetz Klimafestival f\u00fcr die Bauwende bringt in der STATION Berlin wieder alle zusammen, die den Wandel im Bauwesen vorantreiben\",\"breadcrumb\":{\"@id\":\"https:\/\/www.heinzemedien.de\/am-19-und-20-11-2025-aktiv-die-bauwende-mitgestalten\/#breadcrumb\"},\"inLanguage\":\"de\",\"potentialAction\":[{\"@type\":\"ReadAction\",\"target\":[\"https:\/\/www.heinzemedien.de\/am-19-und-20-11-2025-aktiv-die-bauwende-mitgestalten\/\"]}]},{\"@type\":\"ImageObject\",\"inLanguage\":\"de\",\"@id\":\"https:\/\/www.heinzemedien.de\/am-19-und-20-11-2025-aktiv-die-bauwende-mitgestalten\/#primaryimage\",\"url\":\"https:\/\/www.heinzemedien.de\/data\/uploads\/2025\/08\/heinze_klimafestival_2024_berlin_2t_hq_0929_665x225.jpg\",\"contentUrl\":\"https:\/\/www.heinzemedien.de\/data\/uploads\/2025\/08\/heinze_klimafestival_2024_berlin_2t_hq_0929_665x225.jpg\",\"width\":665,\"height\":225},{\"@type\":\"BreadcrumbList\",\"@id\":\"https:\/\/www.heinzemedien.de\/am-19-und-20-11-2025-aktiv-die-bauwende-mitgestalten\/#breadcrumb\",\"itemListElement\":[{\"@type\":\"ListItem\",\"position\":1,\"name\":\"Startseite\",\"item\":\"https:\/\/www.heinzemedien.de\/\"},{\"@type\":\"ListItem\",\"position\":2,\"name\":\"Auf dem 4. Klimafestival in Berlin aktiv die Bauwende mitgestalten\"}]},{\"@type\":\"WebSite\",\"@id\":\"https:\/\/www.heinzemedien.de\/#website\",\"url\":\"https:\/\/www.heinzemedien.de\/\",\"name\":\"Heinze - Your Networking Company\",\"description\":\"\",\"publisher\":{\"@id\":\"https:\/\/www.heinzemedien.de\/#organization\"},\"potentialAction\":[{\"@type\":\"SearchAction\",\"target\":{\"@type\":\"EntryPoint\",\"urlTemplate\":\"https:\/\/www.heinzemedien.de\/?s={search_term_string}\"},\"query-input\":{\"@type\":\"PropertyValueSpecification\",\"valueRequired\":true,\"valueName\":\"search_term_string\"}}],\"inLanguage\":\"de\"},{\"@type\":\"Organization\",\"@id\":\"https:\/\/www.heinzemedien.de\/#organization\",\"name\":\"Heinze GmbH\",\"url\":\"https:\/\/www.heinzemedien.de\/\",\"logo\":{\"@type\":\"ImageObject\",\"inLanguage\":\"de\",\"@id\":\"https:\/\/www.heinzemedien.de\/#\/schema\/logo\/image\/\",\"url\":\"\",\"contentUrl\":\"\",\"caption\":\"Heinze GmbH\"},\"image\":{\"@id\":\"https:\/\/www.heinzemedien.de\/#\/schema\/logo\/image\/\"}},{\"@type\":\"Person\",\"@id\":\"https:\/\/www.heinzemedien.de\/#\/schema\/person\/f7310cc6031163d3d3d76ce73c32817d\",\"name\":\"Nadine Choudiakis\",\"image\":{\"@type\":\"ImageObject\",\"inLanguage\":\"de\",\"@id\":\"https:\/\/secure.gravatar.com\/avatar\/a235d2e0a22093f01f77bcbdb5a8bf3bc31705de548b8bc8a3045d5788522934?s=96&d=mm&r=g\",\"url\":\"https:\/\/secure.gravatar.com\/avatar\/a235d2e0a22093f01f77bcbdb5a8bf3bc31705de548b8bc8a3045d5788522934?s=96&d=mm&r=g\",\"contentUrl\":\"https:\/\/secure.gravatar.com\/avatar\/a235d2e0a22093f01f77bcbdb5a8bf3bc31705de548b8bc8a3045d5788522934?s=96&d=mm&r=g\",\"caption\":\"Nadine Choudiakis\"},\"url\":\"https:\/\/www.heinzemedien.de\/author\/choudiakis\/\"}]}<\/script>\n<!-- \/ Yoast SEO plugin. -->","seo_head_json":{"title":"Auf dem 4. Klimafestival in Berlin aktiv die Bauwende mitgestalten - Heinze - Your Networking Company","description":"Das Heinze BauNetz Klimafestival f\u00fcr die Bauwende bringt in der STATION Berlin wieder alle zusammen, die den Wandel im Bauwesen vorantreiben","robots":{"index":"index","follow":"follow","max-snippet":"max-snippet:-1","max-image-preview":"max-image-preview:large","max-video-preview":"max-video-preview:-1"},"canonical":"https:\/\/www.heinzemedien.de\/am-19-und-20-11-2025-aktiv-die-bauwende-mitgestalten\/","og_locale":"de_DE","og_type":"article","og_title":"Auf dem 4. Klimafestival in Berlin aktiv die Bauwende mitgestalten - Heinze - Your Networking Company","og_description":"Das Heinze BauNetz Klimafestival f\u00fcr die Bauwende bringt in der STATION Berlin wieder alle zusammen, die den Wandel im Bauwesen vorantreiben","og_url":"https:\/\/www.heinzemedien.de\/am-19-und-20-11-2025-aktiv-die-bauwende-mitgestalten\/","og_site_name":"Heinze - Your Networking Company","article_published_time":"2025-08-13T08:47:05+00:00","article_modified_time":"2025-08-13T12:27:30+00:00","og_image":[{"width":665,"height":225,"url":"https:\/\/www.heinzemedien.de\/data\/uploads\/2025\/08\/heinze_klimafestival_2024_berlin_2t_hq_0929_665x225.jpg","type":"image\/jpeg"}],"author":"Nadine Choudiakis","twitter_card":"summary_large_image","twitter_misc":{"Verfasst von":"Nadine Choudiakis","Gesch\u00e4tzte Lesezeit":"4\u00a0Minuten"},"schema":{"@context":"https:\/\/schema.org","@graph":[{"@type":"Article","@id":"https:\/\/www.heinzemedien.de\/am-19-und-20-11-2025-aktiv-die-bauwende-mitgestalten\/#article","isPartOf":{"@id":"https:\/\/www.heinzemedien.de\/am-19-und-20-11-2025-aktiv-die-bauwende-mitgestalten\/"},"author":{"name":"Nadine Choudiakis","@id":"https:\/\/www.heinzemedien.de\/#\/schema\/person\/f7310cc6031163d3d3d76ce73c32817d"},"headline":"Auf dem 4. Klimafestival in Berlin aktiv die Bauwende mitgestalten","datePublished":"2025-08-13T08:47:05+00:00","dateModified":"2025-08-13T12:27:30+00:00","mainEntityOfPage":{"@id":"https:\/\/www.heinzemedien.de\/am-19-und-20-11-2025-aktiv-die-bauwende-mitgestalten\/"},"wordCount":3350,"publisher":{"@id":"https:\/\/www.heinzemedien.de\/#organization"},"image":{"@id":"https:\/\/www.heinzemedien.de\/am-19-und-20-11-2025-aktiv-die-bauwende-mitgestalten\/#primaryimage"},"thumbnailUrl":"https:\/\/www.heinzemedien.de\/data\/uploads\/2025\/08\/heinze_klimafestival_2024_berlin_2t_hq_0929_665x225.jpg","articleSection":["Events","Heinze","Pressemeldung"],"inLanguage":"de"},{"@type":"WebPage","@id":"https:\/\/www.heinzemedien.de\/am-19-und-20-11-2025-aktiv-die-bauwende-mitgestalten\/","url":"https:\/\/www.heinzemedien.de\/am-19-und-20-11-2025-aktiv-die-bauwende-mitgestalten\/","name":"Auf dem 4. Klimafestival in Berlin aktiv die Bauwende mitgestalten - Heinze - Your Networking Company","isPartOf":{"@id":"https:\/\/www.heinzemedien.de\/#website"},"primaryImageOfPage":{"@id":"https:\/\/www.heinzemedien.de\/am-19-und-20-11-2025-aktiv-die-bauwende-mitgestalten\/#primaryimage"},"image":{"@id":"https:\/\/www.heinzemedien.de\/am-19-und-20-11-2025-aktiv-die-bauwende-mitgestalten\/#primaryimage"},"thumbnailUrl":"https:\/\/www.heinzemedien.de\/data\/uploads\/2025\/08\/heinze_klimafestival_2024_berlin_2t_hq_0929_665x225.jpg","datePublished":"2025-08-13T08:47:05+00:00","dateModified":"2025-08-13T12:27:30+00:00","description":"Das Heinze BauNetz Klimafestival f\u00fcr die Bauwende bringt in der STATION Berlin wieder alle zusammen, die den Wandel im Bauwesen vorantreiben","breadcrumb":{"@id":"https:\/\/www.heinzemedien.de\/am-19-und-20-11-2025-aktiv-die-bauwende-mitgestalten\/#breadcrumb"},"inLanguage":"de","potentialAction":[{"@type":"ReadAction","target":["https:\/\/www.heinzemedien.de\/am-19-und-20-11-2025-aktiv-die-bauwende-mitgestalten\/"]}]},{"@type":"ImageObject","inLanguage":"de","@id":"https:\/\/www.heinzemedien.de\/am-19-und-20-11-2025-aktiv-die-bauwende-mitgestalten\/#primaryimage","url":"https:\/\/www.heinzemedien.de\/data\/uploads\/2025\/08\/heinze_klimafestival_2024_berlin_2t_hq_0929_665x225.jpg","contentUrl":"https:\/\/www.heinzemedien.de\/data\/uploads\/2025\/08\/heinze_klimafestival_2024_berlin_2t_hq_0929_665x225.jpg","width":665,"height":225},{"@type":"BreadcrumbList","@id":"https:\/\/www.heinzemedien.de\/am-19-und-20-11-2025-aktiv-die-bauwende-mitgestalten\/#breadcrumb","itemListElement":[{"@type":"ListItem","position":1,"name":"Startseite","item":"https:\/\/www.heinzemedien.de\/"},{"@type":"ListItem","position":2,"name":"Auf dem 4. Klimafestival in Berlin aktiv die Bauwende mitgestalten"}]},{"@type":"WebSite","@id":"https:\/\/www.heinzemedien.de\/#website","url":"https:\/\/www.heinzemedien.de\/","name":"Heinze - Your Networking Company","description":"","publisher":{"@id":"https:\/\/www.heinzemedien.de\/#organization"},"potentialAction":[{"@type":"SearchAction","target":{"@type":"EntryPoint","urlTemplate":"https:\/\/www.heinzemedien.de\/?s={search_term_string}"},"query-input":{"@type":"PropertyValueSpecification","valueRequired":true,"valueName":"search_term_string"}}],"inLanguage":"de"},{"@type":"Organization","@id":"https:\/\/www.heinzemedien.de\/#organization","name":"Heinze GmbH","url":"https:\/\/www.heinzemedien.de\/","logo":{"@type":"ImageObject","inLanguage":"de","@id":"https:\/\/www.heinzemedien.de\/#\/schema\/logo\/image\/","url":"","contentUrl":"","caption":"Heinze GmbH"},"image":{"@id":"https:\/\/www.heinzemedien.de\/#\/schema\/logo\/image\/"}},{"@type":"Person","@id":"https:\/\/www.heinzemedien.de\/#\/schema\/person\/f7310cc6031163d3d3d76ce73c32817d","name":"Nadine Choudiakis","image":{"@type":"ImageObject","inLanguage":"de","@id":"https:\/\/secure.gravatar.com\/avatar\/a235d2e0a22093f01f77bcbdb5a8bf3bc31705de548b8bc8a3045d5788522934?s=96&d=mm&r=g","url":"https:\/\/secure.gravatar.com\/avatar\/a235d2e0a22093f01f77bcbdb5a8bf3bc31705de548b8bc8a3045d5788522934?s=96&d=mm&r=g","contentUrl":"https:\/\/secure.gravatar.com\/avatar\/a235d2e0a22093f01f77bcbdb5a8bf3bc31705de548b8bc8a3045d5788522934?s=96&d=mm&r=g","caption":"Nadine Choudiakis"},"url":"https:\/\/www.heinzemedien.de\/author\/choudiakis\/"}]}},"_links":{"self":[{"href":"https:\/\/www.heinzemedien.de\/heinze-api\/wp\/v2\/posts\/5646","targetHints":{"allow":["GET"]}}],"collection":[{"href":"https:\/\/www.heinzemedien.de\/heinze-api\/wp\/v2\/posts"}],"about":[{"href":"https:\/\/www.heinzemedien.de\/heinze-api\/wp\/v2\/types\/post"}],"author":[{"embeddable":true,"href":"https:\/\/www.heinzemedien.de\/heinze-api\/wp\/v2\/users\/884"}],"replies":[{"embeddable":true,"href":"https:\/\/www.heinzemedien.de\/heinze-api\/wp\/v2\/comments?post=5646"}],"version-history":[{"count":0,"href":"https:\/\/www.heinzemedien.de\/heinze-api\/wp\/v2\/posts\/5646\/revisions"}],"wp:featuredmedia":[{"embeddable":true,"href":"https:\/\/www.heinzemedien.de\/heinze-api\/wp\/v2\/media\/5689"}],"wp:attachment":[{"href":"https:\/\/www.heinzemedien.de\/heinze-api\/wp\/v2\/media?parent=5646"}],"wp:term":[{"taxonomy":"category","embeddable":true,"href":"https:\/\/www.heinzemedien.de\/heinze-api\/wp\/v2\/categories?post=5646"},{"taxonomy":"post_tag","embeddable":true,"href":"https:\/\/www.heinzemedien.de\/heinze-api\/wp\/v2\/tags?post=5646"}],"curies":[{"name":"wp","href":"https:\/\/api.w.org\/{rel}","templated":true}]}}