{"id":5590,"date":"2025-08-04T15:53:34","date_gmt":"2025-08-04T13:53:34","guid":{"rendered":"https:\/\/www.heinzemedien.de\/?p=5590"},"modified":"2025-08-05T15:51:32","modified_gmt":"2025-08-05T13:51:32","slug":"exportgeschaeft-deutscher-bauprodukthersteller-unter-druck","status":"publish","type":"post","link":"https:\/\/www.heinzemedien.de\/exportgeschaeft-deutscher-bauprodukthersteller-unter-druck\/","title":{"rendered":"Exportgesch\u00e4ft deutscher Bauprodukthersteller unter Druck"},"content":{"rendered":"<div class=\"editor-fullwidth fullwidth-box editor-builder-row-1 nonhundred-percent-fullwidth non-hundred-percent-height-scrolling\" style=\"--awb-border-radius-top-left:0px;--awb-border-radius-top-right:0px;--awb-border-radius-bottom-right:0px;--awb-border-radius-bottom-left:0px;--awb-padding-top:70px;--awb-padding-bottom:70px;--awb-margin-top:1px;--awb-background-color:#ffffff;--awb-flex-wrap:wrap;\" ><div class=\"editor-builder-row editor-row\"><div class=\"editor-layout-column editor_builder_column editor-builder-column-0 editor_builder_column_1_6 1_6 editor-one-sixth editor-column-first editor-no-small-visibility editor-no-medium-visibility\" style=\"--awb-bg-size:cover;width:16.666666666667%;width:calc(16.666666666667% - ( ( 4% + 4% ) * 0.16666666666667 ) );margin-right: 4%;\"><div class=\"editor-column-wrapper editor-column-has-shadow editor-flex-column-wrapper-legacy\"><div class=\"editor-clearfix\"><\/div><\/div><\/div><div class=\"editor-layout-column editor_builder_column editor-builder-column-1 editor_builder_column_2_3 2_3 editor-two-third mediumFullSizeColumn\" style=\"--awb-bg-size:cover;width:66.666666666667%;width:calc(66.666666666667% - ( ( 4% + 4% ) * 0.66666666666667 ) );margin-right: 4%;\"><div class=\"editor-column-wrapper editor-column-has-shadow editor-flex-column-wrapper-legacy\"><div class=\"editor-builder-row editor-builder-row-inner editor-row\"><div class=\"editor-layout-column editor_builder_column_inner editor-builder-nested-column-0 editor_builder_column_inner_2_3 2_3 editor-two-third editor-column-first\" style=\"--awb-padding-bottom:30px;--awb-bg-size:cover;width:66.666666666667%;width:calc(66.666666666667% - ( ( 4% ) * 0.66666666666667 ) );margin-right: 4%;\"><div class=\"editor-column-wrapper editor-column-has-shadow editor-flex-column-wrapper-legacy\"><div class=\"editor-text editor-text-1\" style=\"--awb-text-transform:none;\"><h4><strong>Europa bleibt stabiles Exportziel trotz Herausforderungen, R\u00fcckgang in USA und Gro\u00dfbritannien \u2013 Fokus auf europ\u00e4ische M\u00e4rkte und strategische Neuausrichtung in der Bauindustrie<\/strong><em>\u00a0<\/em><\/h4>\n<p>Die Exportm\u00e4rkte geraten zunehmend unter Druck. Ausl\u00f6ser ist insbesondere die Ank\u00fcndigung der US-Regierung unter Donald Trump, neue Z\u00f6lle auf Importe aus Europa zu erheben. Laut einer aktuellen Analyse der KfW-Forschung (Volkswirtschaft Kompakt Nr.\u202f252, Juli 2025) sank das deutsche Exportvolumen in die USA allein im April und Mai 2025 um 10\u202f% bzw. 7,7\u202f%. Die Autoren der KfW-Analyse halten jedoch fest: \u201eDie deutsche Industrie zeigt bislang eine bemerkenswerte Resilienz \u2013 dank stabiler Lieferbeziehungen innerhalb Europas.\u201c<\/p>\n<p>Diese Entwicklung wird auch durch die Erhebung der Heinze Marktforschung im Rahmen des 27. BaukonjunkturKlimas gest\u00fctzt. Der Exportanteil am Jahresumsatz der Hersteller von Bau-, Einrichtungs- und Ausstattungsprodukten ist in den letzten Jahren sp\u00fcrbar zur\u00fcckgegangen \u2013 von 34,3\u202f% im Jahr 2019 auf nur noch 23,6\u202f% im Jahr 2025. Parallel dazu hat sich auch die Einsch\u00e4tzung der Relevanz ver\u00e4ndert: Nur noch 29\u202f% der Unternehmen halten das Auslandsgesch\u00e4ft aktuell f\u00fcr sehr wichtig.<\/p>\n<p>Eine weitere Erkenntnis der Untersuchung ist, dass sich das Exportgesch\u00e4ft geografisch verschiebt. W\u00e4hrend der Absatz in M\u00e4rkten wie Russland (\u201338\u202f%) oder Gro\u00dfbritannien (\u201317\u202f%) deutlich zur\u00fcckging, konzentrieren sich deutsche Hersteller vermehrt auf stabile, gut erreichbare Zielm\u00e4rkte innerhalb Europas. An der Spitze der Exportl\u00e4nder stehen weiterhin \u00d6sterreich, die Schweiz sowie die Benelux-Staaten.<\/p>\n<\/div><div class=\"editor-image-element in-legacy-container\" style=\"--awb-caption-title-font-family:var(--h2_typography-font-family);--awb-caption-title-font-weight:var(--h2_typography-font-weight);--awb-caption-title-font-style:var(--h2_typography-font-style);--awb-caption-title-size:14px;--awb-caption-title-transform:var(--h2_typography-text-transform);--awb-caption-title-line-height:var(--h2_typography-line-height);--awb-caption-title-letter-spacing:var(--h2_typography-letter-spacing);\"><span class=\" editor-imageframe imageframe-none imageframe-1 hover-type-none\"><img decoding=\"async\" width=\"665\" height=\"375\" title=\"Bild_PM_Exportgeschaeft-deutscher-Bauprodukthersteller-unter-Druck_Exportlaender_665x375px\" src=\"https:\/\/www.heinzemedien.de\/data\/uploads\/2025\/08\/Bild_PM_Exportgeschaeft-deutscher-Bauprodukthersteller-unter-Druck_Exportlaender_665x375px.jpg\" data-orig-src=\"https:\/\/www.heinzemedien.de\/data\/uploads\/2025\/08\/Bild_PM_Exportgeschaeft-deutscher-Bauprodukthersteller-unter-Druck_Exportlaender_665x375px.jpg\" alt class=\"lazyload img-responsive hz-image-5594\" srcset=\"data:image\/svg+xml,%3Csvg%20xmlns%3D%27http%3A%2F%2Fwww.w3.org%2F2000%2Fsvg%27%20width%3D%27665%27%20height%3D%27375%27%20viewBox%3D%270%200%20665%20375%27%3E%3Crect%20width%3D%27665%27%20height%3D%27375%27%20fill-opacity%3D%220%22%2F%3E%3C%2Fsvg%3E\" data-srcset=\"https:\/\/www.heinzemedien.de\/data\/uploads\/2025\/08\/Bild_PM_Exportgeschaeft-deutscher-Bauprodukthersteller-unter-Druck_Exportlaender_665x375px-200x113.jpg 200w, https:\/\/www.heinzemedien.de\/data\/uploads\/2025\/08\/Bild_PM_Exportgeschaeft-deutscher-Bauprodukthersteller-unter-Druck_Exportlaender_665x375px-400x226.jpg 400w, https:\/\/www.heinzemedien.de\/data\/uploads\/2025\/08\/Bild_PM_Exportgeschaeft-deutscher-Bauprodukthersteller-unter-Druck_Exportlaender_665x375px-600x338.jpg 600w, https:\/\/www.heinzemedien.de\/data\/uploads\/2025\/08\/Bild_PM_Exportgeschaeft-deutscher-Bauprodukthersteller-unter-Druck_Exportlaender_665x375px.jpg 665w\" data-sizes=\"auto\" data-orig-sizes=\"(max-width: 768px) 100vw, 665px\" \/><\/span><\/div><div class=\"editor-sep-clear\"><\/div><div class=\"editor-separator editor-full-width-sep\" style=\"margin-left: auto;margin-right: auto;margin-top:20px;margin-bottom:20px;width:100%;\"><\/div><div class=\"editor-sep-clear\"><\/div><div class=\"editor-text editor-text-2\" style=\"--awb-text-transform:none;\"><p>Die L\u00e4nderauswertung zeigt eine strukturierte Gesamtbetrachtung der Exportm\u00e4rkte nach ihrer kombinierten Relevanz \u2013 also basierend auf der Summe aus hoher und mittlerer Bedeutung f\u00fcr die Unternehmen der Bauindustrie. Angef\u00fchrt wird das Ranking von der Schweiz, \u00d6sterreich und Frankreich, dicht gefolgt von den Niederlanden, Gro\u00dfbritannien und den USA. Die Analyse macht deutlich: Auch wenn der durchschnittliche Exportanteil r\u00fcckl\u00e4ufig ist, bleibt der europ\u00e4ische Raum das zentrale Exportziel. Ganz anders sieht es im klassischen Neubau aus: Ob Einfamilienhaus, Mehrfamilienhaus oder gewerblicher Objektbau \u2013 hier liegen die Erwartungen zeitlich deutlich weiter hinten. Fr\u00fchestens 2026 rechnen die Entscheider mit einem sp\u00fcrbaren Aufschwung \u2013 sofern die Rahmenbedingungen wie Zinslage, Genehmigungsverfahren und Investitionsklima es zulassen.<\/p>\n<\/div><div class=\"editor-image-element in-legacy-container\" style=\"--awb-caption-title-font-family:var(--h2_typography-font-family);--awb-caption-title-font-weight:var(--h2_typography-font-weight);--awb-caption-title-font-style:var(--h2_typography-font-style);--awb-caption-title-size:14px;--awb-caption-title-transform:var(--h2_typography-text-transform);--awb-caption-title-line-height:var(--h2_typography-line-height);--awb-caption-title-letter-spacing:var(--h2_typography-letter-spacing);\"><span class=\" editor-imageframe imageframe-none imageframe-2 hover-type-none\"><img decoding=\"async\" width=\"665\" height=\"375\" title=\"Bild_PM_Exportgeschaft-deutscher-Bauprodukthersteller-unter-Druck_bedeutung_laender_665x375px\" src=\"https:\/\/www.heinzemedien.de\/data\/uploads\/2025\/08\/Bild_PM_Exportgeschaft-deutscher-Bauprodukthersteller-unter-Druck_bedeutung_laender_665x375px.jpg\" data-orig-src=\"https:\/\/www.heinzemedien.de\/data\/uploads\/2025\/08\/Bild_PM_Exportgeschaft-deutscher-Bauprodukthersteller-unter-Druck_bedeutung_laender_665x375px.jpg\" alt class=\"lazyload img-responsive hz-image-5596\" srcset=\"data:image\/svg+xml,%3Csvg%20xmlns%3D%27http%3A%2F%2Fwww.w3.org%2F2000%2Fsvg%27%20width%3D%27665%27%20height%3D%27375%27%20viewBox%3D%270%200%20665%20375%27%3E%3Crect%20width%3D%27665%27%20height%3D%27375%27%20fill-opacity%3D%220%22%2F%3E%3C%2Fsvg%3E\" data-srcset=\"https:\/\/www.heinzemedien.de\/data\/uploads\/2025\/08\/Bild_PM_Exportgeschaft-deutscher-Bauprodukthersteller-unter-Druck_bedeutung_laender_665x375px-200x113.jpg 200w, https:\/\/www.heinzemedien.de\/data\/uploads\/2025\/08\/Bild_PM_Exportgeschaft-deutscher-Bauprodukthersteller-unter-Druck_bedeutung_laender_665x375px-400x226.jpg 400w, https:\/\/www.heinzemedien.de\/data\/uploads\/2025\/08\/Bild_PM_Exportgeschaft-deutscher-Bauprodukthersteller-unter-Druck_bedeutung_laender_665x375px-600x338.jpg 600w, https:\/\/www.heinzemedien.de\/data\/uploads\/2025\/08\/Bild_PM_Exportgeschaft-deutscher-Bauprodukthersteller-unter-Druck_bedeutung_laender_665x375px.jpg 665w\" data-sizes=\"auto\" data-orig-sizes=\"(max-width: 768px) 100vw, 665px\" \/><\/span><\/div><div class=\"editor-sep-clear\"><\/div><div class=\"editor-separator editor-full-width-sep\" style=\"margin-left: auto;margin-right: auto;margin-top:20px;margin-bottom:20px;width:100%;\"><\/div><div class=\"editor-sep-clear\"><\/div><div class=\"editor-text editor-text-3\" style=\"--awb-text-transform:none;\"><p>Die L\u00e4nderauswertung zeigt eine strukturierte Gesamtbetrachtung der Exportm\u00e4rkte nach ihrer kombinierten Relevanz \u2013 also basierend auf der Summe aus hoher und mittlerer Bedeutung f\u00fcr die Unternehmen der Bauindustrie. Angef\u00fchrt wird das Ranking von der Schweiz, \u00d6sterreich und Frankreich, dicht gefolgt von den Niederlanden, Gro\u00dfbritannien und den USA. Die Analyse macht deutlich: Auch wenn der durchschnittliche Exportanteil r\u00fcckl\u00e4ufig ist, bleibt der europ\u00e4ische Raum das zentrale Exportziel. Ganz anders sieht es im klassischen Neubau aus: Ob Einfamilienhaus, Mehrfamilienhaus oder gewerblicher Objektbau \u2013 hier liegen die Erwartungen zeitlich deutlich weiter hinten. Fr\u00fchestens 2026 rechnen die Entscheider mit einem sp\u00fcrbaren Aufschwung \u2013 sofern die Rahmenbedingungen wie Zinslage, Genehmigungsverfahren und Investitionsklima es zulassen.<\/p>\n<\/div><div class=\"editor-image-element in-legacy-container\" style=\"--awb-caption-title-font-family:var(--h2_typography-font-family);--awb-caption-title-font-weight:var(--h2_typography-font-weight);--awb-caption-title-font-style:var(--h2_typography-font-style);--awb-caption-title-size:14px;--awb-caption-title-transform:var(--h2_typography-text-transform);--awb-caption-title-line-height:var(--h2_typography-line-height);--awb-caption-title-letter-spacing:var(--h2_typography-letter-spacing);\"><span class=\" editor-imageframe imageframe-none imageframe-3 hover-type-none\"><img decoding=\"async\" width=\"665\" height=\"375\" title=\"Bild_PM_Exportgeschaeft-deutscher-Bauprodukthersteller-unter-Druck_Energiepreise_665x375px\" src=\"https:\/\/www.heinzemedien.de\/data\/uploads\/2025\/08\/Bild_PM_Exportgeschaeft-deutscher-Bauprodukthersteller-unter-Druck_Energiepreise_665x375px.jpg\" data-orig-src=\"https:\/\/www.heinzemedien.de\/data\/uploads\/2025\/08\/Bild_PM_Exportgeschaeft-deutscher-Bauprodukthersteller-unter-Druck_Energiepreise_665x375px.jpg\" alt class=\"lazyload img-responsive hz-image-5593\" srcset=\"data:image\/svg+xml,%3Csvg%20xmlns%3D%27http%3A%2F%2Fwww.w3.org%2F2000%2Fsvg%27%20width%3D%27665%27%20height%3D%27375%27%20viewBox%3D%270%200%20665%20375%27%3E%3Crect%20width%3D%27665%27%20height%3D%27375%27%20fill-opacity%3D%220%22%2F%3E%3C%2Fsvg%3E\" data-srcset=\"https:\/\/www.heinzemedien.de\/data\/uploads\/2025\/08\/Bild_PM_Exportgeschaeft-deutscher-Bauprodukthersteller-unter-Druck_Energiepreise_665x375px-200x113.jpg 200w, https:\/\/www.heinzemedien.de\/data\/uploads\/2025\/08\/Bild_PM_Exportgeschaeft-deutscher-Bauprodukthersteller-unter-Druck_Energiepreise_665x375px-400x226.jpg 400w, https:\/\/www.heinzemedien.de\/data\/uploads\/2025\/08\/Bild_PM_Exportgeschaeft-deutscher-Bauprodukthersteller-unter-Druck_Energiepreise_665x375px-600x338.jpg 600w, https:\/\/www.heinzemedien.de\/data\/uploads\/2025\/08\/Bild_PM_Exportgeschaeft-deutscher-Bauprodukthersteller-unter-Druck_Energiepreise_665x375px.jpg 665w\" data-sizes=\"auto\" data-orig-sizes=\"(max-width: 768px) 100vw, 665px\" \/><\/span><\/div><div class=\"editor-sep-clear\"><\/div><div class=\"editor-separator editor-full-width-sep\" style=\"margin-left: auto;margin-right: auto;margin-top:20px;margin-bottom:20px;width:100%;\"><\/div><div class=\"editor-sep-clear\"><\/div><div class=\"editor-text editor-text-4\" style=\"--awb-text-transform:none;\"><p><strong>Fazit<\/strong><br \/>\nDie Bedeutung des Exports nimmt f\u00fcr Hersteller von Bau-, Einrichtungs- und Ausstattungs-produkten ab \u2013 nicht abrupt, aber sp\u00fcrbar. Politische Unsicherheiten, im Vergleich zum Ausland hohe Energiepreise und eine strategische Neuausrichtung f\u00fchren zu einer st\u00e4rkeren Fokussierung auf dem europ\u00e4ischen Binnenmarkt. W\u00e4hrend der US-Markt an Relevanz verliert, bleibt Europa das stabile Fundament des Auslandsgesch\u00e4fts.<\/p>\n<p><strong>Weitere Informationen f\u00fcr Marktanalysen, Regionalmarktforschung sowie L\u00e4ndermonitore<\/strong><\/p>\n<p>Website:\u00a0 \u00a0 \u00a0 \u00a0 \u00a0 \u00a0 \u00a0 \u00a0 \u00a0 \u00a0 \u00a0 \u00a0 \u00a0 \u00a0 \u00a0 \u00a0 \u00a0 \u00a0 \u00a0 \u00a0 <a href=\"https:\/\/www.baudatenonline.de\" target=\"_blank\" rel=\"noopener\">baudatenonline.de<\/a><br \/>\nEvent BaukonjunkturMeeting: <a href=\"https:\/\/bkm.heinze.de\/\" target=\"_blank\" rel=\"noopener\">bkm.heinze.de<\/a><br \/>\nE-Mail:\u00a0 \u00a0 \u00a0 \u00a0 \u00a0 \u00a0 \u00a0 \u00a0 \u00a0 \u00a0 \u00a0 \u00a0 \u00a0 \u00a0 \u00a0 \u00a0 \u00a0 \u00a0 \u00a0 \u00a0 \u00a0 \u00a0 <a href=\"mailto:marktforschung@heinze.de\" target=\"_blank\" rel=\"noopener\">marktforschung@heinze.de<\/a><\/p>\n<\/div><div class=\"editor-sep-clear\"><\/div><div class=\"editor-separator editor-full-width-sep\" style=\"margin-left: auto;margin-right: auto;margin-top:20px;margin-bottom:20px;width:100%;\"><\/div><div class=\"editor-sep-clear\"><\/div><div class=\"editor-button-wrapper\"><a class=\"editor-button button-flat button-xlarge button-default editor-button-default button-1 editor-button-default-span editor-button-default-type\" target=\"_self\" href=\"https:\/\/www.heinzemedien.de\/data\/uploads\/2025\/08\/Bild_PM_Exportgeschaft-deutscher-Bauprodukthersteller-unter-Druck_bedeutung_laender.zip\"><span class=\"editor-button-text awb-button__text awb-button__text--default\">Download Pressekit<\/span><\/a><\/div><div class=\"editor-clearfix\"><\/div><\/div><\/div><div class=\"editor-layout-column editor_builder_column_inner editor-builder-nested-column-1 editor_builder_column_inner_1_3 1_3 editor-one-third editor-column-last cssNewsAside\" style=\"--awb-padding-top:30px;--awb-padding-right:30px;--awb-padding-bottom:30px;--awb-padding-left:30px;--awb-bg-color:#f2f4f5;--awb-bg-color-hover:#f2f4f5;--awb-bg-size:cover;width:33.333333333333%;width:calc(33.333333333333% - ( ( 4% ) * 0.33333333333333 ) );\"><div class=\"editor-column-wrapper editor-column-has-shadow editor-flex-column-wrapper-legacy\"><div class=\"editor-title title editor-title-1 editor-sep-none editor-title-text editor-title-size-one\" style=\"--awb-margin-top-small:0px;--awb-margin-right-small:0px;--awb-margin-bottom-small:20px;--awb-margin-left-small:0px;\"><h1 class=\"editor-title-heading title-heading-left editor-responsive-typography-calculated\" style=\"margin:0;--fontSize:45;line-height:1.3;\"><h4 class=\"cssMainHeadline editor-responsive-typography-calculated\" data-fontsize=\"45\" data-lineheight=\"58.5px\">Weitere Neuigkeiten<\/h4><\/h1><\/div><div class=\"editor-blog-shortcode editor-blog-shortcode-1 editor-blog-archive editor-blog-layout-grid-wrapper editor-blog-infinite editor-blog-no-images\" style=\"--grid_separator_color:#d7dce0;\"><style type=\"text\/css\">.editor-blog-shortcode-1 .editor-blog-layout-grid .editor-post-grid{padding:20px;}.editor-blog-shortcode-1 .editor-posts-container{margin-left: -20px !important; margin-right:-20px !important;}<\/style><div class=\"editor-posts-container editor-posts-container-infinite editor-posts-container-load-more editor-blog-layout-grid editor-blog-layout-grid-1 isotope\" data-pages=\"30\" data-grid-col-space=\"40\" style=\"margin: -20px -20px 0;min-height:500px;\"><article id=\"blog-1-post-6157\" class=\"editor-post-grid post-6157 post type-post status-publish format-standard has-post-thumbnail hentry category-heinze category-marktforschung category-pressemeldung\">\n<div class=\"editor-post-wrapper\" style=\"background-color:rgba(242,244,245,1);border:1px solid #f2f4f5;border-bottom-width:3px;\"><div class=\"editor-post-content-wrapper\" style=\"padding:10px 10px 10px 10px;\"><div class=\"editor-post-content post-content\"><h2 class=\"blog-shortcode-post-title entry-title\"><a href=\"https:\/\/www.heinzemedien.de\/studie-informationsverhalten-von-architektinnen-und-planenden\/\">Studie: Informationsverhalten von Architekt:innen und Planenden<\/a><\/h2><p class=\"editor-single-line-meta\"><span>21.04.2026<\/span><span class=\"editor-inline-sep\">|<\/span><\/p><\/div><\/div><div class=\"editor-clearfix\"><\/div><\/div>\n<\/article>\n<article id=\"blog-1-post-6143\" class=\"editor-post-grid post-6143 post type-post status-publish format-standard has-post-thumbnail hentry category-heinze category-marktforschung category-pressemeldung\">\n<div class=\"editor-post-wrapper\" style=\"background-color:rgba(242,244,245,1);border:1px solid #f2f4f5;border-bottom-width:3px;\"><div class=\"editor-post-content-wrapper\" style=\"padding:10px 10px 10px 10px;\"><div class=\"editor-post-content post-content\"><h2 class=\"blog-shortcode-post-title entry-title\"><a href=\"https:\/\/www.heinzemedien.de\/was-haben-kinderwagen-mit-baugenehmigungen-zu-tun\/\">Was haben Kinderwagen mit Baugenehmigungen zu tun?<\/a><\/h2><p class=\"editor-single-line-meta\"><span>19.03.2026<\/span><span class=\"editor-inline-sep\">|<\/span><\/p><\/div><\/div><div class=\"editor-clearfix\"><\/div><\/div>\n<\/article>\n<article id=\"blog-1-post-6114\" class=\"editor-post-grid post-6114 post type-post status-publish format-standard has-post-thumbnail hentry category-events category-heinze category-pressemeldung\">\n<div class=\"editor-post-wrapper\" style=\"background-color:rgba(242,244,245,1);border:1px solid #f2f4f5;border-bottom-width:3px;\"><div class=\"editor-post-content-wrapper\" style=\"padding:10px 10px 10px 10px;\"><div class=\"editor-post-content post-content\"><h2 class=\"blog-shortcode-post-title entry-title\"><a href=\"https:\/\/www.heinzemedien.de\/heinze-architektour-2026-ab-juni-mit-realisierter-architektur\/\">Heinze ArchitekTOUR 2026 ab Juni mit realisierter Architektur<\/a><\/h2><p class=\"editor-single-line-meta\"><span>25.02.2026<\/span><span class=\"editor-inline-sep\">|<\/span><\/p><\/div><\/div><div class=\"editor-clearfix\"><\/div><\/div>\n<\/article>\n<article id=\"blog-1-post-6104\" class=\"editor-post-grid post-6104 post type-post status-publish format-standard has-post-thumbnail hentry category-events category-heinze category-pressemeldung\">\n<div class=\"editor-post-wrapper\" style=\"background-color:rgba(242,244,245,1);border:1px solid #f2f4f5;border-bottom-width:3px;\"><div class=\"editor-post-content-wrapper\" style=\"padding:10px 10px 10px 10px;\"><div class=\"editor-post-content post-content\"><h2 class=\"blog-shortcode-post-title entry-title\"><a href=\"https:\/\/www.heinzemedien.de\/digitalbau-koeln-heinze-laedt-zum-exklusiven-architects-run-ein\/\">digitalBAU K\u00f6ln: Heinze l\u00e4dt zum exklusiven Architects\u2019 Run ein<\/a><\/h2><p class=\"editor-single-line-meta\"><span>24.02.2026<\/span><span class=\"editor-inline-sep\">|<\/span><\/p><\/div><\/div><div class=\"editor-clearfix\"><\/div><\/div>\n<\/article>\n<article id=\"blog-1-post-6070\" class=\"editor-post-grid post-6070 post type-post status-publish format-standard has-post-thumbnail hentry category-events category-heinze category-pressemeldung\">\n<div class=\"editor-post-wrapper\" style=\"background-color:rgba(242,244,245,1);border:1px solid #f2f4f5;border-bottom-width:3px;\"><div class=\"editor-post-content-wrapper\" style=\"padding:10px 10px 10px 10px;\"><div class=\"editor-post-content post-content\"><h2 class=\"blog-shortcode-post-title entry-title\"><a href=\"https:\/\/www.heinzemedien.de\/bauwende-heinze-architekturaward-2026-gestartet\/\">Bauwende: Heinze ArchitekturAWARD 2026 gestartet<\/a><\/h2><p class=\"editor-single-line-meta\"><span>12.02.2026<\/span><span class=\"editor-inline-sep\">|<\/span><\/p><\/div><\/div><div class=\"editor-clearfix\"><\/div><\/div>\n<\/article>\n<div class=\"editor-clearfix\"><\/div><\/div><div class=\"editor-infinite-scroll-trigger\"><\/div><div class=\"pagination infinite-scroll clearfix\" style=\"display:none;\"><span class=\"current\">1<\/span><a href=\"https:\/\/www.heinzemedien.de\/heinze-api\/wp\/v2\/posts\/5590\/page\/2\/\" class=\"inactive\">2<\/a><a class=\"pagination-next\" rel=\"next\" href=\"https:\/\/www.heinzemedien.de\/heinze-api\/wp\/v2\/posts\/5590\/page\/2\/\"><span class=\"page-text\">Vor<\/span><span class=\"page-next\"><\/span><\/a><\/div><div class=\"editor-clearfix\"><\/div><button class=\"editor-load-more-button editor-blog-button editor-clearfix\">Mehr Beitr\u00e4ge laden<\/button><\/div><div class=\"editor-clearfix\"><\/div><\/div><\/div><\/div><div class=\"editor-clearfix\"><\/div><\/div><\/div><div class=\"editor-layout-column editor_builder_column editor-builder-column-2 editor_builder_column_1_6 1_6 editor-one-sixth editor-column-last editor-no-small-visibility editor-no-medium-visibility\" style=\"--awb-bg-size:cover;width:16.666666666667%;width:calc(16.666666666667% - ( ( 4% + 4% ) * 0.16666666666667 ) );\"><div class=\"editor-column-wrapper editor-column-has-shadow editor-flex-column-wrapper-legacy\"><div class=\"editor-clearfix\"><\/div><\/div><\/div><\/div><\/div>\n","protected":false},"excerpt":{"rendered":"","protected":false},"author":884,"featured_media":5595,"comment_status":"closed","ping_status":"closed","sticky":false,"template":"","format":"standard","meta":{"footnotes":""},"categories":[74,24,67],"tags":[],"class_list":["post-5590","post","type-post","status-publish","format-standard","has-post-thumbnail","hentry","category-heinze","category-marktforschung","category-pressemeldung"],"seo_head":"<!-- This site is optimized with the Yoast SEO plugin v27.2 - https:\/\/yoast.com\/product\/yoast-seo-wordpress\/ -->\n<title>Exportgesch\u00e4ft deutscher Bauprodukthersteller unter Druck - Heinze - Your Networking Company<\/title>\n<meta name=\"description\" content=\"Die Bedeutung des Exports nimmt f\u00fcr Hersteller von Bau-, Einrichtungs- und Ausstattungsproduktenab \u2013 nicht abrupt, aber sp\u00fcrbar.\" \/>\n<meta name=\"robots\" content=\"index, follow, max-snippet:-1, max-image-preview:large, max-video-preview:-1\" \/>\n<link rel=\"canonical\" href=\"https:\/\/www.heinzemedien.de\/exportgeschaeft-deutscher-bauprodukthersteller-unter-druck\/\" \/>\n<meta property=\"og:locale\" content=\"de_DE\" \/>\n<meta property=\"og:type\" content=\"article\" \/>\n<meta property=\"og:title\" content=\"Exportgesch\u00e4ft deutscher Bauprodukthersteller unter Druck - Heinze - Your Networking Company\" \/>\n<meta property=\"og:description\" content=\"Die Bedeutung des Exports nimmt f\u00fcr Hersteller von Bau-, Einrichtungs- und Ausstattungsproduktenab \u2013 nicht abrupt, aber sp\u00fcrbar.\" \/>\n<meta property=\"og:url\" content=\"https:\/\/www.heinzemedien.de\/exportgeschaeft-deutscher-bauprodukthersteller-unter-druck\/\" \/>\n<meta property=\"og:site_name\" content=\"Heinze - Your Networking Company\" \/>\n<meta property=\"article:published_time\" content=\"2025-08-04T13:53:34+00:00\" \/>\n<meta property=\"article:modified_time\" content=\"2025-08-05T13:51:32+00:00\" \/>\n<meta property=\"og:image\" content=\"https:\/\/www.heinzemedien.de\/data\/uploads\/2025\/08\/Bild_PM_Exportgeschaeft-deutscher-Bauprodukthersteller-unter-Druck_Exportlaender665x225px1.jpg\" \/>\n\t<meta property=\"og:image:width\" content=\"665\" \/>\n\t<meta property=\"og:image:height\" content=\"225\" \/>\n\t<meta property=\"og:image:type\" content=\"image\/jpeg\" \/>\n<meta name=\"author\" content=\"Nadine Choudiakis\" \/>\n<meta name=\"twitter:card\" content=\"summary_large_image\" \/>\n<meta name=\"twitter:label1\" content=\"Verfasst von\" \/>\n\t<meta name=\"twitter:data1\" content=\"Nadine Choudiakis\" \/>\n\t<meta name=\"twitter:label2\" content=\"Gesch\u00e4tzte Lesezeit\" \/>\n\t<meta name=\"twitter:data2\" content=\"4\u00a0Minuten\" \/>\n<script type=\"application\/ld+json\" class=\"seo-schema-graph\">{\"@context\":\"https:\/\/schema.org\",\"@graph\":[{\"@type\":\"Article\",\"@id\":\"https:\/\/www.heinzemedien.de\/exportgeschaeft-deutscher-bauprodukthersteller-unter-druck\/#article\",\"isPartOf\":{\"@id\":\"https:\/\/www.heinzemedien.de\/exportgeschaeft-deutscher-bauprodukthersteller-unter-druck\/\"},\"author\":{\"name\":\"Nadine Choudiakis\",\"@id\":\"https:\/\/www.heinzemedien.de\/#\/schema\/person\/f7310cc6031163d3d3d76ce73c32817d\"},\"headline\":\"Exportgesch\u00e4ft deutscher Bauprodukthersteller unter Druck\",\"datePublished\":\"2025-08-04T13:53:34+00:00\",\"dateModified\":\"2025-08-05T13:51:32+00:00\",\"mainEntityOfPage\":{\"@id\":\"https:\/\/www.heinzemedien.de\/exportgeschaeft-deutscher-bauprodukthersteller-unter-druck\/\"},\"wordCount\":3577,\"publisher\":{\"@id\":\"https:\/\/www.heinzemedien.de\/#organization\"},\"image\":{\"@id\":\"https:\/\/www.heinzemedien.de\/exportgeschaeft-deutscher-bauprodukthersteller-unter-druck\/#primaryimage\"},\"thumbnailUrl\":\"https:\/\/www.heinzemedien.de\/data\/uploads\/2025\/08\/Bild_PM_Exportgeschaeft-deutscher-Bauprodukthersteller-unter-Druck_Exportlaender665x225px1.jpg\",\"articleSection\":[\"Heinze\",\"Marktforschung\",\"Pressemeldung\"],\"inLanguage\":\"de\"},{\"@type\":\"WebPage\",\"@id\":\"https:\/\/www.heinzemedien.de\/exportgeschaeft-deutscher-bauprodukthersteller-unter-druck\/\",\"url\":\"https:\/\/www.heinzemedien.de\/exportgeschaeft-deutscher-bauprodukthersteller-unter-druck\/\",\"name\":\"Exportgesch\u00e4ft deutscher Bauprodukthersteller unter Druck - Heinze - Your Networking Company\",\"isPartOf\":{\"@id\":\"https:\/\/www.heinzemedien.de\/#website\"},\"primaryImageOfPage\":{\"@id\":\"https:\/\/www.heinzemedien.de\/exportgeschaeft-deutscher-bauprodukthersteller-unter-druck\/#primaryimage\"},\"image\":{\"@id\":\"https:\/\/www.heinzemedien.de\/exportgeschaeft-deutscher-bauprodukthersteller-unter-druck\/#primaryimage\"},\"thumbnailUrl\":\"https:\/\/www.heinzemedien.de\/data\/uploads\/2025\/08\/Bild_PM_Exportgeschaeft-deutscher-Bauprodukthersteller-unter-Druck_Exportlaender665x225px1.jpg\",\"datePublished\":\"2025-08-04T13:53:34+00:00\",\"dateModified\":\"2025-08-05T13:51:32+00:00\",\"description\":\"Die Bedeutung des Exports nimmt f\u00fcr Hersteller von Bau-, Einrichtungs- und Ausstattungsproduktenab \u2013 nicht abrupt, aber sp\u00fcrbar.\",\"breadcrumb\":{\"@id\":\"https:\/\/www.heinzemedien.de\/exportgeschaeft-deutscher-bauprodukthersteller-unter-druck\/#breadcrumb\"},\"inLanguage\":\"de\",\"potentialAction\":[{\"@type\":\"ReadAction\",\"target\":[\"https:\/\/www.heinzemedien.de\/exportgeschaeft-deutscher-bauprodukthersteller-unter-druck\/\"]}]},{\"@type\":\"ImageObject\",\"inLanguage\":\"de\",\"@id\":\"https:\/\/www.heinzemedien.de\/exportgeschaeft-deutscher-bauprodukthersteller-unter-druck\/#primaryimage\",\"url\":\"https:\/\/www.heinzemedien.de\/data\/uploads\/2025\/08\/Bild_PM_Exportgeschaeft-deutscher-Bauprodukthersteller-unter-Druck_Exportlaender665x225px1.jpg\",\"contentUrl\":\"https:\/\/www.heinzemedien.de\/data\/uploads\/2025\/08\/Bild_PM_Exportgeschaeft-deutscher-Bauprodukthersteller-unter-Druck_Exportlaender665x225px1.jpg\",\"width\":665,\"height\":225},{\"@type\":\"BreadcrumbList\",\"@id\":\"https:\/\/www.heinzemedien.de\/exportgeschaeft-deutscher-bauprodukthersteller-unter-druck\/#breadcrumb\",\"itemListElement\":[{\"@type\":\"ListItem\",\"position\":1,\"name\":\"Startseite\",\"item\":\"https:\/\/www.heinzemedien.de\/\"},{\"@type\":\"ListItem\",\"position\":2,\"name\":\"Exportgesch\u00e4ft deutscher Bauprodukthersteller unter Druck\"}]},{\"@type\":\"WebSite\",\"@id\":\"https:\/\/www.heinzemedien.de\/#website\",\"url\":\"https:\/\/www.heinzemedien.de\/\",\"name\":\"Heinze - Your Networking Company\",\"description\":\"\",\"publisher\":{\"@id\":\"https:\/\/www.heinzemedien.de\/#organization\"},\"potentialAction\":[{\"@type\":\"SearchAction\",\"target\":{\"@type\":\"EntryPoint\",\"urlTemplate\":\"https:\/\/www.heinzemedien.de\/?s={search_term_string}\"},\"query-input\":{\"@type\":\"PropertyValueSpecification\",\"valueRequired\":true,\"valueName\":\"search_term_string\"}}],\"inLanguage\":\"de\"},{\"@type\":\"Organization\",\"@id\":\"https:\/\/www.heinzemedien.de\/#organization\",\"name\":\"Heinze GmbH\",\"url\":\"https:\/\/www.heinzemedien.de\/\",\"logo\":{\"@type\":\"ImageObject\",\"inLanguage\":\"de\",\"@id\":\"https:\/\/www.heinzemedien.de\/#\/schema\/logo\/image\/\",\"url\":\"\",\"contentUrl\":\"\",\"caption\":\"Heinze GmbH\"},\"image\":{\"@id\":\"https:\/\/www.heinzemedien.de\/#\/schema\/logo\/image\/\"}},{\"@type\":\"Person\",\"@id\":\"https:\/\/www.heinzemedien.de\/#\/schema\/person\/f7310cc6031163d3d3d76ce73c32817d\",\"name\":\"Nadine Choudiakis\",\"image\":{\"@type\":\"ImageObject\",\"inLanguage\":\"de\",\"@id\":\"https:\/\/secure.gravatar.com\/avatar\/a235d2e0a22093f01f77bcbdb5a8bf3bc31705de548b8bc8a3045d5788522934?s=96&d=mm&r=g\",\"url\":\"https:\/\/secure.gravatar.com\/avatar\/a235d2e0a22093f01f77bcbdb5a8bf3bc31705de548b8bc8a3045d5788522934?s=96&d=mm&r=g\",\"contentUrl\":\"https:\/\/secure.gravatar.com\/avatar\/a235d2e0a22093f01f77bcbdb5a8bf3bc31705de548b8bc8a3045d5788522934?s=96&d=mm&r=g\",\"caption\":\"Nadine Choudiakis\"},\"url\":\"https:\/\/www.heinzemedien.de\/author\/choudiakis\/\"}]}<\/script>\n<!-- \/ Yoast SEO plugin. -->","seo_head_json":{"title":"Exportgesch\u00e4ft deutscher Bauprodukthersteller unter Druck - Heinze - Your Networking Company","description":"Die Bedeutung des Exports nimmt f\u00fcr Hersteller von Bau-, Einrichtungs- und Ausstattungsproduktenab \u2013 nicht abrupt, aber sp\u00fcrbar.","robots":{"index":"index","follow":"follow","max-snippet":"max-snippet:-1","max-image-preview":"max-image-preview:large","max-video-preview":"max-video-preview:-1"},"canonical":"https:\/\/www.heinzemedien.de\/exportgeschaeft-deutscher-bauprodukthersteller-unter-druck\/","og_locale":"de_DE","og_type":"article","og_title":"Exportgesch\u00e4ft deutscher Bauprodukthersteller unter Druck - Heinze - Your Networking Company","og_description":"Die Bedeutung des Exports nimmt f\u00fcr Hersteller von Bau-, Einrichtungs- und Ausstattungsproduktenab \u2013 nicht abrupt, aber sp\u00fcrbar.","og_url":"https:\/\/www.heinzemedien.de\/exportgeschaeft-deutscher-bauprodukthersteller-unter-druck\/","og_site_name":"Heinze - Your Networking Company","article_published_time":"2025-08-04T13:53:34+00:00","article_modified_time":"2025-08-05T13:51:32+00:00","og_image":[{"width":665,"height":225,"url":"https:\/\/www.heinzemedien.de\/data\/uploads\/2025\/08\/Bild_PM_Exportgeschaeft-deutscher-Bauprodukthersteller-unter-Druck_Exportlaender665x225px1.jpg","type":"image\/jpeg"}],"author":"Nadine Choudiakis","twitter_card":"summary_large_image","twitter_misc":{"Verfasst von":"Nadine Choudiakis","Gesch\u00e4tzte Lesezeit":"4\u00a0Minuten"},"schema":{"@context":"https:\/\/schema.org","@graph":[{"@type":"Article","@id":"https:\/\/www.heinzemedien.de\/exportgeschaeft-deutscher-bauprodukthersteller-unter-druck\/#article","isPartOf":{"@id":"https:\/\/www.heinzemedien.de\/exportgeschaeft-deutscher-bauprodukthersteller-unter-druck\/"},"author":{"name":"Nadine Choudiakis","@id":"https:\/\/www.heinzemedien.de\/#\/schema\/person\/f7310cc6031163d3d3d76ce73c32817d"},"headline":"Exportgesch\u00e4ft deutscher Bauprodukthersteller unter Druck","datePublished":"2025-08-04T13:53:34+00:00","dateModified":"2025-08-05T13:51:32+00:00","mainEntityOfPage":{"@id":"https:\/\/www.heinzemedien.de\/exportgeschaeft-deutscher-bauprodukthersteller-unter-druck\/"},"wordCount":3577,"publisher":{"@id":"https:\/\/www.heinzemedien.de\/#organization"},"image":{"@id":"https:\/\/www.heinzemedien.de\/exportgeschaeft-deutscher-bauprodukthersteller-unter-druck\/#primaryimage"},"thumbnailUrl":"https:\/\/www.heinzemedien.de\/data\/uploads\/2025\/08\/Bild_PM_Exportgeschaeft-deutscher-Bauprodukthersteller-unter-Druck_Exportlaender665x225px1.jpg","articleSection":["Heinze","Marktforschung","Pressemeldung"],"inLanguage":"de"},{"@type":"WebPage","@id":"https:\/\/www.heinzemedien.de\/exportgeschaeft-deutscher-bauprodukthersteller-unter-druck\/","url":"https:\/\/www.heinzemedien.de\/exportgeschaeft-deutscher-bauprodukthersteller-unter-druck\/","name":"Exportgesch\u00e4ft deutscher Bauprodukthersteller unter Druck - Heinze - Your Networking Company","isPartOf":{"@id":"https:\/\/www.heinzemedien.de\/#website"},"primaryImageOfPage":{"@id":"https:\/\/www.heinzemedien.de\/exportgeschaeft-deutscher-bauprodukthersteller-unter-druck\/#primaryimage"},"image":{"@id":"https:\/\/www.heinzemedien.de\/exportgeschaeft-deutscher-bauprodukthersteller-unter-druck\/#primaryimage"},"thumbnailUrl":"https:\/\/www.heinzemedien.de\/data\/uploads\/2025\/08\/Bild_PM_Exportgeschaeft-deutscher-Bauprodukthersteller-unter-Druck_Exportlaender665x225px1.jpg","datePublished":"2025-08-04T13:53:34+00:00","dateModified":"2025-08-05T13:51:32+00:00","description":"Die Bedeutung des Exports nimmt f\u00fcr Hersteller von Bau-, Einrichtungs- und Ausstattungsproduktenab \u2013 nicht abrupt, aber sp\u00fcrbar.","breadcrumb":{"@id":"https:\/\/www.heinzemedien.de\/exportgeschaeft-deutscher-bauprodukthersteller-unter-druck\/#breadcrumb"},"inLanguage":"de","potentialAction":[{"@type":"ReadAction","target":["https:\/\/www.heinzemedien.de\/exportgeschaeft-deutscher-bauprodukthersteller-unter-druck\/"]}]},{"@type":"ImageObject","inLanguage":"de","@id":"https:\/\/www.heinzemedien.de\/exportgeschaeft-deutscher-bauprodukthersteller-unter-druck\/#primaryimage","url":"https:\/\/www.heinzemedien.de\/data\/uploads\/2025\/08\/Bild_PM_Exportgeschaeft-deutscher-Bauprodukthersteller-unter-Druck_Exportlaender665x225px1.jpg","contentUrl":"https:\/\/www.heinzemedien.de\/data\/uploads\/2025\/08\/Bild_PM_Exportgeschaeft-deutscher-Bauprodukthersteller-unter-Druck_Exportlaender665x225px1.jpg","width":665,"height":225},{"@type":"BreadcrumbList","@id":"https:\/\/www.heinzemedien.de\/exportgeschaeft-deutscher-bauprodukthersteller-unter-druck\/#breadcrumb","itemListElement":[{"@type":"ListItem","position":1,"name":"Startseite","item":"https:\/\/www.heinzemedien.de\/"},{"@type":"ListItem","position":2,"name":"Exportgesch\u00e4ft deutscher Bauprodukthersteller unter Druck"}]},{"@type":"WebSite","@id":"https:\/\/www.heinzemedien.de\/#website","url":"https:\/\/www.heinzemedien.de\/","name":"Heinze - Your Networking Company","description":"","publisher":{"@id":"https:\/\/www.heinzemedien.de\/#organization"},"potentialAction":[{"@type":"SearchAction","target":{"@type":"EntryPoint","urlTemplate":"https:\/\/www.heinzemedien.de\/?s={search_term_string}"},"query-input":{"@type":"PropertyValueSpecification","valueRequired":true,"valueName":"search_term_string"}}],"inLanguage":"de"},{"@type":"Organization","@id":"https:\/\/www.heinzemedien.de\/#organization","name":"Heinze GmbH","url":"https:\/\/www.heinzemedien.de\/","logo":{"@type":"ImageObject","inLanguage":"de","@id":"https:\/\/www.heinzemedien.de\/#\/schema\/logo\/image\/","url":"","contentUrl":"","caption":"Heinze GmbH"},"image":{"@id":"https:\/\/www.heinzemedien.de\/#\/schema\/logo\/image\/"}},{"@type":"Person","@id":"https:\/\/www.heinzemedien.de\/#\/schema\/person\/f7310cc6031163d3d3d76ce73c32817d","name":"Nadine Choudiakis","image":{"@type":"ImageObject","inLanguage":"de","@id":"https:\/\/secure.gravatar.com\/avatar\/a235d2e0a22093f01f77bcbdb5a8bf3bc31705de548b8bc8a3045d5788522934?s=96&d=mm&r=g","url":"https:\/\/secure.gravatar.com\/avatar\/a235d2e0a22093f01f77bcbdb5a8bf3bc31705de548b8bc8a3045d5788522934?s=96&d=mm&r=g","contentUrl":"https:\/\/secure.gravatar.com\/avatar\/a235d2e0a22093f01f77bcbdb5a8bf3bc31705de548b8bc8a3045d5788522934?s=96&d=mm&r=g","caption":"Nadine Choudiakis"},"url":"https:\/\/www.heinzemedien.de\/author\/choudiakis\/"}]}},"_links":{"self":[{"href":"https:\/\/www.heinzemedien.de\/heinze-api\/wp\/v2\/posts\/5590","targetHints":{"allow":["GET"]}}],"collection":[{"href":"https:\/\/www.heinzemedien.de\/heinze-api\/wp\/v2\/posts"}],"about":[{"href":"https:\/\/www.heinzemedien.de\/heinze-api\/wp\/v2\/types\/post"}],"author":[{"embeddable":true,"href":"https:\/\/www.heinzemedien.de\/heinze-api\/wp\/v2\/users\/884"}],"replies":[{"embeddable":true,"href":"https:\/\/www.heinzemedien.de\/heinze-api\/wp\/v2\/comments?post=5590"}],"version-history":[{"count":0,"href":"https:\/\/www.heinzemedien.de\/heinze-api\/wp\/v2\/posts\/5590\/revisions"}],"wp:featuredmedia":[{"embeddable":true,"href":"https:\/\/www.heinzemedien.de\/heinze-api\/wp\/v2\/media\/5595"}],"wp:attachment":[{"href":"https:\/\/www.heinzemedien.de\/heinze-api\/wp\/v2\/media?parent=5590"}],"wp:term":[{"taxonomy":"category","embeddable":true,"href":"https:\/\/www.heinzemedien.de\/heinze-api\/wp\/v2\/categories?post=5590"},{"taxonomy":"post_tag","embeddable":true,"href":"https:\/\/www.heinzemedien.de\/heinze-api\/wp\/v2\/tags?post=5590"}],"curies":[{"name":"wp","href":"https:\/\/api.w.org\/{rel}","templated":true}]}}