{"id":4365,"date":"2024-05-13T14:41:17","date_gmt":"2024-05-13T12:41:17","guid":{"rendered":"https:\/\/www.heinzemedien.de\/?p=4365"},"modified":"2024-05-28T11:52:20","modified_gmt":"2024-05-28T09:52:20","slug":"events-zukunft-hautnah-des-bauens","status":"publish","type":"post","link":"https:\/\/www.heinzemedien.de\/events-zukunft-hautnah-des-bauens\/","title":{"rendered":"Heinze Events: Die Zukunft des Bauens hautnah"},"content":{"rendered":"<div class=\"editor-fullwidth fullwidth-box editor-builder-row-1 nonhundred-percent-fullwidth non-hundred-percent-height-scrolling\" style=\"--awb-border-radius-top-left:0px;--awb-border-radius-top-right:0px;--awb-border-radius-bottom-right:0px;--awb-border-radius-bottom-left:0px;--awb-padding-top:70px;--awb-padding-bottom:70px;--awb-margin-top:1px;--awb-background-color:#ffffff;--awb-flex-wrap:wrap;\" ><div class=\"editor-builder-row editor-row\"><div class=\"editor-layout-column editor_builder_column editor-builder-column-0 editor_builder_column_1_6 1_6 editor-one-sixth editor-column-first editor-no-small-visibility editor-no-medium-visibility\" style=\"--awb-bg-size:cover;width:16.666666666667%;width:calc(16.666666666667% - ( ( 4% + 4% ) * 0.16666666666667 ) );margin-right: 4%;\"><div class=\"editor-column-wrapper editor-column-has-shadow editor-flex-column-wrapper-legacy\"><div class=\"editor-clearfix\"><\/div><\/div><\/div><div class=\"editor-layout-column editor_builder_column editor-builder-column-1 editor_builder_column_2_3 2_3 editor-two-third mediumFullSizeColumn\" style=\"--awb-bg-size:cover;width:66.666666666667%;width:calc(66.666666666667% - ( ( 4% + 4% ) * 0.66666666666667 ) );margin-right: 4%;\"><div class=\"editor-column-wrapper editor-column-has-shadow editor-flex-column-wrapper-legacy\"><div class=\"editor-builder-row editor-builder-row-inner editor-row\"><div class=\"editor-layout-column editor_builder_column_inner editor-builder-nested-column-0 editor_builder_column_inner_2_3 2_3 editor-two-third editor-column-first\" style=\"--awb-padding-bottom:30px;--awb-bg-size:cover;width:66.666666666667%;width:calc(66.666666666667% - ( ( 4% ) * 0.66666666666667 ) );margin-right: 4%;\"><div class=\"editor-column-wrapper editor-column-has-shadow editor-flex-column-wrapper-legacy\"><div class=\"editor-image-element in-legacy-container\" style=\"--awb-caption-title-font-family:var(--h2_typography-font-family);--awb-caption-title-font-weight:var(--h2_typography-font-weight);--awb-caption-title-font-style:var(--h2_typography-font-style);--awb-caption-title-size:12px;--awb-caption-title-transform:var(--h2_typography-text-transform);--awb-caption-title-line-height:var(--h2_typography-line-height);--awb-caption-title-letter-spacing:var(--h2_typography-letter-spacing);\"><span class=\" editor-imageframe imageframe-none imageframe-1 hover-type-none\"><img decoding=\"async\" width=\"665\" height=\"375\" alt=\"Heinze Events, Veranstaltungen, Architektur, Kongresse, Messen, Klimafestival\" title=\"Heinze ArchitekTOUR Frankfurt 2022 HQ_1XII7359_665x375px\" src=\"https:\/\/www.heinzemedien.de\/data\/uploads\/2022\/10\/Heinze-ArchitekTOUR-Frankfurt-2022-HQ_1XII7359_665x375px.jpg\" data-orig-src=\"https:\/\/www.heinzemedien.de\/data\/uploads\/2022\/10\/Heinze-ArchitekTOUR-Frankfurt-2022-HQ_1XII7359_665x375px.jpg\" class=\"lazyload img-responsive hz-image-3300\" srcset=\"data:image\/svg+xml,%3Csvg%20xmlns%3D%27http%3A%2F%2Fwww.w3.org%2F2000%2Fsvg%27%20width%3D%27665%27%20height%3D%27375%27%20viewBox%3D%270%200%20665%20375%27%3E%3Crect%20width%3D%27665%27%20height%3D%27375%27%20fill-opacity%3D%220%22%2F%3E%3C%2Fsvg%3E\" data-srcset=\"https:\/\/www.heinzemedien.de\/data\/uploads\/2022\/10\/Heinze-ArchitekTOUR-Frankfurt-2022-HQ_1XII7359_665x375px-200x113.jpg 200w, https:\/\/www.heinzemedien.de\/data\/uploads\/2022\/10\/Heinze-ArchitekTOUR-Frankfurt-2022-HQ_1XII7359_665x375px-400x226.jpg 400w, https:\/\/www.heinzemedien.de\/data\/uploads\/2022\/10\/Heinze-ArchitekTOUR-Frankfurt-2022-HQ_1XII7359_665x375px-600x338.jpg 600w, https:\/\/www.heinzemedien.de\/data\/uploads\/2022\/10\/Heinze-ArchitekTOUR-Frankfurt-2022-HQ_1XII7359_665x375px.jpg 665w\" data-sizes=\"auto\" data-orig-sizes=\"(max-width: 768px) 100vw, 665px\" \/><\/span><\/div><div class=\"editor-sep-clear\"><\/div><div class=\"editor-separator editor-full-width-sep\" style=\"margin-left: auto;margin-right: auto;margin-top:20px;margin-bottom:20px;width:100%;\"><\/div><div class=\"editor-sep-clear\"><\/div><div class=\"editor-text editor-text-1\" style=\"--awb-text-transform:none;\"><h2><strong>Vielf\u00e4ltige Veranstaltungsformate f\u00fcr jeden Bedarf<\/strong><\/h2>\n<p>Willkommen bei <a href=\"https:\/\/www.heinzemedien.de\/leistungen\/events\/\">Heinze Events<\/a>, Ihrem Tor zur Zukunft des Bauens! Wir laden Sie ein, in die Welt der Innovation und Kompetenz einzutauchen, die Heinze seit Jahren erfolgreich gestaltet, einschlie\u00dflich hochkar\u00e4tiger Veranstaltungen der Architekturszene. Als <strong>f\u00fchrender Anbieter<\/strong> im Eventmanagement f\u00fcr die Baubranche bieten wir ein breites Spektrum von <strong>inspirierenden Konferenzen und Messen bis hin zu exklusiven Networking<\/strong>-Aktivit\u00e4ten. Unser Ziel ist es, Ihnen die Plattform zu bieten, um sich mit Branchenexperten zu vernetzen, die neuesten Trends und Kreativit\u00e4t zu entdecken und Ihr Unternehmen auf die n\u00e4chste Stufe zu bringen.<\/p>\n<\/div><div class=\"editor-sep-clear\"><\/div><div class=\"editor-separator editor-full-width-sep\" style=\"margin-left: auto;margin-right: auto;margin-top:20px;margin-bottom:20px;width:100%;\"><\/div><div class=\"editor-sep-clear\"><\/div><div class=\"editor-image-before-after-wrapper editor-image-before-after-horizontal type-before-after hover-type-together editor-image-before-after-wrapper-1\" style=\"--awb-font-size:13px;--awb-bordersize:0px;--awb-accent-color-bg:rgba(255,255,255,0.15);--awb-transition-time:0.5s;\"><div class=\"editor-image-before-after-element editor-image-before-after editor-image-before-after-container editor-image-before-after-1\" data-offset=\"0.5\" data-orientation=\"horizontal\" data-move-with-handle-only=\"true\" data-click-to-move=\"true\"><img decoding=\"async\" class=\"editor-image-before-after-before lazyload\" src=\"data:image\/svg+xml,%3Csvg%20xmlns%3D%27http%3A%2F%2Fwww.w3.org%2F2000%2Fsvg%27%20width%3D%27665%27%20height%3D%27375%27%20viewBox%3D%270%200%20665%20375%27%3E%3Crect%20width%3D%27665%27%20height%3D%27375%27%20fill-opacity%3D%220%22%2F%3E%3C%2Fsvg%3E\" width=\"665\" height=\"375\" data-orig-src=\"https:\/\/www.heinzemedien.de\/data\/uploads\/2021\/06\/baunetz_id_virtuell_Nachbericht3_665x375.png\"><img decoding=\"async\" class=\"editor-image-before-after-after lazyload\" src=\"data:image\/svg+xml,%3Csvg%20xmlns%3D%27http%3A%2F%2Fwww.w3.org%2F2000%2Fsvg%27%20width%3D%27665%27%20height%3D%27375%27%20viewBox%3D%270%200%20665%20375%27%3E%3Crect%20width%3D%27665%27%20height%3D%27375%27%20fill-opacity%3D%220%22%2F%3E%3C%2Fsvg%3E\" width=\"665\" height=\"375\" data-orig-src=\"https:\/\/www.heinzemedien.de\/data\/uploads\/2021\/05\/2021_PM_VHAT3_Nachbericht_665x375.png\"><div class=\"editor-image-before-after-handle editor-image-before-after-handle-default\"><span class=\"editor-image-before-after-left-arrow\"><\/span><span class=\"editor-image-before-after-right-arrow\"><\/span><\/div><\/div><\/div><div class=\"editor-sep-clear\"><\/div><div class=\"editor-separator editor-full-width-sep\" style=\"margin-left: auto;margin-right: auto;margin-top:20px;margin-bottom:20px;width:100%;\"><\/div><div class=\"editor-sep-clear\"><\/div><div class=\"editor-text editor-text-2\" style=\"--awb-text-transform:none;\"><h3><strong>Was zeichnet Heinze Events aus? <\/strong><\/h3>\n<p>Wir decken alle Facetten der Baubranche ab, von Nachhaltigkeit bis Digitalisierung, inklusive der neuesten Trends in Architektur und urbanem Design. Unsere Veranstaltungen bieten renommierte Referent:innen, interaktive Workshops und <strong>ma\u00dfgeschneiderte Erlebnisse in der Welt der Architektur und des Designs<\/strong>, die darauf abzielen, die Zukunft des Bauens aktiv mitzugestalten. Wir bei Heinze glauben daran, dass durch den Austausch von Ideen und Konzepten sowie durch gemeinsame Anstrengungen die Grenzen des Machbaren im Bauwesen neu definiert werden k\u00f6nnen.<\/p>\n<\/div><div class=\"editor-sep-clear\"><\/div><div class=\"editor-separator editor-full-width-sep\" style=\"margin-left: auto;margin-right: auto;margin-top:20px;margin-bottom:20px;width:100%;\"><\/div><div class=\"editor-sep-clear\"><\/div><div class=\"editor-image-element in-legacy-container\" style=\"--awb-caption-title-font-family:var(--h2_typography-font-family);--awb-caption-title-font-weight:var(--h2_typography-font-weight);--awb-caption-title-font-style:var(--h2_typography-font-style);--awb-caption-title-size:var(--h2_typography-font-size);--awb-caption-title-transform:var(--h2_typography-text-transform);--awb-caption-title-line-height:var(--h2_typography-line-height);--awb-caption-title-letter-spacing:var(--h2_typography-letter-spacing);\"><span class=\" editor-imageframe imageframe-none imageframe-2 hover-type-none\"><img decoding=\"async\" width=\"2560\" height=\"1707\" alt=\"Heinze BauNetz Klimafestival, Bauwende\" title=\"heinze_klimafestival_berlin_2023_hq_-2052\" src=\"https:\/\/www.heinzemedien.de\/data\/uploads\/2024\/05\/heinze_klimafestival_berlin_2023_hq_-2052-scaled.jpg\" data-orig-src=\"https:\/\/www.heinzemedien.de\/data\/uploads\/2024\/05\/heinze_klimafestival_berlin_2023_hq_-2052-scaled.jpg\" class=\"lazyload img-responsive hz-image-4383\" srcset=\"data:image\/svg+xml,%3Csvg%20xmlns%3D%27http%3A%2F%2Fwww.w3.org%2F2000%2Fsvg%27%20width%3D%272560%27%20height%3D%271707%27%20viewBox%3D%270%200%202560%201707%27%3E%3Crect%20width%3D%272560%27%20height%3D%271707%27%20fill-opacity%3D%220%22%2F%3E%3C%2Fsvg%3E\" data-srcset=\"https:\/\/www.heinzemedien.de\/data\/uploads\/2024\/05\/heinze_klimafestival_berlin_2023_hq_-2052-200x133.jpg 200w, https:\/\/www.heinzemedien.de\/data\/uploads\/2024\/05\/heinze_klimafestival_berlin_2023_hq_-2052-400x267.jpg 400w, https:\/\/www.heinzemedien.de\/data\/uploads\/2024\/05\/heinze_klimafestival_berlin_2023_hq_-2052-600x400.jpg 600w, https:\/\/www.heinzemedien.de\/data\/uploads\/2024\/05\/heinze_klimafestival_berlin_2023_hq_-2052-800x533.jpg 800w, https:\/\/www.heinzemedien.de\/data\/uploads\/2024\/05\/heinze_klimafestival_berlin_2023_hq_-2052-1200x800.jpg 1200w, https:\/\/www.heinzemedien.de\/data\/uploads\/2024\/05\/heinze_klimafestival_berlin_2023_hq_-2052-scaled.jpg 2560w\" data-sizes=\"auto\" data-orig-sizes=\"(max-width: 768px) 100vw, 1200px\" \/><\/span><\/div><div class=\"editor-sep-clear\"><\/div><div class=\"editor-separator editor-full-width-sep\" style=\"margin-left: auto;margin-right: auto;margin-top:20px;margin-bottom:20px;width:100%;\"><\/div><div class=\"editor-sep-clear\"><\/div><div class=\"editor-text editor-text-3\" style=\"--awb-text-transform:none;\"><h3><strong>Ein zukunftsweisendes Festival<\/strong><\/h3>\n<p>Ein <strong>herausragendes Beispiel<\/strong> ist das &#8222;Klimafestival f\u00fcr die Bauwende&#8220;, das eine Plattform f\u00fcr Architektur-Aktivit\u00e4ten rund um Nachhaltigkeit, zirkul\u00e4res Bauen, Transformation, Innovation und L\u00f6sungen bietet. Mit hochkar\u00e4tigen Referent:innen wie im vergangenen Jahr Prof. Dr. Werner Sobek und Dr. Ernst Ulrich von Weizs\u00e4cker haben wir dazu aufgerufen, den Bausektor umzustellen, um Bestandsbauten zu erhalten, Abrisse zu vermeiden und Ressourcen zu schonen. <strong>In diesem Jahr findet das Festival zum dritten Mal statt.<\/strong><\/p>\n<\/div><div class=\"editor-sep-clear\"><\/div><div class=\"editor-separator editor-full-width-sep\" style=\"margin-left: auto;margin-right: auto;margin-top:20px;margin-bottom:20px;width:100%;\"><\/div><div class=\"editor-sep-clear\"><\/div><div class=\"editor-image-element in-legacy-container\" style=\"--awb-caption-title-font-family:var(--h2_typography-font-family);--awb-caption-title-font-weight:var(--h2_typography-font-weight);--awb-caption-title-font-style:var(--h2_typography-font-style);--awb-caption-title-size:var(--h2_typography-font-size);--awb-caption-title-transform:var(--h2_typography-text-transform);--awb-caption-title-line-height:var(--h2_typography-line-height);--awb-caption-title-letter-spacing:var(--h2_typography-letter-spacing);\"><span class=\" editor-imageframe imageframe-none imageframe-3 hover-type-none\"><img decoding=\"async\" width=\"665\" height=\"375\" alt=\"Heinze Events, Veranstaltungen, Architektur, Kongresse\" title=\"heinze_architektour_2023_frankfurt_1200px_-37050_665x375px\" src=\"https:\/\/www.heinzemedien.de\/data\/uploads\/2023\/11\/heinze_architektour_2023_frankfurt_1200px_-37050_665x375px.jpg\" data-orig-src=\"https:\/\/www.heinzemedien.de\/data\/uploads\/2023\/11\/heinze_architektour_2023_frankfurt_1200px_-37050_665x375px.jpg\" class=\"lazyload img-responsive hz-image-3757\" srcset=\"data:image\/svg+xml,%3Csvg%20xmlns%3D%27http%3A%2F%2Fwww.w3.org%2F2000%2Fsvg%27%20width%3D%27665%27%20height%3D%27375%27%20viewBox%3D%270%200%20665%20375%27%3E%3Crect%20width%3D%27665%27%20height%3D%27375%27%20fill-opacity%3D%220%22%2F%3E%3C%2Fsvg%3E\" data-srcset=\"https:\/\/www.heinzemedien.de\/data\/uploads\/2023\/11\/heinze_architektour_2023_frankfurt_1200px_-37050_665x375px-200x113.jpg 200w, https:\/\/www.heinzemedien.de\/data\/uploads\/2023\/11\/heinze_architektour_2023_frankfurt_1200px_-37050_665x375px-400x226.jpg 400w, https:\/\/www.heinzemedien.de\/data\/uploads\/2023\/11\/heinze_architektour_2023_frankfurt_1200px_-37050_665x375px-600x338.jpg 600w, https:\/\/www.heinzemedien.de\/data\/uploads\/2023\/11\/heinze_architektour_2023_frankfurt_1200px_-37050_665x375px.jpg 665w\" data-sizes=\"auto\" data-orig-sizes=\"(max-width: 768px) 100vw, 665px\" \/><\/span><\/div><div class=\"editor-sep-clear\"><\/div><div class=\"editor-separator editor-full-width-sep\" style=\"margin-left: auto;margin-right: auto;margin-top:20px;margin-bottom:20px;width:100%;\"><\/div><div class=\"editor-sep-clear\"><\/div><div class=\"editor-text editor-text-4\" style=\"--awb-text-transform:none;\"><h3><strong>Innovative Konferenzen und Austausch<\/strong><\/h3>\n<p>Doch Heinze Events sind weit mehr als nur Konferenzen. Sie sind wahre Highlights. Unsere Netzwerkveranstaltungen bieten zahlreiche Gelegenheiten, sich mit der Zielgruppe zu vernetzen, zum Beispiel mit Architektinnen und Architekten, Planerinnen und Planern, Designerinnen und Designern, Expertinnen und Experten uvm., <strong>Fachwissen auszutauschen und aktuelle Themen zu diskutieren<\/strong>. Von Business Breakfasts, Talks bis hin zu Marktforschungsveranstaltungen in verschiedenen deutschen St\u00e4dten bieten wir zahlreiche M\u00f6glichkeiten, sich einzubringen und mit anderen Branchenexperten in Kontakt zu treten.<\/p>\n<\/div><div class=\"editor-sep-clear\"><\/div><div class=\"editor-separator editor-full-width-sep\" style=\"margin-left: auto;margin-right: auto;margin-top:20px;margin-bottom:20px;width:100%;\"><\/div><div class=\"editor-sep-clear\"><\/div><div class=\"editor-image-before-after-wrapper editor-image-before-after-horizontal type-before-after hover-type-together editor-image-before-after-wrapper-2\" style=\"--awb-font-size:13px;--awb-bordersize:0px;--awb-accent-color-bg:rgba(255,255,255,0.15);--awb-transition-time:0.5s;\"><div class=\"editor-image-before-after-element editor-image-before-after editor-image-before-after-container editor-image-before-after-2\" data-offset=\"0.5\" data-orientation=\"horizontal\" data-move-with-handle-only=\"true\" data-click-to-move=\"true\"><img decoding=\"async\" class=\"editor-image-before-after-before lazyload\" src=\"data:image\/svg+xml,%3Csvg%20xmlns%3D%27http%3A%2F%2Fwww.w3.org%2F2000%2Fsvg%27%20width%3D%27665%27%20height%3D%27375%27%20viewBox%3D%270%200%20665%20375%27%3E%3Crect%20width%3D%27665%27%20height%3D%27375%27%20fill-opacity%3D%220%22%2F%3E%3C%2Fsvg%3E\" width=\"665\" height=\"375\" data-orig-src=\"https:\/\/www.heinzemedien.de\/data\/uploads\/2021\/09\/Heinze_SELECT_665x375.jpg\"><img decoding=\"async\" class=\"editor-image-before-after-after lazyload\" src=\"data:image\/svg+xml,%3Csvg%20xmlns%3D%27http%3A%2F%2Fwww.w3.org%2F2000%2Fsvg%27%20width%3D%272560%27%20height%3D%271920%27%20viewBox%3D%270%200%202560%201920%27%3E%3Crect%20width%3D%272560%27%20height%3D%271920%27%20fill-opacity%3D%220%22%2F%3E%3C%2Fsvg%3E\" width=\"2560\" height=\"1920\" data-orig-src=\"https:\/\/www.heinzemedien.de\/data\/uploads\/2024\/05\/IMG_0817-scaled.jpg\"><div class=\"editor-image-before-after-handle editor-image-before-after-handle-default\"><span class=\"editor-image-before-after-left-arrow\"><\/span><span class=\"editor-image-before-after-right-arrow\"><\/span><\/div><\/div><\/div><div class=\"editor-sep-clear\"><\/div><div class=\"editor-separator editor-full-width-sep\" style=\"margin-left: auto;margin-right: auto;margin-top:20px;margin-bottom:20px;width:100%;\"><\/div><div class=\"editor-sep-clear\"><\/div><div class=\"editor-text editor-text-5\"><h3><strong>Direkter Dialog und ma\u00dfgeschneiderte L\u00f6sungen f\u00fcr Unternehmen<\/strong><\/h3>\n<p>Unsere exklusiven Veranstaltungen wie die &#8222;Heinze ArchitekTOUR&#8220; und &#8222;HEINZE SELECT&#8220; f\u00f6rdern den <strong>direkten Dialog zwischen Anbietern und Entscheidungstr\u00e4gern<\/strong> in der Baubranche. Die &#8222;Heinze Summits&#8220; bieten intensive Workshops und Diskussionen \u00fcber Trends und Innovationen in der Baubranche an exklusiven Orten. Dar\u00fcber hinaus unterst\u00fctzen wir Unternehmen bei der Planung und Durchf\u00fchrung ma\u00dfgeschneiderter Veranstaltungen, die auf ihre spezifischen Bed\u00fcrfnisse zugeschnitten sind.<\/p>\n<\/div><div class=\"editor-sep-clear\"><\/div><div class=\"editor-separator editor-full-width-sep\" style=\"margin-left: auto;margin-right: auto;margin-top:20px;margin-bottom:20px;width:100%;\"><\/div><div class=\"editor-sep-clear\"><\/div><div class=\"editor-image-element in-legacy-container\" style=\"--awb-caption-title-font-family:var(--h2_typography-font-family);--awb-caption-title-font-weight:var(--h2_typography-font-weight);--awb-caption-title-font-style:var(--h2_typography-font-style);--awb-caption-title-size:var(--h2_typography-font-size);--awb-caption-title-transform:var(--h2_typography-text-transform);--awb-caption-title-line-height:var(--h2_typography-line-height);--awb-caption-title-letter-spacing:var(--h2_typography-letter-spacing);\"><span class=\" editor-imageframe imageframe-none imageframe-4 hover-type-none\"><img decoding=\"async\" width=\"1600\" height=\"1067\" alt=\"Heinze Events, Veranstaltungen, Architektur, Kongresse, Messen\" title=\"heinze_bau_muenchen_2023_1600px_-3536\" src=\"https:\/\/www.heinzemedien.de\/data\/uploads\/2024\/05\/heinze_bau_muenchen_2023_1600px_-3536.jpg\" data-orig-src=\"https:\/\/www.heinzemedien.de\/data\/uploads\/2024\/05\/heinze_bau_muenchen_2023_1600px_-3536.jpg\" class=\"lazyload img-responsive hz-image-4382\" srcset=\"data:image\/svg+xml,%3Csvg%20xmlns%3D%27http%3A%2F%2Fwww.w3.org%2F2000%2Fsvg%27%20width%3D%271600%27%20height%3D%271067%27%20viewBox%3D%270%200%201600%201067%27%3E%3Crect%20width%3D%271600%27%20height%3D%271067%27%20fill-opacity%3D%220%22%2F%3E%3C%2Fsvg%3E\" data-srcset=\"https:\/\/www.heinzemedien.de\/data\/uploads\/2024\/05\/heinze_bau_muenchen_2023_1600px_-3536-200x133.jpg 200w, https:\/\/www.heinzemedien.de\/data\/uploads\/2024\/05\/heinze_bau_muenchen_2023_1600px_-3536-400x267.jpg 400w, https:\/\/www.heinzemedien.de\/data\/uploads\/2024\/05\/heinze_bau_muenchen_2023_1600px_-3536-600x400.jpg 600w, https:\/\/www.heinzemedien.de\/data\/uploads\/2024\/05\/heinze_bau_muenchen_2023_1600px_-3536-800x534.jpg 800w, https:\/\/www.heinzemedien.de\/data\/uploads\/2024\/05\/heinze_bau_muenchen_2023_1600px_-3536-1200x800.jpg 1200w, https:\/\/www.heinzemedien.de\/data\/uploads\/2024\/05\/heinze_bau_muenchen_2023_1600px_-3536.jpg 1600w\" data-sizes=\"auto\" data-orig-sizes=\"(max-width: 768px) 100vw, 1200px\" \/><\/span><\/div><div class=\"editor-sep-clear\"><\/div><div class=\"editor-separator editor-full-width-sep\" style=\"margin-left: auto;margin-right: auto;margin-top:20px;margin-bottom:20px;width:100%;\"><\/div><div class=\"editor-sep-clear\"><\/div><div class=\"editor-text editor-text-6\"><h3><strong>Starke Pr\u00e4senz auf Messen<\/strong><\/h3>\n<p>Heinze bietet auch Dienstleistungen zur Organisation von Messeevents an, um Ausstellern dabei zu helfen, das Beste aus ihren Messeauftritten und Ausstellungen herauszuholen. <strong>Von gef\u00fchrten Rundg\u00e4ngen bis hin zu Vortragsveranstaltungen <\/strong>bieten wir eine Vielzahl von M\u00f6glichkeiten, um die Pr\u00e4senz eines Unternehmens auf Messen zu st\u00e4rken und wertvolle Kontakte zu kn\u00fcpfen.<\/p>\n<\/div><div class=\"editor-sep-clear\"><\/div><div class=\"editor-separator editor-full-width-sep\" style=\"margin-left: auto;margin-right: auto;margin-top:20px;margin-bottom:20px;width:100%;\"><\/div><div class=\"editor-sep-clear\"><\/div><div class=\"editor-image-element in-legacy-container\" style=\"--awb-caption-title-font-family:var(--h2_typography-font-family);--awb-caption-title-font-weight:var(--h2_typography-font-weight);--awb-caption-title-font-style:var(--h2_typography-font-style);--awb-caption-title-size:var(--h2_typography-font-size);--awb-caption-title-transform:var(--h2_typography-text-transform);--awb-caption-title-line-height:var(--h2_typography-line-height);--awb-caption-title-letter-spacing:var(--h2_typography-letter-spacing);\"><span class=\" editor-imageframe imageframe-none imageframe-5 hover-type-none\"><img decoding=\"async\" width=\"2560\" height=\"1707\" alt=\"Heinze Events, Veranstaltungen, Architektur, Kongresse, Messen, Klimafestival, Kundenveranstaltungen\" title=\"U8A1783-pr\" src=\"https:\/\/www.heinzemedien.de\/data\/uploads\/2024\/05\/U8A1783-pr-scaled.jpg\" data-orig-src=\"https:\/\/www.heinzemedien.de\/data\/uploads\/2024\/05\/U8A1783-pr-scaled.jpg\" class=\"lazyload img-responsive hz-image-4384\" srcset=\"data:image\/svg+xml,%3Csvg%20xmlns%3D%27http%3A%2F%2Fwww.w3.org%2F2000%2Fsvg%27%20width%3D%272560%27%20height%3D%271707%27%20viewBox%3D%270%200%202560%201707%27%3E%3Crect%20width%3D%272560%27%20height%3D%271707%27%20fill-opacity%3D%220%22%2F%3E%3C%2Fsvg%3E\" data-srcset=\"https:\/\/www.heinzemedien.de\/data\/uploads\/2024\/05\/U8A1783-pr-200x133.jpg 200w, https:\/\/www.heinzemedien.de\/data\/uploads\/2024\/05\/U8A1783-pr-400x267.jpg 400w, https:\/\/www.heinzemedien.de\/data\/uploads\/2024\/05\/U8A1783-pr-600x400.jpg 600w, https:\/\/www.heinzemedien.de\/data\/uploads\/2024\/05\/U8A1783-pr-800x533.jpg 800w, https:\/\/www.heinzemedien.de\/data\/uploads\/2024\/05\/U8A1783-pr-1200x800.jpg 1200w, https:\/\/www.heinzemedien.de\/data\/uploads\/2024\/05\/U8A1783-pr-scaled.jpg 2560w\" data-sizes=\"auto\" data-orig-sizes=\"(max-width: 768px) 100vw, 1200px\" \/><\/span><\/div><div class=\"editor-sep-clear\"><\/div><div class=\"editor-separator editor-full-width-sep\" style=\"margin-left: auto;margin-right: auto;margin-top:20px;margin-bottom:20px;width:100%;\"><\/div><div class=\"editor-sep-clear\"><\/div><div class=\"editor-text editor-text-7\"><h3><strong>Mit uns treffen Sie Ihre Zielgruppe<\/strong><\/h3>\n<p>Unsere Veranstaltungen zielen darauf ab, eine f\u00fchrende Plattform f\u00fcr Architektur-Events und den Austausch innerhalb der Design-Community zu sein. <strong>sehr interessierte, aktive und exklusive Zielgruppe der Architekt:innen und Planer:innen, speziell fokussiert auf Architektur, Urban Design und nachhaltige Projekte.<\/strong> anzusprechen. Wir sind stolz darauf, dass bedeutende B\u00fcros aus der deutschen Architekturszene regelm\u00e4\u00dfig an unseren Aktivit\u00e4ten teilnehmen, um Wissen zu sammeln, sich zu vernetzen und sich \u00fcber die neuesten Entwicklungen in der Branche auszutauschen. Diese hochkar\u00e4tigen Teilnehmer bringen ein breites Spektrum an Erfahrungen und Perspektiven mit, die unsere Veranstaltungen bereichern und zu dynamischen Diskussionen f\u00fchren.<\/p>\n<\/div><div class=\"editor-sep-clear\"><\/div><div class=\"editor-separator editor-full-width-sep\" style=\"margin-left: auto;margin-right: auto;margin-top:20px;margin-bottom:20px;width:100%;\"><\/div><div class=\"editor-sep-clear\"><\/div><div class=\"editor-text editor-text-8\"><h3><strong>Folgende Highlights erwarten Sie noch in 2024:<\/strong><\/h3>\n<ul>\n<li>unsere Golfveranstaltungen &#8222;Auf den Punkt gebracht&#8220; in Stuttgart und Hannover,<\/li>\n<li>die Heinze ArchitekTOUR in Dortmund, Leipzig, Hamburg, Berlin, Wien, M\u00fcnchen, Stuttgart, K\u00f6ln und Frankfurt a.M.,<\/li>\n<li>das BaukonjunkturMeeting in W\u00fcrzburg,<\/li>\n<li>Heinze Select in Rotterdam,<\/li>\n<li>die Heinze Summits in Graz und S\u00fcdtirol,<\/li>\n<li>der Celler Werktag und<\/li>\n<li>das Klimafestival f\u00fcr die Bauwende in Berlin.<\/li>\n<\/ul>\n<\/div><div class=\"editor-sep-clear\"><\/div><div class=\"editor-separator editor-full-width-sep\" style=\"margin-left: auto;margin-right: auto;margin-top:20px;margin-bottom:20px;width:100%;\"><\/div><div class=\"editor-sep-clear\"><\/div><div class=\"editor-text editor-text-9\"><p><strong>Tauchen Sie ein in die Welt von Heinze Events und lassen Sie sich von unseren hochkar\u00e4tigen Veranstaltungen inspirieren.<a href=\"https:\/\/www.heinzemedien.de\/leistungen\/events\/\"> Seien Sie dabei, wenn wir gemeinsam die Zukunft des Bauens gestalten und neue Horizonte erkunden!<\/a><\/strong><\/p>\n<\/div><div class=\"editor-clearfix\"><\/div><\/div><\/div><div class=\"editor-layout-column editor_builder_column_inner editor-builder-nested-column-1 editor_builder_column_inner_1_3 1_3 editor-one-third editor-column-last cssNewsAside\" style=\"--awb-padding-top:30px;--awb-padding-right:30px;--awb-padding-bottom:30px;--awb-padding-left:30px;--awb-bg-color:#f2f4f5;--awb-bg-color-hover:#f2f4f5;--awb-bg-size:cover;width:33.333333333333%;width:calc(33.333333333333% - ( ( 4% ) * 0.33333333333333 ) );\"><div class=\"editor-column-wrapper editor-column-has-shadow editor-flex-column-wrapper-legacy\"><div class=\"editor-title title editor-title-1 editor-sep-none editor-title-text editor-title-size-one\" style=\"--awb-margin-top-small:0px;--awb-margin-right-small:0px;--awb-margin-bottom-small:20px;--awb-margin-left-small:0px;\"><h1 class=\"editor-title-heading title-heading-left editor-responsive-typography-calculated\" style=\"margin:0;--fontSize:45;line-height:1.3;\"><h4 class=\"cssMainHeadline editor-responsive-typography-calculated\" data-fontsize=\"45\" data-lineheight=\"58.5px\">Weitere Neuigkeiten<\/h4><\/h1><\/div><div class=\"editor-blog-shortcode editor-blog-shortcode-1 editor-blog-archive editor-blog-layout-grid-wrapper editor-blog-infinite editor-blog-no-images\" style=\"--grid_separator_color:#d7dce0;\"><style type=\"text\/css\">.editor-blog-shortcode-1 .editor-blog-layout-grid .editor-post-grid{padding:20px;}.editor-blog-shortcode-1 .editor-posts-container{margin-left: -20px !important; margin-right:-20px !important;}<\/style><div class=\"editor-posts-container editor-posts-container-infinite editor-posts-container-load-more editor-blog-layout-grid editor-blog-layout-grid-1 isotope\" data-pages=\"30\" data-grid-col-space=\"40\" style=\"margin: -20px -20px 0;min-height:500px;\"><article id=\"blog-1-post-6157\" class=\"editor-post-grid post-6157 post type-post status-publish format-standard has-post-thumbnail hentry category-heinze category-marktforschung category-pressemeldung\">\n<div class=\"editor-post-wrapper\" style=\"background-color:rgba(242,244,245,1);border:1px solid #f2f4f5;border-bottom-width:3px;\"><div class=\"editor-post-content-wrapper\" style=\"padding:10px 10px 10px 10px;\"><div class=\"editor-post-content post-content\"><h2 class=\"blog-shortcode-post-title entry-title\"><a href=\"https:\/\/www.heinzemedien.de\/studie-informationsverhalten-von-architektinnen-und-planenden\/\">Studie: Informationsverhalten von Architekt:innen und Planenden<\/a><\/h2><p class=\"editor-single-line-meta\"><span>21.04.2026<\/span><span class=\"editor-inline-sep\">|<\/span><\/p><\/div><\/div><div class=\"editor-clearfix\"><\/div><\/div>\n<\/article>\n<article id=\"blog-1-post-6143\" class=\"editor-post-grid post-6143 post type-post status-publish format-standard has-post-thumbnail hentry category-heinze category-marktforschung category-pressemeldung\">\n<div class=\"editor-post-wrapper\" style=\"background-color:rgba(242,244,245,1);border:1px solid #f2f4f5;border-bottom-width:3px;\"><div class=\"editor-post-content-wrapper\" style=\"padding:10px 10px 10px 10px;\"><div class=\"editor-post-content post-content\"><h2 class=\"blog-shortcode-post-title entry-title\"><a href=\"https:\/\/www.heinzemedien.de\/was-haben-kinderwagen-mit-baugenehmigungen-zu-tun\/\">Was haben Kinderwagen mit Baugenehmigungen zu tun?<\/a><\/h2><p class=\"editor-single-line-meta\"><span>19.03.2026<\/span><span class=\"editor-inline-sep\">|<\/span><\/p><\/div><\/div><div class=\"editor-clearfix\"><\/div><\/div>\n<\/article>\n<article id=\"blog-1-post-6114\" class=\"editor-post-grid post-6114 post type-post status-publish format-standard has-post-thumbnail hentry category-events category-heinze category-pressemeldung\">\n<div class=\"editor-post-wrapper\" style=\"background-color:rgba(242,244,245,1);border:1px solid #f2f4f5;border-bottom-width:3px;\"><div class=\"editor-post-content-wrapper\" style=\"padding:10px 10px 10px 10px;\"><div class=\"editor-post-content post-content\"><h2 class=\"blog-shortcode-post-title entry-title\"><a href=\"https:\/\/www.heinzemedien.de\/heinze-architektour-2026-ab-juni-mit-realisierter-architektur\/\">Heinze ArchitekTOUR 2026 ab Juni mit realisierter Architektur<\/a><\/h2><p class=\"editor-single-line-meta\"><span>25.02.2026<\/span><span class=\"editor-inline-sep\">|<\/span><\/p><\/div><\/div><div class=\"editor-clearfix\"><\/div><\/div>\n<\/article>\n<article id=\"blog-1-post-6104\" class=\"editor-post-grid post-6104 post type-post status-publish format-standard has-post-thumbnail hentry category-events category-heinze category-pressemeldung\">\n<div class=\"editor-post-wrapper\" style=\"background-color:rgba(242,244,245,1);border:1px solid #f2f4f5;border-bottom-width:3px;\"><div class=\"editor-post-content-wrapper\" style=\"padding:10px 10px 10px 10px;\"><div class=\"editor-post-content post-content\"><h2 class=\"blog-shortcode-post-title entry-title\"><a href=\"https:\/\/www.heinzemedien.de\/digitalbau-koeln-heinze-laedt-zum-exklusiven-architects-run-ein\/\">digitalBAU K\u00f6ln: Heinze l\u00e4dt zum exklusiven Architects\u2019 Run ein<\/a><\/h2><p class=\"editor-single-line-meta\"><span>24.02.2026<\/span><span class=\"editor-inline-sep\">|<\/span><\/p><\/div><\/div><div class=\"editor-clearfix\"><\/div><\/div>\n<\/article>\n<article id=\"blog-1-post-6070\" class=\"editor-post-grid post-6070 post type-post status-publish format-standard has-post-thumbnail hentry category-events category-heinze category-pressemeldung\">\n<div class=\"editor-post-wrapper\" style=\"background-color:rgba(242,244,245,1);border:1px solid #f2f4f5;border-bottom-width:3px;\"><div class=\"editor-post-content-wrapper\" style=\"padding:10px 10px 10px 10px;\"><div class=\"editor-post-content post-content\"><h2 class=\"blog-shortcode-post-title entry-title\"><a href=\"https:\/\/www.heinzemedien.de\/bauwende-heinze-architekturaward-2026-gestartet\/\">Bauwende: Heinze ArchitekturAWARD 2026 gestartet<\/a><\/h2><p class=\"editor-single-line-meta\"><span>12.02.2026<\/span><span class=\"editor-inline-sep\">|<\/span><\/p><\/div><\/div><div class=\"editor-clearfix\"><\/div><\/div>\n<\/article>\n<div class=\"editor-clearfix\"><\/div><\/div><div class=\"editor-infinite-scroll-trigger\"><\/div><div class=\"pagination infinite-scroll clearfix\" style=\"display:none;\"><span class=\"current\">1<\/span><a href=\"https:\/\/www.heinzemedien.de\/heinze-api\/wp\/v2\/posts\/4365\/page\/2\/\" class=\"inactive\">2<\/a><a class=\"pagination-next\" rel=\"next\" href=\"https:\/\/www.heinzemedien.de\/heinze-api\/wp\/v2\/posts\/4365\/page\/2\/\"><span class=\"page-text\">Vor<\/span><span class=\"page-next\"><\/span><\/a><\/div><div class=\"editor-clearfix\"><\/div><button class=\"editor-load-more-button editor-blog-button editor-clearfix\">Mehr Beitr\u00e4ge laden<\/button><\/div><div class=\"editor-clearfix\"><\/div><\/div><\/div><\/div><div class=\"editor-clearfix\"><\/div><\/div><\/div><div class=\"editor-layout-column editor_builder_column editor-builder-column-2 editor_builder_column_1_6 1_6 editor-one-sixth editor-column-last editor-no-small-visibility editor-no-medium-visibility\" style=\"--awb-bg-size:cover;width:16.666666666667%;width:calc(16.666666666667% - ( ( 4% + 4% ) * 0.16666666666667 ) );\"><div class=\"editor-column-wrapper editor-column-has-shadow editor-flex-column-wrapper-legacy\"><div class=\"editor-clearfix\"><\/div><\/div><\/div><\/div><\/div>\n","protected":false},"excerpt":{"rendered":"","protected":false},"author":967,"featured_media":4377,"comment_status":"closed","ping_status":"closed","sticky":false,"template":"","format":"standard","meta":{"footnotes":""},"categories":[22,74,67],"tags":[76,75,77],"class_list":["post-4365","post","type-post","status-publish","format-standard","has-post-thumbnail","hentry","category-events","category-heinze","category-pressemeldung","tag-events","tag-heinze","tag-veranstaltungen"],"seo_head":"<!-- This site is optimized with the Yoast SEO plugin v27.2 - https:\/\/yoast.com\/product\/yoast-seo-wordpress\/ -->\n<title>Heinze Events: Die Zukunft des Bauens hautnah - Heinze - Your Networking Company<\/title>\n<meta name=\"description\" content=\"Entdecken Sie f\u00fchrende Eventl\u00f6sungen f\u00fcr die Baubranche: Konferenzen, Messen und Networking-Events. Alles aus einer Hand f\u00fcr Ihren Erfolg.\" \/>\n<meta name=\"robots\" content=\"index, follow, max-snippet:-1, max-image-preview:large, max-video-preview:-1\" \/>\n<link rel=\"canonical\" href=\"https:\/\/www.heinzemedien.de\/events-zukunft-hautnah-des-bauens\/\" \/>\n<meta property=\"og:locale\" content=\"de_DE\" \/>\n<meta property=\"og:type\" content=\"article\" \/>\n<meta property=\"og:title\" content=\"Heinze Events: Die Zukunft des Bauens hautnah - Heinze - Your Networking Company\" \/>\n<meta property=\"og:description\" content=\"Entdecken Sie f\u00fchrende Eventl\u00f6sungen f\u00fcr die Baubranche: Konferenzen, Messen und Networking-Events. Alles aus einer Hand f\u00fcr Ihren Erfolg.\" \/>\n<meta property=\"og:url\" content=\"https:\/\/www.heinzemedien.de\/events-zukunft-hautnah-des-bauens\/\" \/>\n<meta property=\"og:site_name\" content=\"Heinze - Your Networking Company\" \/>\n<meta property=\"article:published_time\" content=\"2024-05-13T12:41:17+00:00\" \/>\n<meta property=\"article:modified_time\" content=\"2024-05-28T09:52:20+00:00\" \/>\n<meta property=\"og:image\" content=\"https:\/\/www.heinzemedien.de\/data\/uploads\/2024\/05\/ArchitekTOUR_2018_Dortmund_hohe_Aufloesung_54MJ3291_korr_665x225.jpg\" \/>\n\t<meta property=\"og:image:width\" content=\"665\" \/>\n\t<meta property=\"og:image:height\" content=\"225\" \/>\n\t<meta property=\"og:image:type\" content=\"image\/jpeg\" \/>\n<meta name=\"author\" content=\"Steffi Dierking\" \/>\n<meta name=\"twitter:card\" content=\"summary_large_image\" \/>\n<meta name=\"twitter:label1\" content=\"Verfasst von\" \/>\n\t<meta name=\"twitter:data1\" content=\"Steffi Dierking\" \/>\n\t<meta name=\"twitter:label2\" content=\"Gesch\u00e4tzte Lesezeit\" \/>\n\t<meta name=\"twitter:data2\" content=\"6\u00a0Minuten\" \/>\n<script type=\"application\/ld+json\" class=\"seo-schema-graph\">{\"@context\":\"https:\/\/schema.org\",\"@graph\":[{\"@type\":\"Article\",\"@id\":\"https:\/\/www.heinzemedien.de\/events-zukunft-hautnah-des-bauens\/#article\",\"isPartOf\":{\"@id\":\"https:\/\/www.heinzemedien.de\/events-zukunft-hautnah-des-bauens\/\"},\"author\":{\"name\":\"Steffi Dierking\",\"@id\":\"https:\/\/www.heinzemedien.de\/#\/schema\/person\/75685e4bfe37871a38678a00b5def632\"},\"headline\":\"Heinze Events: Die Zukunft des Bauens hautnah\",\"datePublished\":\"2024-05-13T12:41:17+00:00\",\"dateModified\":\"2024-05-28T09:52:20+00:00\",\"mainEntityOfPage\":{\"@id\":\"https:\/\/www.heinzemedien.de\/events-zukunft-hautnah-des-bauens\/\"},\"wordCount\":5061,\"publisher\":{\"@id\":\"https:\/\/www.heinzemedien.de\/#organization\"},\"image\":{\"@id\":\"https:\/\/www.heinzemedien.de\/events-zukunft-hautnah-des-bauens\/#primaryimage\"},\"thumbnailUrl\":\"https:\/\/www.heinzemedien.de\/data\/uploads\/2024\/05\/ArchitekTOUR_2018_Dortmund_hohe_Aufloesung_54MJ3291_korr_665x225.jpg\",\"keywords\":[\"Events\",\"Heinze\",\"Veranstaltungen\"],\"articleSection\":[\"Events\",\"Heinze\",\"Pressemeldung\"],\"inLanguage\":\"de\"},{\"@type\":\"WebPage\",\"@id\":\"https:\/\/www.heinzemedien.de\/events-zukunft-hautnah-des-bauens\/\",\"url\":\"https:\/\/www.heinzemedien.de\/events-zukunft-hautnah-des-bauens\/\",\"name\":\"Heinze Events: Die Zukunft des Bauens hautnah - Heinze - Your Networking Company\",\"isPartOf\":{\"@id\":\"https:\/\/www.heinzemedien.de\/#website\"},\"primaryImageOfPage\":{\"@id\":\"https:\/\/www.heinzemedien.de\/events-zukunft-hautnah-des-bauens\/#primaryimage\"},\"image\":{\"@id\":\"https:\/\/www.heinzemedien.de\/events-zukunft-hautnah-des-bauens\/#primaryimage\"},\"thumbnailUrl\":\"https:\/\/www.heinzemedien.de\/data\/uploads\/2024\/05\/ArchitekTOUR_2018_Dortmund_hohe_Aufloesung_54MJ3291_korr_665x225.jpg\",\"datePublished\":\"2024-05-13T12:41:17+00:00\",\"dateModified\":\"2024-05-28T09:52:20+00:00\",\"description\":\"Entdecken Sie f\u00fchrende Eventl\u00f6sungen f\u00fcr die Baubranche: Konferenzen, Messen und Networking-Events. Alles aus einer Hand f\u00fcr Ihren Erfolg.\",\"breadcrumb\":{\"@id\":\"https:\/\/www.heinzemedien.de\/events-zukunft-hautnah-des-bauens\/#breadcrumb\"},\"inLanguage\":\"de\",\"potentialAction\":[{\"@type\":\"ReadAction\",\"target\":[\"https:\/\/www.heinzemedien.de\/events-zukunft-hautnah-des-bauens\/\"]}]},{\"@type\":\"ImageObject\",\"inLanguage\":\"de\",\"@id\":\"https:\/\/www.heinzemedien.de\/events-zukunft-hautnah-des-bauens\/#primaryimage\",\"url\":\"https:\/\/www.heinzemedien.de\/data\/uploads\/2024\/05\/ArchitekTOUR_2018_Dortmund_hohe_Aufloesung_54MJ3291_korr_665x225.jpg\",\"contentUrl\":\"https:\/\/www.heinzemedien.de\/data\/uploads\/2024\/05\/ArchitekTOUR_2018_Dortmund_hohe_Aufloesung_54MJ3291_korr_665x225.jpg\",\"width\":665,\"height\":225},{\"@type\":\"BreadcrumbList\",\"@id\":\"https:\/\/www.heinzemedien.de\/events-zukunft-hautnah-des-bauens\/#breadcrumb\",\"itemListElement\":[{\"@type\":\"ListItem\",\"position\":1,\"name\":\"Startseite\",\"item\":\"https:\/\/www.heinzemedien.de\/\"},{\"@type\":\"ListItem\",\"position\":2,\"name\":\"Heinze Events: Die Zukunft des Bauens hautnah\"}]},{\"@type\":\"WebSite\",\"@id\":\"https:\/\/www.heinzemedien.de\/#website\",\"url\":\"https:\/\/www.heinzemedien.de\/\",\"name\":\"Heinze - Your Networking Company\",\"description\":\"\",\"publisher\":{\"@id\":\"https:\/\/www.heinzemedien.de\/#organization\"},\"potentialAction\":[{\"@type\":\"SearchAction\",\"target\":{\"@type\":\"EntryPoint\",\"urlTemplate\":\"https:\/\/www.heinzemedien.de\/?s={search_term_string}\"},\"query-input\":{\"@type\":\"PropertyValueSpecification\",\"valueRequired\":true,\"valueName\":\"search_term_string\"}}],\"inLanguage\":\"de\"},{\"@type\":\"Organization\",\"@id\":\"https:\/\/www.heinzemedien.de\/#organization\",\"name\":\"Heinze GmbH\",\"url\":\"https:\/\/www.heinzemedien.de\/\",\"logo\":{\"@type\":\"ImageObject\",\"inLanguage\":\"de\",\"@id\":\"https:\/\/www.heinzemedien.de\/#\/schema\/logo\/image\/\",\"url\":\"\",\"contentUrl\":\"\",\"caption\":\"Heinze GmbH\"},\"image\":{\"@id\":\"https:\/\/www.heinzemedien.de\/#\/schema\/logo\/image\/\"}},{\"@type\":\"Person\",\"@id\":\"https:\/\/www.heinzemedien.de\/#\/schema\/person\/75685e4bfe37871a38678a00b5def632\",\"name\":\"Steffi Dierking\",\"image\":{\"@type\":\"ImageObject\",\"inLanguage\":\"de\",\"@id\":\"https:\/\/secure.gravatar.com\/avatar\/2d27929188be43ca81b777fbaa37e7ea02819130806a6045a2998d7177edf38c?s=96&d=mm&r=g\",\"url\":\"https:\/\/secure.gravatar.com\/avatar\/2d27929188be43ca81b777fbaa37e7ea02819130806a6045a2998d7177edf38c?s=96&d=mm&r=g\",\"contentUrl\":\"https:\/\/secure.gravatar.com\/avatar\/2d27929188be43ca81b777fbaa37e7ea02819130806a6045a2998d7177edf38c?s=96&d=mm&r=g\",\"caption\":\"Steffi Dierking\"},\"url\":\"https:\/\/www.heinzemedien.de\/author\/dierking\/\"}]}<\/script>\n<!-- \/ Yoast SEO plugin. -->","seo_head_json":{"title":"Heinze Events: Die Zukunft des Bauens hautnah - Heinze - Your Networking Company","description":"Entdecken Sie f\u00fchrende Eventl\u00f6sungen f\u00fcr die Baubranche: Konferenzen, Messen und Networking-Events. Alles aus einer Hand f\u00fcr Ihren Erfolg.","robots":{"index":"index","follow":"follow","max-snippet":"max-snippet:-1","max-image-preview":"max-image-preview:large","max-video-preview":"max-video-preview:-1"},"canonical":"https:\/\/www.heinzemedien.de\/events-zukunft-hautnah-des-bauens\/","og_locale":"de_DE","og_type":"article","og_title":"Heinze Events: Die Zukunft des Bauens hautnah - Heinze - Your Networking Company","og_description":"Entdecken Sie f\u00fchrende Eventl\u00f6sungen f\u00fcr die Baubranche: Konferenzen, Messen und Networking-Events. Alles aus einer Hand f\u00fcr Ihren Erfolg.","og_url":"https:\/\/www.heinzemedien.de\/events-zukunft-hautnah-des-bauens\/","og_site_name":"Heinze - Your Networking Company","article_published_time":"2024-05-13T12:41:17+00:00","article_modified_time":"2024-05-28T09:52:20+00:00","og_image":[{"width":665,"height":225,"url":"https:\/\/www.heinzemedien.de\/data\/uploads\/2024\/05\/ArchitekTOUR_2018_Dortmund_hohe_Aufloesung_54MJ3291_korr_665x225.jpg","type":"image\/jpeg"}],"author":"Steffi Dierking","twitter_card":"summary_large_image","twitter_misc":{"Verfasst von":"Steffi Dierking","Gesch\u00e4tzte Lesezeit":"6\u00a0Minuten"},"schema":{"@context":"https:\/\/schema.org","@graph":[{"@type":"Article","@id":"https:\/\/www.heinzemedien.de\/events-zukunft-hautnah-des-bauens\/#article","isPartOf":{"@id":"https:\/\/www.heinzemedien.de\/events-zukunft-hautnah-des-bauens\/"},"author":{"name":"Steffi Dierking","@id":"https:\/\/www.heinzemedien.de\/#\/schema\/person\/75685e4bfe37871a38678a00b5def632"},"headline":"Heinze Events: Die Zukunft des Bauens hautnah","datePublished":"2024-05-13T12:41:17+00:00","dateModified":"2024-05-28T09:52:20+00:00","mainEntityOfPage":{"@id":"https:\/\/www.heinzemedien.de\/events-zukunft-hautnah-des-bauens\/"},"wordCount":5061,"publisher":{"@id":"https:\/\/www.heinzemedien.de\/#organization"},"image":{"@id":"https:\/\/www.heinzemedien.de\/events-zukunft-hautnah-des-bauens\/#primaryimage"},"thumbnailUrl":"https:\/\/www.heinzemedien.de\/data\/uploads\/2024\/05\/ArchitekTOUR_2018_Dortmund_hohe_Aufloesung_54MJ3291_korr_665x225.jpg","keywords":["Events","Heinze","Veranstaltungen"],"articleSection":["Events","Heinze","Pressemeldung"],"inLanguage":"de"},{"@type":"WebPage","@id":"https:\/\/www.heinzemedien.de\/events-zukunft-hautnah-des-bauens\/","url":"https:\/\/www.heinzemedien.de\/events-zukunft-hautnah-des-bauens\/","name":"Heinze Events: Die Zukunft des Bauens hautnah - Heinze - Your Networking Company","isPartOf":{"@id":"https:\/\/www.heinzemedien.de\/#website"},"primaryImageOfPage":{"@id":"https:\/\/www.heinzemedien.de\/events-zukunft-hautnah-des-bauens\/#primaryimage"},"image":{"@id":"https:\/\/www.heinzemedien.de\/events-zukunft-hautnah-des-bauens\/#primaryimage"},"thumbnailUrl":"https:\/\/www.heinzemedien.de\/data\/uploads\/2024\/05\/ArchitekTOUR_2018_Dortmund_hohe_Aufloesung_54MJ3291_korr_665x225.jpg","datePublished":"2024-05-13T12:41:17+00:00","dateModified":"2024-05-28T09:52:20+00:00","description":"Entdecken Sie f\u00fchrende Eventl\u00f6sungen f\u00fcr die Baubranche: Konferenzen, Messen und Networking-Events. Alles aus einer Hand f\u00fcr Ihren Erfolg.","breadcrumb":{"@id":"https:\/\/www.heinzemedien.de\/events-zukunft-hautnah-des-bauens\/#breadcrumb"},"inLanguage":"de","potentialAction":[{"@type":"ReadAction","target":["https:\/\/www.heinzemedien.de\/events-zukunft-hautnah-des-bauens\/"]}]},{"@type":"ImageObject","inLanguage":"de","@id":"https:\/\/www.heinzemedien.de\/events-zukunft-hautnah-des-bauens\/#primaryimage","url":"https:\/\/www.heinzemedien.de\/data\/uploads\/2024\/05\/ArchitekTOUR_2018_Dortmund_hohe_Aufloesung_54MJ3291_korr_665x225.jpg","contentUrl":"https:\/\/www.heinzemedien.de\/data\/uploads\/2024\/05\/ArchitekTOUR_2018_Dortmund_hohe_Aufloesung_54MJ3291_korr_665x225.jpg","width":665,"height":225},{"@type":"BreadcrumbList","@id":"https:\/\/www.heinzemedien.de\/events-zukunft-hautnah-des-bauens\/#breadcrumb","itemListElement":[{"@type":"ListItem","position":1,"name":"Startseite","item":"https:\/\/www.heinzemedien.de\/"},{"@type":"ListItem","position":2,"name":"Heinze Events: Die Zukunft des Bauens hautnah"}]},{"@type":"WebSite","@id":"https:\/\/www.heinzemedien.de\/#website","url":"https:\/\/www.heinzemedien.de\/","name":"Heinze - Your Networking Company","description":"","publisher":{"@id":"https:\/\/www.heinzemedien.de\/#organization"},"potentialAction":[{"@type":"SearchAction","target":{"@type":"EntryPoint","urlTemplate":"https:\/\/www.heinzemedien.de\/?s={search_term_string}"},"query-input":{"@type":"PropertyValueSpecification","valueRequired":true,"valueName":"search_term_string"}}],"inLanguage":"de"},{"@type":"Organization","@id":"https:\/\/www.heinzemedien.de\/#organization","name":"Heinze GmbH","url":"https:\/\/www.heinzemedien.de\/","logo":{"@type":"ImageObject","inLanguage":"de","@id":"https:\/\/www.heinzemedien.de\/#\/schema\/logo\/image\/","url":"","contentUrl":"","caption":"Heinze GmbH"},"image":{"@id":"https:\/\/www.heinzemedien.de\/#\/schema\/logo\/image\/"}},{"@type":"Person","@id":"https:\/\/www.heinzemedien.de\/#\/schema\/person\/75685e4bfe37871a38678a00b5def632","name":"Steffi Dierking","image":{"@type":"ImageObject","inLanguage":"de","@id":"https:\/\/secure.gravatar.com\/avatar\/2d27929188be43ca81b777fbaa37e7ea02819130806a6045a2998d7177edf38c?s=96&d=mm&r=g","url":"https:\/\/secure.gravatar.com\/avatar\/2d27929188be43ca81b777fbaa37e7ea02819130806a6045a2998d7177edf38c?s=96&d=mm&r=g","contentUrl":"https:\/\/secure.gravatar.com\/avatar\/2d27929188be43ca81b777fbaa37e7ea02819130806a6045a2998d7177edf38c?s=96&d=mm&r=g","caption":"Steffi Dierking"},"url":"https:\/\/www.heinzemedien.de\/author\/dierking\/"}]}},"_links":{"self":[{"href":"https:\/\/www.heinzemedien.de\/heinze-api\/wp\/v2\/posts\/4365","targetHints":{"allow":["GET"]}}],"collection":[{"href":"https:\/\/www.heinzemedien.de\/heinze-api\/wp\/v2\/posts"}],"about":[{"href":"https:\/\/www.heinzemedien.de\/heinze-api\/wp\/v2\/types\/post"}],"author":[{"embeddable":true,"href":"https:\/\/www.heinzemedien.de\/heinze-api\/wp\/v2\/users\/967"}],"replies":[{"embeddable":true,"href":"https:\/\/www.heinzemedien.de\/heinze-api\/wp\/v2\/comments?post=4365"}],"version-history":[{"count":0,"href":"https:\/\/www.heinzemedien.de\/heinze-api\/wp\/v2\/posts\/4365\/revisions"}],"wp:featuredmedia":[{"embeddable":true,"href":"https:\/\/www.heinzemedien.de\/heinze-api\/wp\/v2\/media\/4377"}],"wp:attachment":[{"href":"https:\/\/www.heinzemedien.de\/heinze-api\/wp\/v2\/media?parent=4365"}],"wp:term":[{"taxonomy":"category","embeddable":true,"href":"https:\/\/www.heinzemedien.de\/heinze-api\/wp\/v2\/categories?post=4365"},{"taxonomy":"post_tag","embeddable":true,"href":"https:\/\/www.heinzemedien.de\/heinze-api\/wp\/v2\/tags?post=4365"}],"curies":[{"name":"wp","href":"https:\/\/api.w.org\/{rel}","templated":true}]}}