{"id":4329,"date":"2024-05-13T11:36:19","date_gmt":"2024-05-13T09:36:19","guid":{"rendered":"https:\/\/www.heinzemedien.de\/?p=4329"},"modified":"2024-05-13T11:36:19","modified_gmt":"2024-05-13T09:36:19","slug":"doppeljubilaeum-beim-heinze-podcast","status":"publish","type":"post","link":"https:\/\/www.heinzemedien.de\/doppeljubilaeum-beim-heinze-podcast\/","title":{"rendered":"Doppeljubil\u00e4um beim Heinze Podcast"},"content":{"rendered":"<div class=\"editor-fullwidth fullwidth-box editor-builder-row-1 nonhundred-percent-fullwidth non-hundred-percent-height-scrolling\" style=\"--awb-border-radius-top-left:0px;--awb-border-radius-top-right:0px;--awb-border-radius-bottom-right:0px;--awb-border-radius-bottom-left:0px;--awb-padding-top:70px;--awb-padding-bottom:70px;--awb-margin-top:1px;--awb-background-color:#ffffff;--awb-flex-wrap:wrap;\" ><div class=\"editor-builder-row editor-row\"><div class=\"editor-layout-column editor_builder_column editor-builder-column-0 editor_builder_column_1_6 1_6 editor-one-sixth editor-column-first editor-no-small-visibility editor-no-medium-visibility\" style=\"--awb-bg-size:cover;width:16.666666666667%;width:calc(16.666666666667% - ( ( 4% + 4% ) * 0.16666666666667 ) );margin-right: 4%;\"><div class=\"editor-column-wrapper editor-column-has-shadow editor-flex-column-wrapper-legacy\"><div class=\"editor-clearfix\"><\/div><\/div><\/div><div class=\"editor-layout-column editor_builder_column editor-builder-column-1 editor_builder_column_2_3 2_3 editor-two-third mediumFullSizeColumn\" style=\"--awb-bg-size:cover;width:66.666666666667%;width:calc(66.666666666667% - ( ( 4% + 4% ) * 0.66666666666667 ) );margin-right: 4%;\"><div class=\"editor-column-wrapper editor-column-has-shadow editor-flex-column-wrapper-legacy\"><div class=\"editor-builder-row editor-builder-row-inner editor-row\"><div class=\"editor-layout-column editor_builder_column_inner editor-builder-nested-column-0 editor_builder_column_inner_2_3 2_3 editor-two-third editor-column-first\" style=\"--awb-padding-bottom:30px;--awb-bg-size:cover;width:66.666666666667%;width:calc(66.666666666667% - ( ( 4% ) * 0.66666666666667 ) );margin-right: 4%;\"><div class=\"editor-column-wrapper editor-column-has-shadow editor-flex-column-wrapper-legacy\"><div class=\"editor-image-element in-legacy-container\" style=\"--awb-caption-title-font-family:var(--h2_typography-font-family);--awb-caption-title-font-weight:var(--h2_typography-font-weight);--awb-caption-title-font-style:var(--h2_typography-font-style);--awb-caption-title-size:12px;--awb-caption-title-transform:var(--h2_typography-text-transform);--awb-caption-title-line-height:var(--h2_typography-line-height);--awb-caption-title-letter-spacing:var(--h2_typography-letter-spacing);\"><span class=\" editor-imageframe imageframe-none imageframe-1 hover-type-none\"><img decoding=\"async\" width=\"600\" height=\"338\" title=\"xr:d:DAF_ZSFwsN8:14,j:7910994371860306147,t:24031407\" src=\"https:\/\/www.heinzemedien.de\/data\/uploads\/2024\/05\/Podcast_ARCHITEKTURFUNK-1080x1350px_Kuhnekath_ALLGEMEIN_600x338px.jpg\" data-orig-src=\"https:\/\/www.heinzemedien.de\/data\/uploads\/2024\/05\/Podcast_ARCHITEKTURFUNK-1080x1350px_Kuhnekath_ALLGEMEIN_600x338px.jpg\" alt class=\"lazyload img-responsive hz-image-4331\" srcset=\"data:image\/svg+xml,%3Csvg%20xmlns%3D%27http%3A%2F%2Fwww.w3.org%2F2000%2Fsvg%27%20width%3D%27600%27%20height%3D%27338%27%20viewBox%3D%270%200%20600%20338%27%3E%3Crect%20width%3D%27600%27%20height%3D%27338%27%20fill-opacity%3D%220%22%2F%3E%3C%2Fsvg%3E\" data-srcset=\"https:\/\/www.heinzemedien.de\/data\/uploads\/2024\/05\/Podcast_ARCHITEKTURFUNK-1080x1350px_Kuhnekath_ALLGEMEIN_600x338px-200x113.jpg 200w, https:\/\/www.heinzemedien.de\/data\/uploads\/2024\/05\/Podcast_ARCHITEKTURFUNK-1080x1350px_Kuhnekath_ALLGEMEIN_600x338px-400x225.jpg 400w, https:\/\/www.heinzemedien.de\/data\/uploads\/2024\/05\/Podcast_ARCHITEKTURFUNK-1080x1350px_Kuhnekath_ALLGEMEIN_600x338px.jpg 600w\" data-sizes=\"auto\" data-orig-sizes=\"(max-width: 768px) 100vw, 600px\" \/><\/span><\/div><div class=\"editor-sep-clear\"><\/div><div class=\"editor-separator editor-full-width-sep\" style=\"margin-left: auto;margin-right: auto;margin-top:20px;margin-bottom:20px;width:100%;\"><\/div><div class=\"editor-sep-clear\"><\/div><div class=\"editor-text editor-text-1\" style=\"--awb-text-transform:none;\"><p><strong>ARCHITEKTURFUNK ver\u00f6ffentlicht 150. Episode zum dreij\u00e4hrigen Bestehen<\/strong><br \/>\nDie Heinze GmbH, einer der f\u00fchrenden Anbieter f\u00fcr digitale L\u00f6sungen im Bauwesen, freut sich \u00fcber zwei bedeutende Meilensteine des Heinze Podcasts ARCHITEKTURFUNK: Die beliebte Audioquelle f\u00fcr Architekturbegeisterte feiert ein bedeutendes Doppeljubil\u00e4um \u2013 Mitte Juni ver\u00f6ffentlicht der Podcast seine 150. Episode und blickt auf drei Jahre voller Innovation, Kreativit\u00e4t und spannender Inhalte zur\u00fcck. Seit seinem Start am 19. April 2021 hat der Podcast die Welt der Architektur auf faszinierende Weise erkundet und inspiriert und ist zu einem der gr\u00f6\u00dften Architekturpodcasts Deutschlands avanciert.<\/p>\n<\/div><div class=\"editor-image-element awb-imageframe-style awb-imageframe-style-below awb-imageframe-style-2 in-legacy-container\" style=\"--awb-caption-title-font-family:var(--h2_typography-font-family);--awb-caption-title-font-weight:var(--h2_typography-font-weight);--awb-caption-title-font-style:var(--h2_typography-font-style);--awb-caption-title-size:12px;--awb-caption-title-transform:var(--h2_typography-text-transform);--awb-caption-title-line-height:var(--h2_typography-line-height);--awb-caption-title-letter-spacing:var(--h2_typography-letter-spacing);\"><span class=\" editor-imageframe imageframe-none imageframe-2 hover-type-none\"><img decoding=\"async\" width=\"665\" height=\"280\" alt=\"Zum 14. Mal lobt Heinze den begehrten Heinze ArchitekturAWARD f\u00fcr die besten Bauprojekte aus. Foto: \u00a9 Heinze GmbH\" title=\"heinze_podcast_665x280px\" src=\"https:\/\/www.heinzemedien.de\/data\/uploads\/2024\/05\/heinze_podcast_665x280px.jpg\" data-orig-src=\"https:\/\/www.heinzemedien.de\/data\/uploads\/2024\/05\/heinze_podcast_665x280px.jpg\" class=\"lazyload img-responsive hz-image-4361\" srcset=\"data:image\/svg+xml,%3Csvg%20xmlns%3D%27http%3A%2F%2Fwww.w3.org%2F2000%2Fsvg%27%20width%3D%27665%27%20height%3D%27280%27%20viewBox%3D%270%200%20665%20280%27%3E%3Crect%20width%3D%27665%27%20height%3D%27280%27%20fill-opacity%3D%220%22%2F%3E%3C%2Fsvg%3E\" data-srcset=\"https:\/\/www.heinzemedien.de\/data\/uploads\/2024\/05\/heinze_podcast_665x280px-200x84.jpg 200w, https:\/\/www.heinzemedien.de\/data\/uploads\/2024\/05\/heinze_podcast_665x280px-400x168.jpg 400w, https:\/\/www.heinzemedien.de\/data\/uploads\/2024\/05\/heinze_podcast_665x280px-600x253.jpg 600w, https:\/\/www.heinzemedien.de\/data\/uploads\/2024\/05\/heinze_podcast_665x280px.jpg 665w\" data-sizes=\"auto\" data-orig-sizes=\"(max-width: 768px) 100vw, 665px\" \/><\/span><div class=\"awb-imageframe-caption-container\"><div class=\"awb-imageframe-caption\"><h2 class=\"awb-imageframe-caption-title\">Es gibt allen Grund zum Feiern: Kerstin Kuhnekath (Mitte), Host des ARCHITEKTURFUNKs st\u00f6\u00dft mit dem Heinze Marketing feierlich auf den Erfolg des Podcasts an. Foto: \u00a9Marcus Jacobs, Heinze GmbH<\/h2><\/div><\/div><\/div><div class=\"editor-sep-clear\"><\/div><div class=\"editor-separator editor-full-width-sep\" style=\"margin-left: auto;margin-right: auto;margin-top:20px;margin-bottom:20px;width:100%;\"><\/div><div class=\"editor-sep-clear\"><\/div><div class=\"editor-text editor-text-2\" style=\"--awb-text-transform:none;\"><p><strong>Erstklassige Interviews zu aktuellen Architektur- und Bauthemen<\/strong><br \/>\nDie Stimme des Architekturfunks ist die erfahrene Architekturjournalistin Kerstin Kuhnekath, deren Expertise und sympathische Art der Interviewf\u00fchrung das Markenzeichen des Podcast sind. Woche f\u00fcr Woche f\u00fchrt Kuhnekath interessante Gespr\u00e4che mit spannenden Pers\u00f6nlichkeiten aus den Bereichen Architektur, Design, Stadtplanung, Landschaftsplanung und Forschung.<\/p>\n<\/div><div class=\"editor-image-element awb-imageframe-style awb-imageframe-style-below awb-imageframe-style-3 in-legacy-container\" style=\"--awb-caption-title-font-family:var(--h2_typography-font-family);--awb-caption-title-font-weight:var(--h2_typography-font-weight);--awb-caption-title-font-style:var(--h2_typography-font-style);--awb-caption-title-size:12px;--awb-caption-title-transform:var(--h2_typography-text-transform);--awb-caption-title-line-height:var(--h2_typography-line-height);--awb-caption-title-letter-spacing:var(--h2_typography-letter-spacing);\"><span class=\" editor-imageframe imageframe-none imageframe-3 hover-type-none\"><img decoding=\"async\" width=\"665\" height=\"225\" alt=\"Zum 14. Mal lobt Heinze den begehrten Heinze ArchitekturAWARD f\u00fcr die besten Bauprojekte aus. Foto: \u00a9 Heinze GmbH\" title=\"Pressemitteilung_Podcast_665x225px\" src=\"https:\/\/www.heinzemedien.de\/data\/uploads\/2024\/05\/Pressemitteilung_Podcast_665x225px-1.jpg\" data-orig-src=\"https:\/\/www.heinzemedien.de\/data\/uploads\/2024\/05\/Pressemitteilung_Podcast_665x225px-1.jpg\" class=\"lazyload img-responsive hz-image-4354\" srcset=\"data:image\/svg+xml,%3Csvg%20xmlns%3D%27http%3A%2F%2Fwww.w3.org%2F2000%2Fsvg%27%20width%3D%27665%27%20height%3D%27225%27%20viewBox%3D%270%200%20665%20225%27%3E%3Crect%20width%3D%27665%27%20height%3D%27225%27%20fill-opacity%3D%220%22%2F%3E%3C%2Fsvg%3E\" data-srcset=\"https:\/\/www.heinzemedien.de\/data\/uploads\/2024\/05\/Pressemitteilung_Podcast_665x225px-1-200x68.jpg 200w, https:\/\/www.heinzemedien.de\/data\/uploads\/2024\/05\/Pressemitteilung_Podcast_665x225px-1-400x135.jpg 400w, https:\/\/www.heinzemedien.de\/data\/uploads\/2024\/05\/Pressemitteilung_Podcast_665x225px-1-600x203.jpg 600w, https:\/\/www.heinzemedien.de\/data\/uploads\/2024\/05\/Pressemitteilung_Podcast_665x225px-1.jpg 665w\" data-sizes=\"auto\" data-orig-sizes=\"(max-width: 768px) 100vw, 665px\" \/><\/span><div class=\"awb-imageframe-caption-container\"><div class=\"awb-imageframe-caption\"><h2 class=\"awb-imageframe-caption-title\">Zu Wort kommen beim ARCHITEKTURFUNK sowohl namhafte Branchengr\u00f6\u00dfen als auch interessante Newcomer aus der Architekturszene wie etwa der erfolgreiche Juniorprofessor und Architekt Max Otto Zitzelsberger (rechts im Bild). Foto: \u00a9Marcus Jacobs, Heinze GmbH<\/h2><\/div><\/div><\/div><div class=\"editor-sep-clear\"><\/div><div class=\"editor-separator editor-full-width-sep\" style=\"margin-left: auto;margin-right: auto;margin-top:20px;margin-bottom:20px;width:100%;\"><\/div><div class=\"editor-sep-clear\"><\/div><div class=\"editor-text editor-text-3\" style=\"--awb-text-transform:none;\"><p><strong>W\u00f6chentlich eine neue Episode<br \/>\n<\/strong>\u201eUnser Anspruch ist es, hochwertige Inhalte zu produzierten, die Zuh\u00f6rerinnen und Zuh\u00f6rer gleicherma\u00dfen informieren und unterhalten\u201c, so Kuhnekath. Mit einer breiten Palette an Themen, die die Baubranche bewegen \u2013 von modernen Architekturtrends \u00fcber historische Meisterwerke bis hin zu konkreten L\u00f6sungsvorschl\u00e4gen, wie sich Planung zukunftsf\u00e4higer f\u00fcr die Bauwende entwickelt \u2013 wird den Architekturliebenden w\u00f6chentlich eine neue Episode geboten. <strong><br \/>\n<\/strong><\/p>\n<p><strong>Zu den beliebtesten Episoden geh\u00f6ren unter anderem:<\/strong><br \/>\n\u2022 <strong><em>Kompetenz als Wegweiser:<\/em><\/strong> In dieser Episode teilt Prof. Werner Sobek seine einzigartigen Einblicke und Erfahrungen, die als Wegweiser f\u00fcr die Architekturbranche dienen. (Episode #120)<br \/>\n\u2022 <em>Was hei\u00dft hier klimaneutral?<\/em> Thomas Eckert widmet sich der dringenden Frage nachhaltiger Architektur und deren Beitrag zum globalen Klimaschutz. (Episode #109)<br \/>\n\u2022 <em><strong>Die Coolness alter Bausubstanz:<\/strong> <\/em>Prof. Veronika Kammerer zeigt auf, wie alte Bausubstanz auch mit geringem Budget neu interpretiert und mit einem Coolness-Faktor versehen werden kann. (Episode #105)<br \/>\n\u2022 <strong><em>Einfach bauen:<\/em> <\/strong>Tilmann Jarmer besch\u00e4ftigt sich mit dem Ziel, die Komplexit\u00e4t im Bauen zu reduzieren. (Episode #74)<br \/>\n\u2022 <strong><em>Architektur und Klimaschutz:<\/em><\/strong> Stephan Marending verr\u00e4t, wie B\u00fcros mit Architektur die Herausforderungen des Klimaschutzes meistern k\u00f6nnen. (Episode #15)<\/p>\n<\/div><div class=\"editor-image-element in-legacy-container\" style=\"--awb-caption-title-font-family:var(--h2_typography-font-family);--awb-caption-title-font-weight:var(--h2_typography-font-weight);--awb-caption-title-font-style:var(--h2_typography-font-style);--awb-caption-title-size:12px;--awb-caption-title-transform:var(--h2_typography-text-transform);--awb-caption-title-line-height:var(--h2_typography-line-height);--awb-caption-title-letter-spacing:var(--h2_typography-letter-spacing);\"><span class=\" editor-imageframe imageframe-none imageframe-4 hover-type-none\"><img decoding=\"async\" width=\"665\" height=\"375\" title=\"Podcast_Gaeste_665x375px\" src=\"https:\/\/www.heinzemedien.de\/data\/uploads\/2024\/05\/Podcast_Gaeste_665x375px.jpg\" data-orig-src=\"https:\/\/www.heinzemedien.de\/data\/uploads\/2024\/05\/Podcast_Gaeste_665x375px.jpg\" alt class=\"lazyload img-responsive hz-image-4345\" srcset=\"data:image\/svg+xml,%3Csvg%20xmlns%3D%27http%3A%2F%2Fwww.w3.org%2F2000%2Fsvg%27%20width%3D%27665%27%20height%3D%27375%27%20viewBox%3D%270%200%20665%20375%27%3E%3Crect%20width%3D%27665%27%20height%3D%27375%27%20fill-opacity%3D%220%22%2F%3E%3C%2Fsvg%3E\" data-srcset=\"https:\/\/www.heinzemedien.de\/data\/uploads\/2024\/05\/Podcast_Gaeste_665x375px-200x113.jpg 200w, https:\/\/www.heinzemedien.de\/data\/uploads\/2024\/05\/Podcast_Gaeste_665x375px-400x226.jpg 400w, https:\/\/www.heinzemedien.de\/data\/uploads\/2024\/05\/Podcast_Gaeste_665x375px-600x338.jpg 600w, https:\/\/www.heinzemedien.de\/data\/uploads\/2024\/05\/Podcast_Gaeste_665x375px.jpg 665w\" data-sizes=\"auto\" data-orig-sizes=\"(max-width: 768px) 100vw, 665px\" \/><\/span><\/div><div class=\"editor-sep-clear\"><\/div><div class=\"editor-separator editor-full-width-sep\" style=\"margin-left: auto;margin-right: auto;margin-top:20px;margin-bottom:20px;width:100%;\"><\/div><div class=\"editor-sep-clear\"><\/div><div class=\"editor-text editor-text-4\" style=\"--awb-text-transform:none;\"><p>Tipp vom Host Kerstin Kuhnekath: \u201eAktiviert auf Eurem Lieblingskanal die Glocke oder folgt dem Podcast, um keine Episode mehr zu verpassen. In der 100. Jubil\u00e4umsausgabe bin ich selbst zu Gast in meinen eigenen Podcast. Hier erfahrt Ihr warum ich den Heinze Podcast so gerne mache und welcher der bislang gr\u00f6\u00dfte Patzer war.\u201c<\/p>\n<p>Weitere Informationen \u00fcber den Heinze Podcast ARCHITEKTURFUNK sowie die beliebtesten und neuesten Folgen finden sich bei allen g\u00e4ngigen Anbietern wie Spotify, Apple oder Deezer sowie auf <a href=\"https:\/\/www.heinze.de\/podcast\" target=\"_blank\" rel=\"noopener\">heinze.de\/podcast<\/a>.<\/p>\n<\/div><div class=\"editor-sep-clear\"><\/div><div class=\"editor-separator editor-full-width-sep\" style=\"margin-left: auto;margin-right: auto;margin-top:20px;margin-bottom:20px;width:100%;\"><\/div><div class=\"editor-sep-clear\"><\/div><div class=\"editor-button-wrapper\"><a class=\"editor-button button-flat button-xlarge button-default editor-button-default button-1 editor-button-default-span editor-button-default-type\" target=\"_self\" href=\"https:\/\/www.heinzemedien.de\/data\/uploads\/2024\/05\/PM_Doppeljubilaeum-beim-Heinze-Podcast_-Architekturfunk.zip\"><span class=\"editor-button-text awb-button__text awb-button__text--default\">Download Pressekit<\/span><\/a><\/div><div class=\"editor-clearfix\"><\/div><\/div><\/div><div class=\"editor-layout-column editor_builder_column_inner editor-builder-nested-column-1 editor_builder_column_inner_1_3 1_3 editor-one-third editor-column-last cssNewsAside\" style=\"--awb-padding-top:30px;--awb-padding-right:30px;--awb-padding-bottom:30px;--awb-padding-left:30px;--awb-bg-color:#f2f4f5;--awb-bg-color-hover:#f2f4f5;--awb-bg-size:cover;width:33.333333333333%;width:calc(33.333333333333% - ( ( 4% ) * 0.33333333333333 ) );\"><div class=\"editor-column-wrapper editor-column-has-shadow editor-flex-column-wrapper-legacy\"><div class=\"editor-title title editor-title-1 editor-sep-none editor-title-text editor-title-size-one\" style=\"--awb-margin-top-small:0px;--awb-margin-right-small:0px;--awb-margin-bottom-small:20px;--awb-margin-left-small:0px;\"><h1 class=\"editor-title-heading title-heading-left editor-responsive-typography-calculated\" style=\"margin:0;--fontSize:45;line-height:1.3;\"><h4 class=\"cssMainHeadline editor-responsive-typography-calculated\" data-fontsize=\"45\" data-lineheight=\"58.5px\">Weitere Neuigkeiten<\/h4><\/h1><\/div><div class=\"editor-blog-shortcode editor-blog-shortcode-1 editor-blog-archive editor-blog-layout-grid-wrapper editor-blog-infinite editor-blog-no-images\" style=\"--grid_separator_color:#d7dce0;\"><style type=\"text\/css\">.editor-blog-shortcode-1 .editor-blog-layout-grid .editor-post-grid{padding:20px;}.editor-blog-shortcode-1 .editor-posts-container{margin-left: -20px !important; margin-right:-20px !important;}<\/style><div class=\"editor-posts-container editor-posts-container-infinite editor-posts-container-load-more editor-blog-layout-grid editor-blog-layout-grid-1 isotope\" data-pages=\"30\" data-grid-col-space=\"40\" style=\"margin: -20px -20px 0;min-height:500px;\"><article id=\"blog-1-post-6157\" class=\"editor-post-grid post-6157 post type-post status-publish format-standard has-post-thumbnail hentry category-heinze category-marktforschung category-pressemeldung\">\n<div class=\"editor-post-wrapper\" style=\"background-color:rgba(242,244,245,1);border:1px solid #f2f4f5;border-bottom-width:3px;\"><div class=\"editor-post-content-wrapper\" style=\"padding:10px 10px 10px 10px;\"><div class=\"editor-post-content post-content\"><h2 class=\"blog-shortcode-post-title entry-title\"><a href=\"https:\/\/www.heinzemedien.de\/studie-informationsverhalten-von-architektinnen-und-planenden\/\">Studie: Informationsverhalten von Architekt:innen und Planenden<\/a><\/h2><p class=\"editor-single-line-meta\"><span>21.04.2026<\/span><span class=\"editor-inline-sep\">|<\/span><\/p><\/div><\/div><div class=\"editor-clearfix\"><\/div><\/div>\n<\/article>\n<article id=\"blog-1-post-6143\" class=\"editor-post-grid post-6143 post type-post status-publish format-standard has-post-thumbnail hentry category-heinze category-marktforschung category-pressemeldung\">\n<div class=\"editor-post-wrapper\" style=\"background-color:rgba(242,244,245,1);border:1px solid #f2f4f5;border-bottom-width:3px;\"><div class=\"editor-post-content-wrapper\" style=\"padding:10px 10px 10px 10px;\"><div class=\"editor-post-content post-content\"><h2 class=\"blog-shortcode-post-title entry-title\"><a href=\"https:\/\/www.heinzemedien.de\/was-haben-kinderwagen-mit-baugenehmigungen-zu-tun\/\">Was haben Kinderwagen mit Baugenehmigungen zu tun?<\/a><\/h2><p class=\"editor-single-line-meta\"><span>19.03.2026<\/span><span class=\"editor-inline-sep\">|<\/span><\/p><\/div><\/div><div class=\"editor-clearfix\"><\/div><\/div>\n<\/article>\n<article id=\"blog-1-post-6114\" class=\"editor-post-grid post-6114 post type-post status-publish format-standard has-post-thumbnail hentry category-events category-heinze category-pressemeldung\">\n<div class=\"editor-post-wrapper\" style=\"background-color:rgba(242,244,245,1);border:1px solid #f2f4f5;border-bottom-width:3px;\"><div class=\"editor-post-content-wrapper\" style=\"padding:10px 10px 10px 10px;\"><div class=\"editor-post-content post-content\"><h2 class=\"blog-shortcode-post-title entry-title\"><a href=\"https:\/\/www.heinzemedien.de\/heinze-architektour-2026-ab-juni-mit-realisierter-architektur\/\">Heinze ArchitekTOUR 2026 ab Juni mit realisierter Architektur<\/a><\/h2><p class=\"editor-single-line-meta\"><span>25.02.2026<\/span><span class=\"editor-inline-sep\">|<\/span><\/p><\/div><\/div><div class=\"editor-clearfix\"><\/div><\/div>\n<\/article>\n<article id=\"blog-1-post-6104\" class=\"editor-post-grid post-6104 post type-post status-publish format-standard has-post-thumbnail hentry category-events category-heinze category-pressemeldung\">\n<div class=\"editor-post-wrapper\" style=\"background-color:rgba(242,244,245,1);border:1px solid #f2f4f5;border-bottom-width:3px;\"><div class=\"editor-post-content-wrapper\" style=\"padding:10px 10px 10px 10px;\"><div class=\"editor-post-content post-content\"><h2 class=\"blog-shortcode-post-title entry-title\"><a href=\"https:\/\/www.heinzemedien.de\/digitalbau-koeln-heinze-laedt-zum-exklusiven-architects-run-ein\/\">digitalBAU K\u00f6ln: Heinze l\u00e4dt zum exklusiven Architects\u2019 Run ein<\/a><\/h2><p class=\"editor-single-line-meta\"><span>24.02.2026<\/span><span class=\"editor-inline-sep\">|<\/span><\/p><\/div><\/div><div class=\"editor-clearfix\"><\/div><\/div>\n<\/article>\n<article id=\"blog-1-post-6070\" class=\"editor-post-grid post-6070 post type-post status-publish format-standard has-post-thumbnail hentry category-events category-heinze category-pressemeldung\">\n<div class=\"editor-post-wrapper\" style=\"background-color:rgba(242,244,245,1);border:1px solid #f2f4f5;border-bottom-width:3px;\"><div class=\"editor-post-content-wrapper\" style=\"padding:10px 10px 10px 10px;\"><div class=\"editor-post-content post-content\"><h2 class=\"blog-shortcode-post-title entry-title\"><a href=\"https:\/\/www.heinzemedien.de\/bauwende-heinze-architekturaward-2026-gestartet\/\">Bauwende: Heinze ArchitekturAWARD 2026 gestartet<\/a><\/h2><p class=\"editor-single-line-meta\"><span>12.02.2026<\/span><span class=\"editor-inline-sep\">|<\/span><\/p><\/div><\/div><div class=\"editor-clearfix\"><\/div><\/div>\n<\/article>\n<div class=\"editor-clearfix\"><\/div><\/div><div class=\"editor-infinite-scroll-trigger\"><\/div><div class=\"pagination infinite-scroll clearfix\" style=\"display:none;\"><span class=\"current\">1<\/span><a href=\"https:\/\/www.heinzemedien.de\/heinze-api\/wp\/v2\/posts\/4329\/page\/2\/\" class=\"inactive\">2<\/a><a class=\"pagination-next\" rel=\"next\" href=\"https:\/\/www.heinzemedien.de\/heinze-api\/wp\/v2\/posts\/4329\/page\/2\/\"><span class=\"page-text\">Vor<\/span><span class=\"page-next\"><\/span><\/a><\/div><div class=\"editor-clearfix\"><\/div><button class=\"editor-load-more-button editor-blog-button editor-clearfix\">Mehr Beitr\u00e4ge laden<\/button><\/div><div class=\"editor-clearfix\"><\/div><\/div><\/div><\/div><div class=\"editor-clearfix\"><\/div><\/div><\/div><div class=\"editor-layout-column editor_builder_column editor-builder-column-2 editor_builder_column_1_6 1_6 editor-one-sixth editor-column-last editor-no-small-visibility editor-no-medium-visibility\" style=\"--awb-bg-size:cover;width:16.666666666667%;width:calc(16.666666666667% - ( ( 4% + 4% ) * 0.16666666666667 ) );\"><div class=\"editor-column-wrapper editor-column-has-shadow editor-flex-column-wrapper-legacy\"><div class=\"editor-clearfix\"><\/div><\/div><\/div><\/div><\/div>\n","protected":false},"excerpt":{"rendered":"","protected":false},"author":884,"featured_media":4334,"comment_status":"closed","ping_status":"closed","sticky":false,"template":"","format":"standard","meta":{"footnotes":""},"categories":[74,67],"tags":[],"class_list":["post-4329","post","type-post","status-publish","format-standard","has-post-thumbnail","hentry","category-heinze","category-pressemeldung"],"seo_head":"<!-- This site is optimized with the Yoast SEO plugin v27.2 - https:\/\/yoast.com\/product\/yoast-seo-wordpress\/ -->\n<title>Doppeljubil\u00e4um beim Heinze Podcast - Heinze - Your Networking Company<\/title>\n<meta name=\"description\" content=\"ARCHITEKTURFUNK ver\u00f6ffentlicht seine 150. Episode und blickt auf drei Jahre voller Innovation, Kreativit\u00e4t und spannender Inhalte zur\u00fcck.\" \/>\n<meta name=\"robots\" content=\"index, follow, max-snippet:-1, max-image-preview:large, max-video-preview:-1\" \/>\n<link rel=\"canonical\" href=\"https:\/\/www.heinzemedien.de\/doppeljubilaeum-beim-heinze-podcast\/\" \/>\n<meta property=\"og:locale\" content=\"de_DE\" \/>\n<meta property=\"og:type\" content=\"article\" \/>\n<meta property=\"og:title\" content=\"Doppeljubil\u00e4um beim Heinze Podcast - Heinze - Your Networking Company\" \/>\n<meta property=\"og:description\" content=\"ARCHITEKTURFUNK ver\u00f6ffentlicht seine 150. Episode und blickt auf drei Jahre voller Innovation, Kreativit\u00e4t und spannender Inhalte zur\u00fcck.\" \/>\n<meta property=\"og:url\" content=\"https:\/\/www.heinzemedien.de\/doppeljubilaeum-beim-heinze-podcast\/\" \/>\n<meta property=\"og:site_name\" content=\"Heinze - Your Networking Company\" \/>\n<meta property=\"article:published_time\" content=\"2024-05-13T09:36:19+00:00\" \/>\n<meta property=\"og:image\" content=\"https:\/\/www.heinzemedien.de\/data\/uploads\/2024\/05\/Pressemitteilung_Podcast_665x225px.jpg\" \/>\n\t<meta property=\"og:image:width\" content=\"665\" \/>\n\t<meta property=\"og:image:height\" content=\"225\" \/>\n\t<meta property=\"og:image:type\" content=\"image\/jpeg\" \/>\n<meta name=\"author\" content=\"Nadine Choudiakis\" \/>\n<meta name=\"twitter:card\" content=\"summary_large_image\" \/>\n<meta name=\"twitter:label1\" content=\"Verfasst von\" \/>\n\t<meta name=\"twitter:data1\" content=\"Nadine Choudiakis\" \/>\n\t<meta name=\"twitter:label2\" content=\"Gesch\u00e4tzte Lesezeit\" \/>\n\t<meta name=\"twitter:data2\" content=\"4\u00a0Minuten\" \/>\n<script type=\"application\/ld+json\" class=\"seo-schema-graph\">{\"@context\":\"https:\/\/schema.org\",\"@graph\":[{\"@type\":\"Article\",\"@id\":\"https:\/\/www.heinzemedien.de\/doppeljubilaeum-beim-heinze-podcast\/#article\",\"isPartOf\":{\"@id\":\"https:\/\/www.heinzemedien.de\/doppeljubilaeum-beim-heinze-podcast\/\"},\"author\":{\"name\":\"Nadine Choudiakis\",\"@id\":\"https:\/\/www.heinzemedien.de\/#\/schema\/person\/f7310cc6031163d3d3d76ce73c32817d\"},\"headline\":\"Doppeljubil\u00e4um beim Heinze Podcast\",\"datePublished\":\"2024-05-13T09:36:19+00:00\",\"mainEntityOfPage\":{\"@id\":\"https:\/\/www.heinzemedien.de\/doppeljubilaeum-beim-heinze-podcast\/\"},\"wordCount\":3774,\"publisher\":{\"@id\":\"https:\/\/www.heinzemedien.de\/#organization\"},\"image\":{\"@id\":\"https:\/\/www.heinzemedien.de\/doppeljubilaeum-beim-heinze-podcast\/#primaryimage\"},\"thumbnailUrl\":\"https:\/\/www.heinzemedien.de\/data\/uploads\/2024\/05\/Pressemitteilung_Podcast_665x225px.jpg\",\"articleSection\":[\"Heinze\",\"Pressemeldung\"],\"inLanguage\":\"de\"},{\"@type\":\"WebPage\",\"@id\":\"https:\/\/www.heinzemedien.de\/doppeljubilaeum-beim-heinze-podcast\/\",\"url\":\"https:\/\/www.heinzemedien.de\/doppeljubilaeum-beim-heinze-podcast\/\",\"name\":\"Doppeljubil\u00e4um beim Heinze Podcast - Heinze - Your Networking Company\",\"isPartOf\":{\"@id\":\"https:\/\/www.heinzemedien.de\/#website\"},\"primaryImageOfPage\":{\"@id\":\"https:\/\/www.heinzemedien.de\/doppeljubilaeum-beim-heinze-podcast\/#primaryimage\"},\"image\":{\"@id\":\"https:\/\/www.heinzemedien.de\/doppeljubilaeum-beim-heinze-podcast\/#primaryimage\"},\"thumbnailUrl\":\"https:\/\/www.heinzemedien.de\/data\/uploads\/2024\/05\/Pressemitteilung_Podcast_665x225px.jpg\",\"datePublished\":\"2024-05-13T09:36:19+00:00\",\"description\":\"ARCHITEKTURFUNK ver\u00f6ffentlicht seine 150. Episode und blickt auf drei Jahre voller Innovation, Kreativit\u00e4t und spannender Inhalte zur\u00fcck.\",\"breadcrumb\":{\"@id\":\"https:\/\/www.heinzemedien.de\/doppeljubilaeum-beim-heinze-podcast\/#breadcrumb\"},\"inLanguage\":\"de\",\"potentialAction\":[{\"@type\":\"ReadAction\",\"target\":[\"https:\/\/www.heinzemedien.de\/doppeljubilaeum-beim-heinze-podcast\/\"]}]},{\"@type\":\"ImageObject\",\"inLanguage\":\"de\",\"@id\":\"https:\/\/www.heinzemedien.de\/doppeljubilaeum-beim-heinze-podcast\/#primaryimage\",\"url\":\"https:\/\/www.heinzemedien.de\/data\/uploads\/2024\/05\/Pressemitteilung_Podcast_665x225px.jpg\",\"contentUrl\":\"https:\/\/www.heinzemedien.de\/data\/uploads\/2024\/05\/Pressemitteilung_Podcast_665x225px.jpg\",\"width\":665,\"height\":225},{\"@type\":\"BreadcrumbList\",\"@id\":\"https:\/\/www.heinzemedien.de\/doppeljubilaeum-beim-heinze-podcast\/#breadcrumb\",\"itemListElement\":[{\"@type\":\"ListItem\",\"position\":1,\"name\":\"Startseite\",\"item\":\"https:\/\/www.heinzemedien.de\/\"},{\"@type\":\"ListItem\",\"position\":2,\"name\":\"Doppeljubil\u00e4um beim Heinze Podcast\"}]},{\"@type\":\"WebSite\",\"@id\":\"https:\/\/www.heinzemedien.de\/#website\",\"url\":\"https:\/\/www.heinzemedien.de\/\",\"name\":\"Heinze - Your Networking Company\",\"description\":\"\",\"publisher\":{\"@id\":\"https:\/\/www.heinzemedien.de\/#organization\"},\"potentialAction\":[{\"@type\":\"SearchAction\",\"target\":{\"@type\":\"EntryPoint\",\"urlTemplate\":\"https:\/\/www.heinzemedien.de\/?s={search_term_string}\"},\"query-input\":{\"@type\":\"PropertyValueSpecification\",\"valueRequired\":true,\"valueName\":\"search_term_string\"}}],\"inLanguage\":\"de\"},{\"@type\":\"Organization\",\"@id\":\"https:\/\/www.heinzemedien.de\/#organization\",\"name\":\"Heinze GmbH\",\"url\":\"https:\/\/www.heinzemedien.de\/\",\"logo\":{\"@type\":\"ImageObject\",\"inLanguage\":\"de\",\"@id\":\"https:\/\/www.heinzemedien.de\/#\/schema\/logo\/image\/\",\"url\":\"\",\"contentUrl\":\"\",\"caption\":\"Heinze GmbH\"},\"image\":{\"@id\":\"https:\/\/www.heinzemedien.de\/#\/schema\/logo\/image\/\"}},{\"@type\":\"Person\",\"@id\":\"https:\/\/www.heinzemedien.de\/#\/schema\/person\/f7310cc6031163d3d3d76ce73c32817d\",\"name\":\"Nadine Choudiakis\",\"image\":{\"@type\":\"ImageObject\",\"inLanguage\":\"de\",\"@id\":\"https:\/\/secure.gravatar.com\/avatar\/a235d2e0a22093f01f77bcbdb5a8bf3bc31705de548b8bc8a3045d5788522934?s=96&d=mm&r=g\",\"url\":\"https:\/\/secure.gravatar.com\/avatar\/a235d2e0a22093f01f77bcbdb5a8bf3bc31705de548b8bc8a3045d5788522934?s=96&d=mm&r=g\",\"contentUrl\":\"https:\/\/secure.gravatar.com\/avatar\/a235d2e0a22093f01f77bcbdb5a8bf3bc31705de548b8bc8a3045d5788522934?s=96&d=mm&r=g\",\"caption\":\"Nadine Choudiakis\"},\"url\":\"https:\/\/www.heinzemedien.de\/author\/choudiakis\/\"}]}<\/script>\n<!-- \/ Yoast SEO plugin. -->","seo_head_json":{"title":"Doppeljubil\u00e4um beim Heinze Podcast - Heinze - Your Networking Company","description":"ARCHITEKTURFUNK ver\u00f6ffentlicht seine 150. Episode und blickt auf drei Jahre voller Innovation, Kreativit\u00e4t und spannender Inhalte zur\u00fcck.","robots":{"index":"index","follow":"follow","max-snippet":"max-snippet:-1","max-image-preview":"max-image-preview:large","max-video-preview":"max-video-preview:-1"},"canonical":"https:\/\/www.heinzemedien.de\/doppeljubilaeum-beim-heinze-podcast\/","og_locale":"de_DE","og_type":"article","og_title":"Doppeljubil\u00e4um beim Heinze Podcast - Heinze - Your Networking Company","og_description":"ARCHITEKTURFUNK ver\u00f6ffentlicht seine 150. Episode und blickt auf drei Jahre voller Innovation, Kreativit\u00e4t und spannender Inhalte zur\u00fcck.","og_url":"https:\/\/www.heinzemedien.de\/doppeljubilaeum-beim-heinze-podcast\/","og_site_name":"Heinze - Your Networking Company","article_published_time":"2024-05-13T09:36:19+00:00","og_image":[{"width":665,"height":225,"url":"https:\/\/www.heinzemedien.de\/data\/uploads\/2024\/05\/Pressemitteilung_Podcast_665x225px.jpg","type":"image\/jpeg"}],"author":"Nadine Choudiakis","twitter_card":"summary_large_image","twitter_misc":{"Verfasst von":"Nadine Choudiakis","Gesch\u00e4tzte Lesezeit":"4\u00a0Minuten"},"schema":{"@context":"https:\/\/schema.org","@graph":[{"@type":"Article","@id":"https:\/\/www.heinzemedien.de\/doppeljubilaeum-beim-heinze-podcast\/#article","isPartOf":{"@id":"https:\/\/www.heinzemedien.de\/doppeljubilaeum-beim-heinze-podcast\/"},"author":{"name":"Nadine Choudiakis","@id":"https:\/\/www.heinzemedien.de\/#\/schema\/person\/f7310cc6031163d3d3d76ce73c32817d"},"headline":"Doppeljubil\u00e4um beim Heinze Podcast","datePublished":"2024-05-13T09:36:19+00:00","mainEntityOfPage":{"@id":"https:\/\/www.heinzemedien.de\/doppeljubilaeum-beim-heinze-podcast\/"},"wordCount":3774,"publisher":{"@id":"https:\/\/www.heinzemedien.de\/#organization"},"image":{"@id":"https:\/\/www.heinzemedien.de\/doppeljubilaeum-beim-heinze-podcast\/#primaryimage"},"thumbnailUrl":"https:\/\/www.heinzemedien.de\/data\/uploads\/2024\/05\/Pressemitteilung_Podcast_665x225px.jpg","articleSection":["Heinze","Pressemeldung"],"inLanguage":"de"},{"@type":"WebPage","@id":"https:\/\/www.heinzemedien.de\/doppeljubilaeum-beim-heinze-podcast\/","url":"https:\/\/www.heinzemedien.de\/doppeljubilaeum-beim-heinze-podcast\/","name":"Doppeljubil\u00e4um beim Heinze Podcast - Heinze - Your Networking Company","isPartOf":{"@id":"https:\/\/www.heinzemedien.de\/#website"},"primaryImageOfPage":{"@id":"https:\/\/www.heinzemedien.de\/doppeljubilaeum-beim-heinze-podcast\/#primaryimage"},"image":{"@id":"https:\/\/www.heinzemedien.de\/doppeljubilaeum-beim-heinze-podcast\/#primaryimage"},"thumbnailUrl":"https:\/\/www.heinzemedien.de\/data\/uploads\/2024\/05\/Pressemitteilung_Podcast_665x225px.jpg","datePublished":"2024-05-13T09:36:19+00:00","description":"ARCHITEKTURFUNK ver\u00f6ffentlicht seine 150. Episode und blickt auf drei Jahre voller Innovation, Kreativit\u00e4t und spannender Inhalte zur\u00fcck.","breadcrumb":{"@id":"https:\/\/www.heinzemedien.de\/doppeljubilaeum-beim-heinze-podcast\/#breadcrumb"},"inLanguage":"de","potentialAction":[{"@type":"ReadAction","target":["https:\/\/www.heinzemedien.de\/doppeljubilaeum-beim-heinze-podcast\/"]}]},{"@type":"ImageObject","inLanguage":"de","@id":"https:\/\/www.heinzemedien.de\/doppeljubilaeum-beim-heinze-podcast\/#primaryimage","url":"https:\/\/www.heinzemedien.de\/data\/uploads\/2024\/05\/Pressemitteilung_Podcast_665x225px.jpg","contentUrl":"https:\/\/www.heinzemedien.de\/data\/uploads\/2024\/05\/Pressemitteilung_Podcast_665x225px.jpg","width":665,"height":225},{"@type":"BreadcrumbList","@id":"https:\/\/www.heinzemedien.de\/doppeljubilaeum-beim-heinze-podcast\/#breadcrumb","itemListElement":[{"@type":"ListItem","position":1,"name":"Startseite","item":"https:\/\/www.heinzemedien.de\/"},{"@type":"ListItem","position":2,"name":"Doppeljubil\u00e4um beim Heinze Podcast"}]},{"@type":"WebSite","@id":"https:\/\/www.heinzemedien.de\/#website","url":"https:\/\/www.heinzemedien.de\/","name":"Heinze - Your Networking Company","description":"","publisher":{"@id":"https:\/\/www.heinzemedien.de\/#organization"},"potentialAction":[{"@type":"SearchAction","target":{"@type":"EntryPoint","urlTemplate":"https:\/\/www.heinzemedien.de\/?s={search_term_string}"},"query-input":{"@type":"PropertyValueSpecification","valueRequired":true,"valueName":"search_term_string"}}],"inLanguage":"de"},{"@type":"Organization","@id":"https:\/\/www.heinzemedien.de\/#organization","name":"Heinze GmbH","url":"https:\/\/www.heinzemedien.de\/","logo":{"@type":"ImageObject","inLanguage":"de","@id":"https:\/\/www.heinzemedien.de\/#\/schema\/logo\/image\/","url":"","contentUrl":"","caption":"Heinze GmbH"},"image":{"@id":"https:\/\/www.heinzemedien.de\/#\/schema\/logo\/image\/"}},{"@type":"Person","@id":"https:\/\/www.heinzemedien.de\/#\/schema\/person\/f7310cc6031163d3d3d76ce73c32817d","name":"Nadine Choudiakis","image":{"@type":"ImageObject","inLanguage":"de","@id":"https:\/\/secure.gravatar.com\/avatar\/a235d2e0a22093f01f77bcbdb5a8bf3bc31705de548b8bc8a3045d5788522934?s=96&d=mm&r=g","url":"https:\/\/secure.gravatar.com\/avatar\/a235d2e0a22093f01f77bcbdb5a8bf3bc31705de548b8bc8a3045d5788522934?s=96&d=mm&r=g","contentUrl":"https:\/\/secure.gravatar.com\/avatar\/a235d2e0a22093f01f77bcbdb5a8bf3bc31705de548b8bc8a3045d5788522934?s=96&d=mm&r=g","caption":"Nadine Choudiakis"},"url":"https:\/\/www.heinzemedien.de\/author\/choudiakis\/"}]}},"_links":{"self":[{"href":"https:\/\/www.heinzemedien.de\/heinze-api\/wp\/v2\/posts\/4329","targetHints":{"allow":["GET"]}}],"collection":[{"href":"https:\/\/www.heinzemedien.de\/heinze-api\/wp\/v2\/posts"}],"about":[{"href":"https:\/\/www.heinzemedien.de\/heinze-api\/wp\/v2\/types\/post"}],"author":[{"embeddable":true,"href":"https:\/\/www.heinzemedien.de\/heinze-api\/wp\/v2\/users\/884"}],"replies":[{"embeddable":true,"href":"https:\/\/www.heinzemedien.de\/heinze-api\/wp\/v2\/comments?post=4329"}],"version-history":[{"count":0,"href":"https:\/\/www.heinzemedien.de\/heinze-api\/wp\/v2\/posts\/4329\/revisions"}],"wp:featuredmedia":[{"embeddable":true,"href":"https:\/\/www.heinzemedien.de\/heinze-api\/wp\/v2\/media\/4334"}],"wp:attachment":[{"href":"https:\/\/www.heinzemedien.de\/heinze-api\/wp\/v2\/media?parent=4329"}],"wp:term":[{"taxonomy":"category","embeddable":true,"href":"https:\/\/www.heinzemedien.de\/heinze-api\/wp\/v2\/categories?post=4329"},{"taxonomy":"post_tag","embeddable":true,"href":"https:\/\/www.heinzemedien.de\/heinze-api\/wp\/v2\/tags?post=4329"}],"curies":[{"name":"wp","href":"https:\/\/api.w.org\/{rel}","templated":true}]}}