{"id":3804,"date":"2023-11-24T09:34:50","date_gmt":"2023-11-24T08:34:50","guid":{"rendered":"https:\/\/www.heinzemedien.de\/?p=3804"},"modified":"2024-05-23T11:05:01","modified_gmt":"2024-05-23T09:05:01","slug":"heinze-architekturaward-2023-ehrt-herausragende-nichtwohngebaeude","status":"publish","type":"post","link":"https:\/\/www.heinzemedien.de\/heinze-architekturaward-2023-ehrt-herausragende-nichtwohngebaeude\/","title":{"rendered":"Heinze ArchitekturAWARD 2023 ehrt herausragende Nichtwohngeb\u00e4ude"},"content":{"rendered":"<div class=\"editor-fullwidth fullwidth-box editor-builder-row-1 nonhundred-percent-fullwidth non-hundred-percent-height-scrolling\" style=\"--awb-border-radius-top-left:0px;--awb-border-radius-top-right:0px;--awb-border-radius-bottom-right:0px;--awb-border-radius-bottom-left:0px;--awb-padding-top:70px;--awb-padding-bottom:70px;--awb-margin-top:1px;--awb-background-color:#ffffff;--awb-flex-wrap:wrap;\" ><div class=\"editor-builder-row editor-row\"><div class=\"editor-layout-column editor_builder_column editor-builder-column-0 editor_builder_column_1_6 1_6 editor-one-sixth editor-column-first editor-no-small-visibility editor-no-medium-visibility\" style=\"--awb-bg-size:cover;width:16.666666666667%;width:calc(16.666666666667% - ( ( 4% + 4% ) * 0.16666666666667 ) );margin-right: 4%;\"><div class=\"editor-column-wrapper editor-column-has-shadow editor-flex-column-wrapper-legacy\"><div class=\"editor-clearfix\"><\/div><\/div><\/div><div class=\"editor-layout-column editor_builder_column editor-builder-column-1 editor_builder_column_2_3 2_3 editor-two-third mediumFullSizeColumn\" style=\"--awb-bg-size:cover;width:66.666666666667%;width:calc(66.666666666667% - ( ( 4% + 4% ) * 0.66666666666667 ) );margin-right: 4%;\"><div class=\"editor-column-wrapper editor-column-has-shadow editor-flex-column-wrapper-legacy\"><div class=\"editor-builder-row editor-builder-row-inner editor-row\"><div class=\"editor-layout-column editor_builder_column_inner editor-builder-nested-column-0 editor_builder_column_inner_2_3 2_3 editor-two-third editor-column-first\" style=\"--awb-padding-bottom:30px;--awb-bg-size:cover;width:66.666666666667%;width:calc(66.666666666667% - ( ( 4% ) * 0.66666666666667 ) );margin-right: 4%;\"><div class=\"editor-column-wrapper editor-column-has-shadow editor-flex-column-wrapper-legacy\"><div class=\"editor-image-element awb-imageframe-style awb-imageframe-style-below awb-imageframe-style-1 in-legacy-container\" style=\"--awb-caption-title-font-family:var(--h2_typography-font-family);--awb-caption-title-font-weight:var(--h2_typography-font-weight);--awb-caption-title-font-style:var(--h2_typography-font-style);--awb-caption-title-size:14px;--awb-caption-title-transform:var(--h2_typography-text-transform);--awb-caption-title-line-height:var(--h2_typography-line-height);--awb-caption-title-letter-spacing:var(--h2_typography-letter-spacing);\"><span class=\" editor-imageframe imageframe-none imageframe-1 hover-type-none\"><img decoding=\"async\" width=\"665\" height=\"375\" alt=\"Das glanzvolle Finale: Das sind die Preistr\u00e4gerinnen und Preistr\u00e4ger des Heinze ArchitekturAWARDs 2023 (Foto: \u00a9 Marcus Jacobs )\" title=\"AWARD_2023_PM_Klimafestival_Berlin_665x375\" src=\"https:\/\/www.heinzemedien.de\/data\/uploads\/2023\/11\/AWARD_2023_PM_Klimafestival_Berlin_665x375.jpg\" data-orig-src=\"https:\/\/www.heinzemedien.de\/data\/uploads\/2023\/11\/AWARD_2023_PM_Klimafestival_Berlin_665x375.jpg\" class=\"lazyload img-responsive hz-image-3818\" srcset=\"data:image\/svg+xml,%3Csvg%20xmlns%3D%27http%3A%2F%2Fwww.w3.org%2F2000%2Fsvg%27%20width%3D%27665%27%20height%3D%27375%27%20viewBox%3D%270%200%20665%20375%27%3E%3Crect%20width%3D%27665%27%20height%3D%27375%27%20fill-opacity%3D%220%22%2F%3E%3C%2Fsvg%3E\" data-srcset=\"https:\/\/www.heinzemedien.de\/data\/uploads\/2023\/11\/AWARD_2023_PM_Klimafestival_Berlin_665x375-200x113.jpg 200w, https:\/\/www.heinzemedien.de\/data\/uploads\/2023\/11\/AWARD_2023_PM_Klimafestival_Berlin_665x375-400x226.jpg 400w, https:\/\/www.heinzemedien.de\/data\/uploads\/2023\/11\/AWARD_2023_PM_Klimafestival_Berlin_665x375-600x338.jpg 600w, https:\/\/www.heinzemedien.de\/data\/uploads\/2023\/11\/AWARD_2023_PM_Klimafestival_Berlin_665x375.jpg 665w\" data-sizes=\"auto\" data-orig-sizes=\"(max-width: 768px) 100vw, 665px\" \/><\/span><div class=\"awb-imageframe-caption-container\"><div class=\"awb-imageframe-caption\"><h2 class=\"awb-imageframe-caption-title\">Das glanzvolle Finale: Das sind die Preistr\u00e4gerinnen und Preistr\u00e4ger des Heinze ArchitekturAWARDs 2023 (Foto: \u00a9 Marcus Jacobs )<\/h2><\/div><\/div><\/div><div class=\"editor-sep-clear\"><\/div><div class=\"editor-separator editor-full-width-sep\" style=\"margin-left: auto;margin-right: auto;margin-top:20px;margin-bottom:20px;width:100%;\"><\/div><div class=\"editor-sep-clear\"><\/div><div class=\"editor-text editor-text-1\" style=\"--awb-text-transform:none;\"><p><strong>Am Abend des 23. November 2023 wurden im Rahmen des Klimafestivals in der STATION Berlin die besten Nichtwohngeb\u00e4ude mit dem begehrten Heinze ArchitekturAWARD ausgezeichnet. <\/strong><\/p>\n<p>Der diesj\u00e4hrige Wettbewerb stie\u00df auf gro\u00dfe Resonanz und verzeichnete mit 390 Einreichungen eine Rekordbeteiligung von Architektur- und Planungsb\u00fcros. Zum ersten Mal waren, neben B\u00fcros aus Deutschland, auch Architekturb\u00fcros aus \u00d6sterreich vertreten, die ihre innovativen Projekte pr\u00e4sentierten. F\u00fcr die renommierte Jury, Prof. Much Untertrifaller (Dietrich | Untertrifaller Architekten ZT GmbH), Prof. Anca Timofticiuc (Mensing Timofticiuc Arch. PartmbB) und Anne Kaestle (Duplex Architekten AG), die alle Projekte genauestens unter die Lupe nahm, keine einfache Aufgabe. Nach einer Vorauswahl bildete sich eine Shortlist, auf der die vielversprechendsten Bauwerke vertreten waren. In der darauffolgenden Jurysitzung wurden die Projekte anhand verschiedener Kriterien bewertet, darunter das Gesamtkonzept des Bauwerks, Einzigartigkeit, Innovation, architektonische Exzellenz, Nachhaltigkeit sowie \u00f6kologische, \u00f6konomische und soziokulturelle Qualit\u00e4t.<\/p>\n<\/div><div class=\"editor-image-element awb-imageframe-style awb-imageframe-style-below awb-imageframe-style-2 in-legacy-container\" style=\"--awb-caption-title-font-family:var(--h2_typography-font-family);--awb-caption-title-font-weight:var(--h2_typography-font-weight);--awb-caption-title-font-style:var(--h2_typography-font-style);--awb-caption-title-size:14px;--awb-caption-title-transform:var(--h2_typography-text-transform);--awb-caption-title-line-height:var(--h2_typography-line-height);--awb-caption-title-letter-spacing:var(--h2_typography-letter-spacing);\"><span class=\" editor-imageframe imageframe-none imageframe-2 hover-type-none\"><img decoding=\"async\" width=\"665\" height=\"225\" alt=\"v.l.n.r: Prof. Much Untertrifaller, Anne Kaestle, Prof. Anca Timofticiuc, Klaus F\u00fcner - Nach zwei Tagen Jurysitzung steht fest, welche Projekte eine Auszeichnung verdient haben. \u00a9 wolfgang-galow-photographie.de\" title=\"AWARD_2023_Bild_Homepage_665x225px\" src=\"https:\/\/www.heinzemedien.de\/data\/uploads\/2023\/11\/AWARD_2023_Bild_Homepage_665x225px.jpg\" data-orig-src=\"https:\/\/www.heinzemedien.de\/data\/uploads\/2023\/11\/AWARD_2023_Bild_Homepage_665x225px.jpg\" class=\"lazyload img-responsive hz-image-3814\" srcset=\"data:image\/svg+xml,%3Csvg%20xmlns%3D%27http%3A%2F%2Fwww.w3.org%2F2000%2Fsvg%27%20width%3D%27665%27%20height%3D%27225%27%20viewBox%3D%270%200%20665%20225%27%3E%3Crect%20width%3D%27665%27%20height%3D%27225%27%20fill-opacity%3D%220%22%2F%3E%3C%2Fsvg%3E\" data-srcset=\"https:\/\/www.heinzemedien.de\/data\/uploads\/2023\/11\/AWARD_2023_Bild_Homepage_665x225px-200x68.jpg 200w, https:\/\/www.heinzemedien.de\/data\/uploads\/2023\/11\/AWARD_2023_Bild_Homepage_665x225px-400x135.jpg 400w, https:\/\/www.heinzemedien.de\/data\/uploads\/2023\/11\/AWARD_2023_Bild_Homepage_665x225px-600x203.jpg 600w, https:\/\/www.heinzemedien.de\/data\/uploads\/2023\/11\/AWARD_2023_Bild_Homepage_665x225px.jpg 665w\" data-sizes=\"auto\" data-orig-sizes=\"(max-width: 768px) 100vw, 665px\" \/><\/span><div class=\"awb-imageframe-caption-container\"><div class=\"awb-imageframe-caption\"><h2 class=\"awb-imageframe-caption-title\">v.l.n.r: Prof. Much Untertrifaller, Anne Kaestle, Prof. Anca Timofticiuc, Klaus F\u00fcner - Nach zwei Tagen Jurysitzung steht fest, welche Projekte eine Auszeichnung verdient haben. \u00a9wolfgang-galow-photographie.de<\/h2><\/div><\/div><\/div><div class=\"editor-sep-clear\"><\/div><div class=\"editor-separator editor-full-width-sep\" style=\"margin-left: auto;margin-right: auto;margin-top:20px;margin-bottom:20px;width:100%;\"><\/div><div class=\"editor-sep-clear\"><\/div><div class=\"editor-text editor-text-2\" style=\"--awb-text-transform:none;\"><p>Der j\u00e4hrlich ausgelobte Architekturwettbewerb feierte am 23. November 2023 sein Finale und zeichnete 13 herausragende Gewinnerinnen und Gewinner aus. Sie erhielten nicht nur ein Gesamtpreisgeld in H\u00f6he von 40.000 Euro, sondern wurden auch mit einer AWARD-Troph\u00e4e sowie einer Urkunde f\u00fcr ihre hervorragenden Projekte geehrt. Die feierliche Laudatio wurde von Prof. Much Untertrifaller und Prof. Anca Timofticiuc gehalten. Klaus F\u00fcner, Creative Director &amp; Head of Partner Relations bei der Heinze GmbH, moderierte charmant durch die Preisverleihung und \u00fcberreichte anschlie\u00dfend die drei Publikumspreise, f\u00fcr die online auf heinze.de abgestimmt wurde.<\/p>\n<p>Herzlichen Gl\u00fcckwunsch an die Preistr\u00e4gerinnen und Preistr\u00e4ger, die auf den folgenden Seiten sowie unter <a href=\"https:\/\/www.heinze.de\/award\" target=\"_blank\" rel=\"noopener\">heinze.de\/award<\/a> vorgestellt werden. Der Wettbewerb wurde gro\u00dfz\u00fcgig von den Sponsoren James Hardie Europe, LUNOS und SALTO Systems unterst\u00fctzt.<\/p>\n<p>Eine \u00dcbersicht aller Preistr\u00e4gerinnen und Preistr\u00e4ger finden Sie in der kompletten Pressemeldung zum Download und <a href=\"https:\/\/www.heinze.de\/architekturobjekte-zu\/?s=2&amp;d=r&amp;aw=year;2023,type;,filter;3\" target=\"_blank\" rel=\"noopener\">hier<\/a>.<\/p>\n<\/div><div class=\"editor-button-wrapper\"><a class=\"editor-button button-flat button-xlarge button-default editor-button-default button-1 editor-button-default-span editor-button-default-type\" target=\"_self\" href=\"https:\/\/www.heinzemedien.de\/data\/uploads\/2023\/11\/PM_Preisverleihung_Heinze-ArchitekturAWARD_2023.zip\"><span class=\"editor-button-text awb-button__text awb-button__text--default\">Download Pressekit<\/span><\/a><\/div><div class=\"editor-clearfix\"><\/div><\/div><\/div><div class=\"editor-layout-column editor_builder_column_inner editor-builder-nested-column-1 editor_builder_column_inner_1_3 1_3 editor-one-third editor-column-last cssNewsAside\" style=\"--awb-padding-top:30px;--awb-padding-right:30px;--awb-padding-bottom:30px;--awb-padding-left:30px;--awb-bg-color:#f2f4f5;--awb-bg-color-hover:#f2f4f5;--awb-bg-size:cover;width:33.333333333333%;width:calc(33.333333333333% - ( ( 4% ) * 0.33333333333333 ) );\"><div class=\"editor-column-wrapper editor-column-has-shadow editor-flex-column-wrapper-legacy\"><div class=\"editor-title title editor-title-1 editor-sep-none editor-title-text editor-title-size-one\" style=\"--awb-margin-top-small:0px;--awb-margin-right-small:0px;--awb-margin-bottom-small:20px;--awb-margin-left-small:0px;\"><h1 class=\"editor-title-heading title-heading-left editor-responsive-typography-calculated\" style=\"margin:0;--fontSize:45;line-height:1.3;\"><h4 class=\"cssMainHeadline editor-responsive-typography-calculated\" data-fontsize=\"45\" data-lineheight=\"58.5px\">Weitere Neuigkeiten<\/h4><\/h1><\/div><div class=\"editor-blog-shortcode editor-blog-shortcode-1 editor-blog-archive editor-blog-layout-grid-wrapper editor-blog-infinite editor-blog-no-images\" style=\"--grid_separator_color:#d7dce0;\"><style type=\"text\/css\">.editor-blog-shortcode-1 .editor-blog-layout-grid .editor-post-grid{padding:20px;}.editor-blog-shortcode-1 .editor-posts-container{margin-left: -20px !important; margin-right:-20px !important;}<\/style><div class=\"editor-posts-container editor-posts-container-infinite editor-posts-container-load-more editor-blog-layout-grid editor-blog-layout-grid-1 isotope\" data-pages=\"30\" data-grid-col-space=\"40\" style=\"margin: -20px -20px 0;min-height:500px;\"><article id=\"blog-1-post-6157\" class=\"editor-post-grid post-6157 post type-post status-publish format-standard has-post-thumbnail hentry category-heinze category-marktforschung category-pressemeldung\">\n<div class=\"editor-post-wrapper\" style=\"background-color:rgba(242,244,245,1);border:1px solid #f2f4f5;border-bottom-width:3px;\"><div class=\"editor-post-content-wrapper\" style=\"padding:10px 10px 10px 10px;\"><div class=\"editor-post-content post-content\"><h2 class=\"blog-shortcode-post-title entry-title\"><a href=\"https:\/\/www.heinzemedien.de\/studie-informationsverhalten-von-architektinnen-und-planenden\/\">Studie: Informationsverhalten von Architekt:innen und Planenden<\/a><\/h2><p class=\"editor-single-line-meta\"><span>21.04.2026<\/span><span class=\"editor-inline-sep\">|<\/span><\/p><\/div><\/div><div class=\"editor-clearfix\"><\/div><\/div>\n<\/article>\n<article id=\"blog-1-post-6143\" class=\"editor-post-grid post-6143 post type-post status-publish format-standard has-post-thumbnail hentry category-heinze category-marktforschung category-pressemeldung\">\n<div class=\"editor-post-wrapper\" style=\"background-color:rgba(242,244,245,1);border:1px solid #f2f4f5;border-bottom-width:3px;\"><div class=\"editor-post-content-wrapper\" style=\"padding:10px 10px 10px 10px;\"><div class=\"editor-post-content post-content\"><h2 class=\"blog-shortcode-post-title entry-title\"><a href=\"https:\/\/www.heinzemedien.de\/was-haben-kinderwagen-mit-baugenehmigungen-zu-tun\/\">Was haben Kinderwagen mit Baugenehmigungen zu tun?<\/a><\/h2><p class=\"editor-single-line-meta\"><span>19.03.2026<\/span><span class=\"editor-inline-sep\">|<\/span><\/p><\/div><\/div><div class=\"editor-clearfix\"><\/div><\/div>\n<\/article>\n<article id=\"blog-1-post-6114\" class=\"editor-post-grid post-6114 post type-post status-publish format-standard has-post-thumbnail hentry category-events category-heinze category-pressemeldung\">\n<div class=\"editor-post-wrapper\" style=\"background-color:rgba(242,244,245,1);border:1px solid #f2f4f5;border-bottom-width:3px;\"><div class=\"editor-post-content-wrapper\" style=\"padding:10px 10px 10px 10px;\"><div class=\"editor-post-content post-content\"><h2 class=\"blog-shortcode-post-title entry-title\"><a href=\"https:\/\/www.heinzemedien.de\/heinze-architektour-2026-ab-juni-mit-realisierter-architektur\/\">Heinze ArchitekTOUR 2026 ab Juni mit realisierter Architektur<\/a><\/h2><p class=\"editor-single-line-meta\"><span>25.02.2026<\/span><span class=\"editor-inline-sep\">|<\/span><\/p><\/div><\/div><div class=\"editor-clearfix\"><\/div><\/div>\n<\/article>\n<article id=\"blog-1-post-6104\" class=\"editor-post-grid post-6104 post type-post status-publish format-standard has-post-thumbnail hentry category-events category-heinze category-pressemeldung\">\n<div class=\"editor-post-wrapper\" style=\"background-color:rgba(242,244,245,1);border:1px solid #f2f4f5;border-bottom-width:3px;\"><div class=\"editor-post-content-wrapper\" style=\"padding:10px 10px 10px 10px;\"><div class=\"editor-post-content post-content\"><h2 class=\"blog-shortcode-post-title entry-title\"><a href=\"https:\/\/www.heinzemedien.de\/digitalbau-koeln-heinze-laedt-zum-exklusiven-architects-run-ein\/\">digitalBAU K\u00f6ln: Heinze l\u00e4dt zum exklusiven Architects\u2019 Run ein<\/a><\/h2><p class=\"editor-single-line-meta\"><span>24.02.2026<\/span><span class=\"editor-inline-sep\">|<\/span><\/p><\/div><\/div><div class=\"editor-clearfix\"><\/div><\/div>\n<\/article>\n<article id=\"blog-1-post-6070\" class=\"editor-post-grid post-6070 post type-post status-publish format-standard has-post-thumbnail hentry category-events category-heinze category-pressemeldung\">\n<div class=\"editor-post-wrapper\" style=\"background-color:rgba(242,244,245,1);border:1px solid #f2f4f5;border-bottom-width:3px;\"><div class=\"editor-post-content-wrapper\" style=\"padding:10px 10px 10px 10px;\"><div class=\"editor-post-content post-content\"><h2 class=\"blog-shortcode-post-title entry-title\"><a href=\"https:\/\/www.heinzemedien.de\/bauwende-heinze-architekturaward-2026-gestartet\/\">Bauwende: Heinze ArchitekturAWARD 2026 gestartet<\/a><\/h2><p class=\"editor-single-line-meta\"><span>12.02.2026<\/span><span class=\"editor-inline-sep\">|<\/span><\/p><\/div><\/div><div class=\"editor-clearfix\"><\/div><\/div>\n<\/article>\n<div class=\"editor-clearfix\"><\/div><\/div><div class=\"editor-infinite-scroll-trigger\"><\/div><div class=\"pagination infinite-scroll clearfix\" style=\"display:none;\"><span class=\"current\">1<\/span><a href=\"https:\/\/www.heinzemedien.de\/heinze-api\/wp\/v2\/posts\/3804\/page\/2\/\" class=\"inactive\">2<\/a><a class=\"pagination-next\" rel=\"next\" href=\"https:\/\/www.heinzemedien.de\/heinze-api\/wp\/v2\/posts\/3804\/page\/2\/\"><span class=\"page-text\">Vor<\/span><span class=\"page-next\"><\/span><\/a><\/div><div class=\"editor-clearfix\"><\/div><button class=\"editor-load-more-button editor-blog-button editor-clearfix\">Mehr Beitr\u00e4ge laden<\/button><\/div><div class=\"editor-clearfix\"><\/div><\/div><\/div><\/div><div class=\"editor-clearfix\"><\/div><\/div><\/div><div class=\"editor-layout-column editor_builder_column editor-builder-column-2 editor_builder_column_1_6 1_6 editor-one-sixth editor-column-last editor-no-small-visibility editor-no-medium-visibility\" style=\"--awb-bg-size:cover;width:16.666666666667%;width:calc(16.666666666667% - ( ( 4% + 4% ) * 0.16666666666667 ) );\"><div class=\"editor-column-wrapper editor-column-has-shadow editor-flex-column-wrapper-legacy\"><div class=\"editor-clearfix\"><\/div><\/div><\/div><\/div><\/div>\n","protected":false},"excerpt":{"rendered":"","protected":false},"author":884,"featured_media":3819,"comment_status":"closed","ping_status":"closed","sticky":false,"template":"","format":"standard","meta":{"footnotes":""},"categories":[22,74,67],"tags":[],"class_list":["post-3804","post","type-post","status-publish","format-standard","has-post-thumbnail","hentry","category-events","category-heinze","category-pressemeldung"],"seo_head":"<!-- This site is optimized with the Yoast SEO plugin v27.2 - https:\/\/yoast.com\/product\/yoast-seo-wordpress\/ -->\n<title>Heinze ArchitekturAWARD 2023 ehrt herausragende Nichtwohngeb\u00e4ude - Heinze - Your Networking Company<\/title>\n<meta name=\"description\" content=\"Am Abend des 23. November 2023 wurden im Rahmen des Klimafestivals in der STATION Berlin die besten Nichtwohngeb\u00e4ude mit dem begehrten Heinze ArchitekturAWARD ausgezeichnet.\" \/>\n<meta name=\"robots\" content=\"index, follow, max-snippet:-1, max-image-preview:large, max-video-preview:-1\" \/>\n<link rel=\"canonical\" href=\"https:\/\/www.heinzemedien.de\/heinze-architekturaward-2023-ehrt-herausragende-nichtwohngebaeude\/\" \/>\n<meta property=\"og:locale\" content=\"de_DE\" \/>\n<meta property=\"og:type\" content=\"article\" \/>\n<meta property=\"og:title\" content=\"Heinze ArchitekturAWARD 2023 ehrt herausragende Nichtwohngeb\u00e4ude - Heinze - Your Networking Company\" \/>\n<meta property=\"og:description\" content=\"Am Abend des 23. November 2023 wurden im Rahmen des Klimafestivals in der STATION Berlin die besten Nichtwohngeb\u00e4ude mit dem begehrten Heinze ArchitekturAWARD ausgezeichnet.\" \/>\n<meta property=\"og:url\" content=\"https:\/\/www.heinzemedien.de\/heinze-architekturaward-2023-ehrt-herausragende-nichtwohngebaeude\/\" \/>\n<meta property=\"og:site_name\" content=\"Heinze - Your Networking Company\" \/>\n<meta property=\"article:published_time\" content=\"2023-11-24T08:34:50+00:00\" \/>\n<meta property=\"article:modified_time\" content=\"2024-05-23T09:05:01+00:00\" \/>\n<meta property=\"og:image\" content=\"https:\/\/www.heinzemedien.de\/data\/uploads\/2023\/11\/AWARD_2023_PM_Klimafestival_Berlin_665x225.jpg\" \/>\n\t<meta property=\"og:image:width\" content=\"665\" \/>\n\t<meta property=\"og:image:height\" content=\"225\" \/>\n\t<meta property=\"og:image:type\" content=\"image\/jpeg\" \/>\n<meta name=\"author\" content=\"Nadine Choudiakis\" \/>\n<meta name=\"twitter:card\" content=\"summary_large_image\" \/>\n<meta name=\"twitter:label1\" content=\"Verfasst von\" \/>\n\t<meta name=\"twitter:data1\" content=\"Nadine Choudiakis\" \/>\n\t<meta name=\"twitter:label2\" content=\"Gesch\u00e4tzte Lesezeit\" \/>\n\t<meta name=\"twitter:data2\" content=\"3\u00a0Minuten\" \/>\n<script type=\"application\/ld+json\" class=\"seo-schema-graph\">{\"@context\":\"https:\/\/schema.org\",\"@graph\":[{\"@type\":\"Article\",\"@id\":\"https:\/\/www.heinzemedien.de\/heinze-architekturaward-2023-ehrt-herausragende-nichtwohngebaeude\/#article\",\"isPartOf\":{\"@id\":\"https:\/\/www.heinzemedien.de\/heinze-architekturaward-2023-ehrt-herausragende-nichtwohngebaeude\/\"},\"author\":{\"name\":\"Nadine Choudiakis\",\"@id\":\"https:\/\/www.heinzemedien.de\/#\/schema\/person\/f7310cc6031163d3d3d76ce73c32817d\"},\"headline\":\"Heinze ArchitekturAWARD 2023 ehrt herausragende Nichtwohngeb\u00e4ude\",\"datePublished\":\"2023-11-24T08:34:50+00:00\",\"dateModified\":\"2024-05-23T09:05:01+00:00\",\"mainEntityOfPage\":{\"@id\":\"https:\/\/www.heinzemedien.de\/heinze-architekturaward-2023-ehrt-herausragende-nichtwohngebaeude\/\"},\"wordCount\":2792,\"publisher\":{\"@id\":\"https:\/\/www.heinzemedien.de\/#organization\"},\"image\":{\"@id\":\"https:\/\/www.heinzemedien.de\/heinze-architekturaward-2023-ehrt-herausragende-nichtwohngebaeude\/#primaryimage\"},\"thumbnailUrl\":\"https:\/\/www.heinzemedien.de\/data\/uploads\/2023\/11\/AWARD_2023_PM_Klimafestival_Berlin_665x225.jpg\",\"articleSection\":[\"Events\",\"Heinze\",\"Pressemeldung\"],\"inLanguage\":\"de\"},{\"@type\":\"WebPage\",\"@id\":\"https:\/\/www.heinzemedien.de\/heinze-architekturaward-2023-ehrt-herausragende-nichtwohngebaeude\/\",\"url\":\"https:\/\/www.heinzemedien.de\/heinze-architekturaward-2023-ehrt-herausragende-nichtwohngebaeude\/\",\"name\":\"Heinze ArchitekturAWARD 2023 ehrt herausragende Nichtwohngeb\u00e4ude - Heinze - Your Networking Company\",\"isPartOf\":{\"@id\":\"https:\/\/www.heinzemedien.de\/#website\"},\"primaryImageOfPage\":{\"@id\":\"https:\/\/www.heinzemedien.de\/heinze-architekturaward-2023-ehrt-herausragende-nichtwohngebaeude\/#primaryimage\"},\"image\":{\"@id\":\"https:\/\/www.heinzemedien.de\/heinze-architekturaward-2023-ehrt-herausragende-nichtwohngebaeude\/#primaryimage\"},\"thumbnailUrl\":\"https:\/\/www.heinzemedien.de\/data\/uploads\/2023\/11\/AWARD_2023_PM_Klimafestival_Berlin_665x225.jpg\",\"datePublished\":\"2023-11-24T08:34:50+00:00\",\"dateModified\":\"2024-05-23T09:05:01+00:00\",\"description\":\"Am Abend des 23. November 2023 wurden im Rahmen des Klimafestivals in der STATION Berlin die besten Nichtwohngeb\u00e4ude mit dem begehrten Heinze ArchitekturAWARD ausgezeichnet.\",\"breadcrumb\":{\"@id\":\"https:\/\/www.heinzemedien.de\/heinze-architekturaward-2023-ehrt-herausragende-nichtwohngebaeude\/#breadcrumb\"},\"inLanguage\":\"de\",\"potentialAction\":[{\"@type\":\"ReadAction\",\"target\":[\"https:\/\/www.heinzemedien.de\/heinze-architekturaward-2023-ehrt-herausragende-nichtwohngebaeude\/\"]}]},{\"@type\":\"ImageObject\",\"inLanguage\":\"de\",\"@id\":\"https:\/\/www.heinzemedien.de\/heinze-architekturaward-2023-ehrt-herausragende-nichtwohngebaeude\/#primaryimage\",\"url\":\"https:\/\/www.heinzemedien.de\/data\/uploads\/2023\/11\/AWARD_2023_PM_Klimafestival_Berlin_665x225.jpg\",\"contentUrl\":\"https:\/\/www.heinzemedien.de\/data\/uploads\/2023\/11\/AWARD_2023_PM_Klimafestival_Berlin_665x225.jpg\",\"width\":665,\"height\":225},{\"@type\":\"BreadcrumbList\",\"@id\":\"https:\/\/www.heinzemedien.de\/heinze-architekturaward-2023-ehrt-herausragende-nichtwohngebaeude\/#breadcrumb\",\"itemListElement\":[{\"@type\":\"ListItem\",\"position\":1,\"name\":\"Startseite\",\"item\":\"https:\/\/www.heinzemedien.de\/\"},{\"@type\":\"ListItem\",\"position\":2,\"name\":\"Heinze ArchitekturAWARD 2023 ehrt herausragende Nichtwohngeb\u00e4ude\"}]},{\"@type\":\"WebSite\",\"@id\":\"https:\/\/www.heinzemedien.de\/#website\",\"url\":\"https:\/\/www.heinzemedien.de\/\",\"name\":\"Heinze - Your Networking Company\",\"description\":\"\",\"publisher\":{\"@id\":\"https:\/\/www.heinzemedien.de\/#organization\"},\"potentialAction\":[{\"@type\":\"SearchAction\",\"target\":{\"@type\":\"EntryPoint\",\"urlTemplate\":\"https:\/\/www.heinzemedien.de\/?s={search_term_string}\"},\"query-input\":{\"@type\":\"PropertyValueSpecification\",\"valueRequired\":true,\"valueName\":\"search_term_string\"}}],\"inLanguage\":\"de\"},{\"@type\":\"Organization\",\"@id\":\"https:\/\/www.heinzemedien.de\/#organization\",\"name\":\"Heinze GmbH\",\"url\":\"https:\/\/www.heinzemedien.de\/\",\"logo\":{\"@type\":\"ImageObject\",\"inLanguage\":\"de\",\"@id\":\"https:\/\/www.heinzemedien.de\/#\/schema\/logo\/image\/\",\"url\":\"\",\"contentUrl\":\"\",\"caption\":\"Heinze GmbH\"},\"image\":{\"@id\":\"https:\/\/www.heinzemedien.de\/#\/schema\/logo\/image\/\"}},{\"@type\":\"Person\",\"@id\":\"https:\/\/www.heinzemedien.de\/#\/schema\/person\/f7310cc6031163d3d3d76ce73c32817d\",\"name\":\"Nadine Choudiakis\",\"image\":{\"@type\":\"ImageObject\",\"inLanguage\":\"de\",\"@id\":\"https:\/\/secure.gravatar.com\/avatar\/a235d2e0a22093f01f77bcbdb5a8bf3bc31705de548b8bc8a3045d5788522934?s=96&d=mm&r=g\",\"url\":\"https:\/\/secure.gravatar.com\/avatar\/a235d2e0a22093f01f77bcbdb5a8bf3bc31705de548b8bc8a3045d5788522934?s=96&d=mm&r=g\",\"contentUrl\":\"https:\/\/secure.gravatar.com\/avatar\/a235d2e0a22093f01f77bcbdb5a8bf3bc31705de548b8bc8a3045d5788522934?s=96&d=mm&r=g\",\"caption\":\"Nadine Choudiakis\"},\"url\":\"https:\/\/www.heinzemedien.de\/author\/choudiakis\/\"}]}<\/script>\n<!-- \/ Yoast SEO plugin. -->","seo_head_json":{"title":"Heinze ArchitekturAWARD 2023 ehrt herausragende Nichtwohngeb\u00e4ude - Heinze - Your Networking Company","description":"Am Abend des 23. November 2023 wurden im Rahmen des Klimafestivals in der STATION Berlin die besten Nichtwohngeb\u00e4ude mit dem begehrten Heinze ArchitekturAWARD ausgezeichnet.","robots":{"index":"index","follow":"follow","max-snippet":"max-snippet:-1","max-image-preview":"max-image-preview:large","max-video-preview":"max-video-preview:-1"},"canonical":"https:\/\/www.heinzemedien.de\/heinze-architekturaward-2023-ehrt-herausragende-nichtwohngebaeude\/","og_locale":"de_DE","og_type":"article","og_title":"Heinze ArchitekturAWARD 2023 ehrt herausragende Nichtwohngeb\u00e4ude - Heinze - Your Networking Company","og_description":"Am Abend des 23. November 2023 wurden im Rahmen des Klimafestivals in der STATION Berlin die besten Nichtwohngeb\u00e4ude mit dem begehrten Heinze ArchitekturAWARD ausgezeichnet.","og_url":"https:\/\/www.heinzemedien.de\/heinze-architekturaward-2023-ehrt-herausragende-nichtwohngebaeude\/","og_site_name":"Heinze - Your Networking Company","article_published_time":"2023-11-24T08:34:50+00:00","article_modified_time":"2024-05-23T09:05:01+00:00","og_image":[{"width":665,"height":225,"url":"https:\/\/www.heinzemedien.de\/data\/uploads\/2023\/11\/AWARD_2023_PM_Klimafestival_Berlin_665x225.jpg","type":"image\/jpeg"}],"author":"Nadine Choudiakis","twitter_card":"summary_large_image","twitter_misc":{"Verfasst von":"Nadine Choudiakis","Gesch\u00e4tzte Lesezeit":"3\u00a0Minuten"},"schema":{"@context":"https:\/\/schema.org","@graph":[{"@type":"Article","@id":"https:\/\/www.heinzemedien.de\/heinze-architekturaward-2023-ehrt-herausragende-nichtwohngebaeude\/#article","isPartOf":{"@id":"https:\/\/www.heinzemedien.de\/heinze-architekturaward-2023-ehrt-herausragende-nichtwohngebaeude\/"},"author":{"name":"Nadine Choudiakis","@id":"https:\/\/www.heinzemedien.de\/#\/schema\/person\/f7310cc6031163d3d3d76ce73c32817d"},"headline":"Heinze ArchitekturAWARD 2023 ehrt herausragende Nichtwohngeb\u00e4ude","datePublished":"2023-11-24T08:34:50+00:00","dateModified":"2024-05-23T09:05:01+00:00","mainEntityOfPage":{"@id":"https:\/\/www.heinzemedien.de\/heinze-architekturaward-2023-ehrt-herausragende-nichtwohngebaeude\/"},"wordCount":2792,"publisher":{"@id":"https:\/\/www.heinzemedien.de\/#organization"},"image":{"@id":"https:\/\/www.heinzemedien.de\/heinze-architekturaward-2023-ehrt-herausragende-nichtwohngebaeude\/#primaryimage"},"thumbnailUrl":"https:\/\/www.heinzemedien.de\/data\/uploads\/2023\/11\/AWARD_2023_PM_Klimafestival_Berlin_665x225.jpg","articleSection":["Events","Heinze","Pressemeldung"],"inLanguage":"de"},{"@type":"WebPage","@id":"https:\/\/www.heinzemedien.de\/heinze-architekturaward-2023-ehrt-herausragende-nichtwohngebaeude\/","url":"https:\/\/www.heinzemedien.de\/heinze-architekturaward-2023-ehrt-herausragende-nichtwohngebaeude\/","name":"Heinze ArchitekturAWARD 2023 ehrt herausragende Nichtwohngeb\u00e4ude - Heinze - Your Networking Company","isPartOf":{"@id":"https:\/\/www.heinzemedien.de\/#website"},"primaryImageOfPage":{"@id":"https:\/\/www.heinzemedien.de\/heinze-architekturaward-2023-ehrt-herausragende-nichtwohngebaeude\/#primaryimage"},"image":{"@id":"https:\/\/www.heinzemedien.de\/heinze-architekturaward-2023-ehrt-herausragende-nichtwohngebaeude\/#primaryimage"},"thumbnailUrl":"https:\/\/www.heinzemedien.de\/data\/uploads\/2023\/11\/AWARD_2023_PM_Klimafestival_Berlin_665x225.jpg","datePublished":"2023-11-24T08:34:50+00:00","dateModified":"2024-05-23T09:05:01+00:00","description":"Am Abend des 23. November 2023 wurden im Rahmen des Klimafestivals in der STATION Berlin die besten Nichtwohngeb\u00e4ude mit dem begehrten Heinze ArchitekturAWARD ausgezeichnet.","breadcrumb":{"@id":"https:\/\/www.heinzemedien.de\/heinze-architekturaward-2023-ehrt-herausragende-nichtwohngebaeude\/#breadcrumb"},"inLanguage":"de","potentialAction":[{"@type":"ReadAction","target":["https:\/\/www.heinzemedien.de\/heinze-architekturaward-2023-ehrt-herausragende-nichtwohngebaeude\/"]}]},{"@type":"ImageObject","inLanguage":"de","@id":"https:\/\/www.heinzemedien.de\/heinze-architekturaward-2023-ehrt-herausragende-nichtwohngebaeude\/#primaryimage","url":"https:\/\/www.heinzemedien.de\/data\/uploads\/2023\/11\/AWARD_2023_PM_Klimafestival_Berlin_665x225.jpg","contentUrl":"https:\/\/www.heinzemedien.de\/data\/uploads\/2023\/11\/AWARD_2023_PM_Klimafestival_Berlin_665x225.jpg","width":665,"height":225},{"@type":"BreadcrumbList","@id":"https:\/\/www.heinzemedien.de\/heinze-architekturaward-2023-ehrt-herausragende-nichtwohngebaeude\/#breadcrumb","itemListElement":[{"@type":"ListItem","position":1,"name":"Startseite","item":"https:\/\/www.heinzemedien.de\/"},{"@type":"ListItem","position":2,"name":"Heinze ArchitekturAWARD 2023 ehrt herausragende Nichtwohngeb\u00e4ude"}]},{"@type":"WebSite","@id":"https:\/\/www.heinzemedien.de\/#website","url":"https:\/\/www.heinzemedien.de\/","name":"Heinze - Your Networking Company","description":"","publisher":{"@id":"https:\/\/www.heinzemedien.de\/#organization"},"potentialAction":[{"@type":"SearchAction","target":{"@type":"EntryPoint","urlTemplate":"https:\/\/www.heinzemedien.de\/?s={search_term_string}"},"query-input":{"@type":"PropertyValueSpecification","valueRequired":true,"valueName":"search_term_string"}}],"inLanguage":"de"},{"@type":"Organization","@id":"https:\/\/www.heinzemedien.de\/#organization","name":"Heinze GmbH","url":"https:\/\/www.heinzemedien.de\/","logo":{"@type":"ImageObject","inLanguage":"de","@id":"https:\/\/www.heinzemedien.de\/#\/schema\/logo\/image\/","url":"","contentUrl":"","caption":"Heinze GmbH"},"image":{"@id":"https:\/\/www.heinzemedien.de\/#\/schema\/logo\/image\/"}},{"@type":"Person","@id":"https:\/\/www.heinzemedien.de\/#\/schema\/person\/f7310cc6031163d3d3d76ce73c32817d","name":"Nadine Choudiakis","image":{"@type":"ImageObject","inLanguage":"de","@id":"https:\/\/secure.gravatar.com\/avatar\/a235d2e0a22093f01f77bcbdb5a8bf3bc31705de548b8bc8a3045d5788522934?s=96&d=mm&r=g","url":"https:\/\/secure.gravatar.com\/avatar\/a235d2e0a22093f01f77bcbdb5a8bf3bc31705de548b8bc8a3045d5788522934?s=96&d=mm&r=g","contentUrl":"https:\/\/secure.gravatar.com\/avatar\/a235d2e0a22093f01f77bcbdb5a8bf3bc31705de548b8bc8a3045d5788522934?s=96&d=mm&r=g","caption":"Nadine Choudiakis"},"url":"https:\/\/www.heinzemedien.de\/author\/choudiakis\/"}]}},"_links":{"self":[{"href":"https:\/\/www.heinzemedien.de\/heinze-api\/wp\/v2\/posts\/3804","targetHints":{"allow":["GET"]}}],"collection":[{"href":"https:\/\/www.heinzemedien.de\/heinze-api\/wp\/v2\/posts"}],"about":[{"href":"https:\/\/www.heinzemedien.de\/heinze-api\/wp\/v2\/types\/post"}],"author":[{"embeddable":true,"href":"https:\/\/www.heinzemedien.de\/heinze-api\/wp\/v2\/users\/884"}],"replies":[{"embeddable":true,"href":"https:\/\/www.heinzemedien.de\/heinze-api\/wp\/v2\/comments?post=3804"}],"version-history":[{"count":0,"href":"https:\/\/www.heinzemedien.de\/heinze-api\/wp\/v2\/posts\/3804\/revisions"}],"wp:featuredmedia":[{"embeddable":true,"href":"https:\/\/www.heinzemedien.de\/heinze-api\/wp\/v2\/media\/3819"}],"wp:attachment":[{"href":"https:\/\/www.heinzemedien.de\/heinze-api\/wp\/v2\/media?parent=3804"}],"wp:term":[{"taxonomy":"category","embeddable":true,"href":"https:\/\/www.heinzemedien.de\/heinze-api\/wp\/v2\/categories?post=3804"},{"taxonomy":"post_tag","embeddable":true,"href":"https:\/\/www.heinzemedien.de\/heinze-api\/wp\/v2\/tags?post=3804"}],"curies":[{"name":"wp","href":"https:\/\/api.w.org\/{rel}","templated":true}]}}