{"id":3554,"date":"2023-04-25T13:05:52","date_gmt":"2023-04-25T11:05:52","guid":{"rendered":"http:\/\/3.125.253.212\/?p=3554"},"modified":"2023-04-25T13:53:30","modified_gmt":"2023-04-25T11:53:30","slug":"heinze-podcast-jubilaeum-100-folge-architekturfunk-auf-der-bau","status":"publish","type":"post","link":"https:\/\/www.heinzemedien.de\/heinze-podcast-jubilaeum-100-folge-architekturfunk-auf-der-bau\/","title":{"rendered":"Heinze Podcast-Jubil\u00e4um: 100. Folge ARCHITEKTURFUNK auf der BAU"},"content":{"rendered":"<div class=\"editor-fullwidth fullwidth-box editor-builder-row-1 nonhundred-percent-fullwidth non-hundred-percent-height-scrolling\" style=\"--awb-border-radius-top-left:0px;--awb-border-radius-top-right:0px;--awb-border-radius-bottom-right:0px;--awb-border-radius-bottom-left:0px;--awb-padding-top:70px;--awb-padding-bottom:70px;--awb-margin-top:1px;--awb-background-color:#ffffff;--awb-flex-wrap:wrap;\" ><div class=\"editor-builder-row editor-row\"><div class=\"editor-layout-column editor_builder_column editor-builder-column-0 editor_builder_column_1_6 1_6 editor-one-sixth editor-column-first editor-no-small-visibility editor-no-medium-visibility\" style=\"--awb-bg-size:cover;width:16.666666666667%;width:calc(16.666666666667% - ( ( 4% + 4% ) * 0.16666666666667 ) );margin-right: 4%;\"><div class=\"editor-column-wrapper editor-column-has-shadow editor-flex-column-wrapper-legacy\"><div class=\"editor-clearfix\"><\/div><\/div><\/div><div class=\"editor-layout-column editor_builder_column editor-builder-column-1 editor_builder_column_2_3 2_3 editor-two-third mediumFullSizeColumn\" style=\"--awb-bg-size:cover;width:66.666666666667%;width:calc(66.666666666667% - ( ( 4% + 4% ) * 0.66666666666667 ) );margin-right: 4%;\"><div class=\"editor-column-wrapper editor-column-has-shadow editor-flex-column-wrapper-legacy\"><div class=\"editor-builder-row editor-builder-row-inner editor-row\"><div class=\"editor-layout-column editor_builder_column_inner editor-builder-nested-column-0 editor_builder_column_inner_2_3 2_3 editor-two-third editor-column-first\" style=\"--awb-padding-bottom:30px;--awb-bg-size:cover;width:66.666666666667%;width:calc(66.666666666667% - ( ( 4% ) * 0.66666666666667 ) );margin-right: 4%;\"><div class=\"editor-column-wrapper editor-column-has-shadow editor-flex-column-wrapper-legacy\"><div class=\"editor-image-element in-legacy-container\" style=\"--awb-caption-title-font-family:var(--h2_typography-font-family);--awb-caption-title-font-weight:var(--h2_typography-font-weight);--awb-caption-title-font-style:var(--h2_typography-font-style);--awb-caption-title-size:var(--h2_typography-font-size);--awb-caption-title-transform:var(--h2_typography-text-transform);--awb-caption-title-line-height:var(--h2_typography-line-height);--awb-caption-title-letter-spacing:var(--h2_typography-letter-spacing);\"><span class=\" editor-imageframe imageframe-none imageframe-1 hover-type-none\"><img decoding=\"async\" width=\"665\" height=\"375\" title=\"heinze_bau_muenchen_2023_665x375px-4658\" src=\"https:\/\/www.heinzemedien.de\/data\/uploads\/2023\/04\/heinze_bau_muenchen_2023_665x375px-4658.jpg\" data-orig-src=\"https:\/\/www.heinzemedien.de\/data\/uploads\/2023\/04\/heinze_bau_muenchen_2023_665x375px-4658.jpg\" alt class=\"lazyload img-responsive hz-image-3557\" srcset=\"data:image\/svg+xml,%3Csvg%20xmlns%3D%27http%3A%2F%2Fwww.w3.org%2F2000%2Fsvg%27%20width%3D%27665%27%20height%3D%27375%27%20viewBox%3D%270%200%20665%20375%27%3E%3Crect%20width%3D%27665%27%20height%3D%27375%27%20fill-opacity%3D%220%22%2F%3E%3C%2Fsvg%3E\" data-srcset=\"https:\/\/www.heinzemedien.de\/data\/uploads\/2023\/04\/heinze_bau_muenchen_2023_665x375px-4658-200x113.jpg 200w, https:\/\/www.heinzemedien.de\/data\/uploads\/2023\/04\/heinze_bau_muenchen_2023_665x375px-4658-400x226.jpg 400w, https:\/\/www.heinzemedien.de\/data\/uploads\/2023\/04\/heinze_bau_muenchen_2023_665x375px-4658-600x338.jpg 600w, https:\/\/www.heinzemedien.de\/data\/uploads\/2023\/04\/heinze_bau_muenchen_2023_665x375px-4658.jpg 665w\" data-sizes=\"auto\" data-orig-sizes=\"(max-width: 768px) 100vw, 665px\" \/><\/span><\/div><div class=\"editor-sep-clear\"><\/div><div class=\"editor-separator editor-full-width-sep\" style=\"margin-left: auto;margin-right: auto;margin-top:20px;margin-bottom:20px;width:100%;\"><\/div><div class=\"editor-sep-clear\"><\/div><div class=\"editor-text editor-text-1\" style=\"--awb-text-transform:none;\"><p><strong>Gut vernetzt auf der BAU 2023: BauNetz und Heinze \u00fcberzeugen Fachpublikum mit geballtem Wissen und vielseitigem Messeauftritt<br \/>\n<\/strong>Der Heinze ARCHITEKTURFUNK feiert Jubil\u00e4um: Am 20. April 2023 wurde die 100. Episode des beliebten und bereits mehr als 23.000 Abonnent:innen z\u00e4hlenden Podcasts gesendet \u2013 als Sonderausgabe und vor gro\u00dfem Publikum erstmals auf der BAU in M\u00fcnchen pr\u00e4sentiert. Besucher:innen des Messestandes konnten vor Ort pers\u00f6nliche \u201eO-T\u00f6ne\u201c hinterlassen, die in k\u00fcnftigen Podcast-Folgen aufgegriffen werden.<\/p>\n<p><strong>Erstklassige Interviews zu aktuellen Architektur- und Bauthemen<br \/>\n<\/strong>Seit rund zwei Jahren bietet der Spezialist f\u00fcr Fachinformationen in der Baubranche mit seinem w\u00f6chentlich erscheinenden Podcast Antworten zu den wichtigsten Architektur- und Bauthemen unserer Zeit. Von Anfang an mit dabei: die Architekturjournalistin Kerstin Kuhnekath, die mit erstklassigen Interviews jede Ausgabe des ARCHITEKTURFUNKs zu einem besonderen und h\u00f6chst informativen H\u00f6rerlebnis macht.<\/p>\n<p><strong>Blick hinter die \u201ePodcast-Kulissen\u201c<br \/>\n<\/strong>So war es nur folgerichtig, dass zur 100. Episode eine ganz besondere Gespr\u00e4chspartnerin wartete: n\u00e4mlich Kerstin Kuhnekath selbst, die von den vergangenen zwei Podcast-Jahren und ihren pers\u00f6nlichen Highlights berichtete. So erfuhren die Besucher:innen am BAU-Messestand von Heinze und BauNetz zahlreiche interessante Details zum Hintergrund des ARCHITEKTURFUNKs. Wie entstand der Podcast? Wer sind die Macher und Macherinnen hinter der Kulisse? Welche Referenten waren eingeladen und was waren die Themen der vergangenen zwei Jahre? Wie geht es thematisch weiter? Alle Antworten sind im Jubil\u00e4ums-Podcast festgehalten, der ab sofort bei allen g\u00e4ngigen Anbietern wie Spotify, Apple oder Deezer sowie auf <a href=\"https:\/\/www.heinze.de\/podcast\">heinze.de\/podcast<\/a> angeh\u00f6rt werden kann.<\/p>\n<p>\u00dcbrigens: Alle H\u00f6rer:innen des ARCHITEKTURFUNKs ruft Heinze dazu auf, etwaige Fragen, Anregungen oder Themenw\u00fcnsche f\u00fcr k\u00fcnftige Episoden \u2013 auch gerne als Sprachnachricht \u2013 an <a href=\"mailto:architekturfunk@heinze.de\">architekturfunk@heinze.de<\/a> zu schicken.<\/p>\n<\/div><div class=\"editor-image-element in-legacy-container\" style=\"--awb-caption-title-font-family:var(--h2_typography-font-family);--awb-caption-title-font-weight:var(--h2_typography-font-weight);--awb-caption-title-font-style:var(--h2_typography-font-style);--awb-caption-title-size:var(--h2_typography-font-size);--awb-caption-title-transform:var(--h2_typography-text-transform);--awb-caption-title-line-height:var(--h2_typography-line-height);--awb-caption-title-letter-spacing:var(--h2_typography-letter-spacing);\"><span class=\" editor-imageframe imageframe-none imageframe-2 hover-type-none\"><img decoding=\"async\" width=\"1600\" height=\"1069\" title=\"heinze_bau_muenchen_2023_1600x1069px-4592_300dpi\" src=\"https:\/\/www.heinzemedien.de\/data\/uploads\/2023\/04\/heinze_bau_muenchen_2023_1600x1069px-4592_300dpi.jpg\" data-orig-src=\"https:\/\/www.heinzemedien.de\/data\/uploads\/2023\/04\/heinze_bau_muenchen_2023_1600x1069px-4592_300dpi.jpg\" alt class=\"lazyload img-responsive hz-image-3558\" srcset=\"data:image\/svg+xml,%3Csvg%20xmlns%3D%27http%3A%2F%2Fwww.w3.org%2F2000%2Fsvg%27%20width%3D%271600%27%20height%3D%271069%27%20viewBox%3D%270%200%201600%201069%27%3E%3Crect%20width%3D%271600%27%20height%3D%271069%27%20fill-opacity%3D%220%22%2F%3E%3C%2Fsvg%3E\" data-srcset=\"https:\/\/www.heinzemedien.de\/data\/uploads\/2023\/04\/heinze_bau_muenchen_2023_1600x1069px-4592_300dpi-200x134.jpg 200w, https:\/\/www.heinzemedien.de\/data\/uploads\/2023\/04\/heinze_bau_muenchen_2023_1600x1069px-4592_300dpi-400x267.jpg 400w, https:\/\/www.heinzemedien.de\/data\/uploads\/2023\/04\/heinze_bau_muenchen_2023_1600x1069px-4592_300dpi-600x401.jpg 600w, https:\/\/www.heinzemedien.de\/data\/uploads\/2023\/04\/heinze_bau_muenchen_2023_1600x1069px-4592_300dpi-800x535.jpg 800w, https:\/\/www.heinzemedien.de\/data\/uploads\/2023\/04\/heinze_bau_muenchen_2023_1600x1069px-4592_300dpi-1200x802.jpg 1200w, https:\/\/www.heinzemedien.de\/data\/uploads\/2023\/04\/heinze_bau_muenchen_2023_1600x1069px-4592_300dpi.jpg 1600w\" data-sizes=\"auto\" data-orig-sizes=\"(max-width: 768px) 100vw, 1200px\" \/><\/span><\/div><div class=\"editor-text editor-text-2\" style=\"--awb-text-transform:none;\"><p><strong><br \/>\nHeinze-Messeauftritt erf\u00e4hrt gro\u00dfe Resonanz<br \/>\n<\/strong>Neben dem \u201ePodcast zum Anfassen\u201c erwartete das zur BAU 2023 angereiste Fachpublikum geballtes Know-how, exklusive Fachgespr\u00e4che sowie interessante Vortr\u00e4ge und Mitmachaktionen am Heinze-Messestand. \u201eWir haben uns sehr \u00fcber die positive Resonanz, die gut besuchten Architects\u2019 Runs und die intensiven Gespr\u00e4che mit Kunden und Nutzern gefreut\u201c, erkl\u00e4rt Andreas G\u00f6ppel, Gesch\u00e4ftsf\u00fchrer von Heinze. \u201eUnsere Besucher:innen haben uns best\u00e4rkt, unsere vielf\u00e4ltigen Angebote zur Vernetzung aller am Bau Beteiligten konsequent weiter auszubauen.\u201c<\/p>\n<p>Der \u201erote Faden\u201c vieler dieser Vortr\u00e4ge war die Nachhaltigkeit von Bauprojekten. So wurde das Thema in Vortr\u00e4gen wie \u201eEPDs in der Baupraxis\u201c, \u201eBauen mit Papier\u201c, \u201eBotanische Architektur\u201c oder \u201eNegativliste der absurdesten Geb\u00e4udeabrisse\u201c aus unterschiedlichsten Perspektiven beleuchtet. Aufgefordert zum Mitmachen war das Fachpublikum bei \u201eHow to Bauwende\u201c, einem Planspiel, das speziell von <em>Architects for Future<\/em> auf die Beine gestellt wurde.<\/p>\n<p>Auf besondere Aufmerksamkeit stie\u00df in den sechs Messetagen die Sneak-Preview auf das zweite Heinze Klimafestival f\u00fcr die Bauwende, das am 23. und 24. November alle am Bau Beteiligten in Berlin versammelt, um sich \u00fcber konkrete L\u00f6sungen und neue Ideen auszutauschen.<\/p>\n<\/div><div class=\"editor-button-wrapper\"><a class=\"editor-button button-flat button-xlarge button-default editor-button-default button-1 editor-button-default-span editor-button-default-type\" target=\"_self\" href=\"https:\/\/www.heinzemedien.de\/data\/uploads\/2023\/04\/PM_Heinze-100.-Folge-Architekturfunk-auf-der-BAU_Muenchen_2023.zip\"><span class=\"editor-button-text awb-button__text awb-button__text--default\">Download Pressekit<\/span><\/a><\/div><div class=\"editor-clearfix\"><\/div><\/div><\/div><div class=\"editor-layout-column editor_builder_column_inner editor-builder-nested-column-1 editor_builder_column_inner_1_3 1_3 editor-one-third editor-column-last cssNewsAside\" style=\"--awb-padding-top:30px;--awb-padding-right:30px;--awb-padding-bottom:30px;--awb-padding-left:30px;--awb-bg-color:#f2f4f5;--awb-bg-color-hover:#f2f4f5;--awb-bg-size:cover;width:33.333333333333%;width:calc(33.333333333333% - ( ( 4% ) * 0.33333333333333 ) );\"><div class=\"editor-column-wrapper editor-column-has-shadow editor-flex-column-wrapper-legacy\"><div class=\"editor-title title editor-title-1 editor-sep-none editor-title-text editor-title-size-one\" style=\"--awb-margin-top-small:0px;--awb-margin-right-small:0px;--awb-margin-bottom-small:20px;--awb-margin-left-small:0px;\"><h1 class=\"editor-title-heading title-heading-left editor-responsive-typography-calculated\" style=\"margin:0;--fontSize:45;line-height:1.3;\"><h4 class=\"cssMainHeadline editor-responsive-typography-calculated\" data-fontsize=\"45\" data-lineheight=\"58.5px\">Weitere Neuigkeiten<\/h4><\/h1><\/div><div class=\"editor-blog-shortcode editor-blog-shortcode-1 editor-blog-archive editor-blog-layout-grid-wrapper editor-blog-infinite editor-blog-no-images\" style=\"--grid_separator_color:#d7dce0;\"><style type=\"text\/css\">.editor-blog-shortcode-1 .editor-blog-layout-grid .editor-post-grid{padding:20px;}.editor-blog-shortcode-1 .editor-posts-container{margin-left: -20px !important; margin-right:-20px !important;}<\/style><div class=\"editor-posts-container editor-posts-container-infinite editor-posts-container-load-more editor-blog-layout-grid editor-blog-layout-grid-1 isotope\" data-pages=\"30\" data-grid-col-space=\"40\" style=\"margin: -20px -20px 0;min-height:500px;\"><article id=\"blog-1-post-6157\" class=\"editor-post-grid post-6157 post type-post status-publish format-standard has-post-thumbnail hentry category-heinze category-marktforschung category-pressemeldung\">\n<div class=\"editor-post-wrapper\" style=\"background-color:rgba(242,244,245,1);border:1px solid #f2f4f5;border-bottom-width:3px;\"><div class=\"editor-post-content-wrapper\" style=\"padding:10px 10px 10px 10px;\"><div class=\"editor-post-content post-content\"><h2 class=\"blog-shortcode-post-title entry-title\"><a href=\"https:\/\/www.heinzemedien.de\/studie-informationsverhalten-von-architektinnen-und-planenden\/\">Studie: Informationsverhalten von Architekt:innen und Planenden<\/a><\/h2><p class=\"editor-single-line-meta\"><span>21.04.2026<\/span><span class=\"editor-inline-sep\">|<\/span><\/p><\/div><\/div><div class=\"editor-clearfix\"><\/div><\/div>\n<\/article>\n<article id=\"blog-1-post-6143\" class=\"editor-post-grid post-6143 post type-post status-publish format-standard has-post-thumbnail hentry category-heinze category-marktforschung category-pressemeldung\">\n<div class=\"editor-post-wrapper\" style=\"background-color:rgba(242,244,245,1);border:1px solid #f2f4f5;border-bottom-width:3px;\"><div class=\"editor-post-content-wrapper\" style=\"padding:10px 10px 10px 10px;\"><div class=\"editor-post-content post-content\"><h2 class=\"blog-shortcode-post-title entry-title\"><a href=\"https:\/\/www.heinzemedien.de\/was-haben-kinderwagen-mit-baugenehmigungen-zu-tun\/\">Was haben Kinderwagen mit Baugenehmigungen zu tun?<\/a><\/h2><p class=\"editor-single-line-meta\"><span>19.03.2026<\/span><span class=\"editor-inline-sep\">|<\/span><\/p><\/div><\/div><div class=\"editor-clearfix\"><\/div><\/div>\n<\/article>\n<article id=\"blog-1-post-6114\" class=\"editor-post-grid post-6114 post type-post status-publish format-standard has-post-thumbnail hentry category-events category-heinze category-pressemeldung\">\n<div class=\"editor-post-wrapper\" style=\"background-color:rgba(242,244,245,1);border:1px solid #f2f4f5;border-bottom-width:3px;\"><div class=\"editor-post-content-wrapper\" style=\"padding:10px 10px 10px 10px;\"><div class=\"editor-post-content post-content\"><h2 class=\"blog-shortcode-post-title entry-title\"><a href=\"https:\/\/www.heinzemedien.de\/heinze-architektour-2026-ab-juni-mit-realisierter-architektur\/\">Heinze ArchitekTOUR 2026 ab Juni mit realisierter Architektur<\/a><\/h2><p class=\"editor-single-line-meta\"><span>25.02.2026<\/span><span class=\"editor-inline-sep\">|<\/span><\/p><\/div><\/div><div class=\"editor-clearfix\"><\/div><\/div>\n<\/article>\n<article id=\"blog-1-post-6104\" class=\"editor-post-grid post-6104 post type-post status-publish format-standard has-post-thumbnail hentry category-events category-heinze category-pressemeldung\">\n<div class=\"editor-post-wrapper\" style=\"background-color:rgba(242,244,245,1);border:1px solid #f2f4f5;border-bottom-width:3px;\"><div class=\"editor-post-content-wrapper\" style=\"padding:10px 10px 10px 10px;\"><div class=\"editor-post-content post-content\"><h2 class=\"blog-shortcode-post-title entry-title\"><a href=\"https:\/\/www.heinzemedien.de\/digitalbau-koeln-heinze-laedt-zum-exklusiven-architects-run-ein\/\">digitalBAU K\u00f6ln: Heinze l\u00e4dt zum exklusiven Architects\u2019 Run ein<\/a><\/h2><p class=\"editor-single-line-meta\"><span>24.02.2026<\/span><span class=\"editor-inline-sep\">|<\/span><\/p><\/div><\/div><div class=\"editor-clearfix\"><\/div><\/div>\n<\/article>\n<article id=\"blog-1-post-6070\" class=\"editor-post-grid post-6070 post type-post status-publish format-standard has-post-thumbnail hentry category-events category-heinze category-pressemeldung\">\n<div class=\"editor-post-wrapper\" style=\"background-color:rgba(242,244,245,1);border:1px solid #f2f4f5;border-bottom-width:3px;\"><div class=\"editor-post-content-wrapper\" style=\"padding:10px 10px 10px 10px;\"><div class=\"editor-post-content post-content\"><h2 class=\"blog-shortcode-post-title entry-title\"><a href=\"https:\/\/www.heinzemedien.de\/bauwende-heinze-architekturaward-2026-gestartet\/\">Bauwende: Heinze ArchitekturAWARD 2026 gestartet<\/a><\/h2><p class=\"editor-single-line-meta\"><span>12.02.2026<\/span><span class=\"editor-inline-sep\">|<\/span><\/p><\/div><\/div><div class=\"editor-clearfix\"><\/div><\/div>\n<\/article>\n<div class=\"editor-clearfix\"><\/div><\/div><div class=\"editor-infinite-scroll-trigger\"><\/div><div class=\"pagination infinite-scroll clearfix\" style=\"display:none;\"><span class=\"current\">1<\/span><a href=\"https:\/\/www.heinzemedien.de\/heinze-api\/wp\/v2\/posts\/3554\/page\/2\/\" class=\"inactive\">2<\/a><a class=\"pagination-next\" rel=\"next\" href=\"https:\/\/www.heinzemedien.de\/heinze-api\/wp\/v2\/posts\/3554\/page\/2\/\"><span class=\"page-text\">Vor<\/span><span class=\"page-next\"><\/span><\/a><\/div><div class=\"editor-clearfix\"><\/div><button class=\"editor-load-more-button editor-blog-button editor-clearfix\">Mehr Beitr\u00e4ge laden<\/button><\/div><div class=\"editor-clearfix\"><\/div><\/div><\/div><\/div><div class=\"editor-clearfix\"><\/div><\/div><\/div><div class=\"editor-layout-column editor_builder_column editor-builder-column-2 editor_builder_column_1_6 1_6 editor-one-sixth editor-column-last editor-no-small-visibility editor-no-medium-visibility\" style=\"--awb-bg-size:cover;width:16.666666666667%;width:calc(16.666666666667% - ( ( 4% + 4% ) * 0.16666666666667 ) );\"><div class=\"editor-column-wrapper editor-column-has-shadow editor-flex-column-wrapper-legacy\"><div class=\"editor-clearfix\"><\/div><\/div><\/div><\/div><\/div>\n","protected":false},"excerpt":{"rendered":"","protected":false},"author":884,"featured_media":3556,"comment_status":"closed","ping_status":"closed","sticky":false,"template":"","format":"standard","meta":{"footnotes":""},"categories":[74,67],"tags":[],"class_list":["post-3554","post","type-post","status-publish","format-standard","has-post-thumbnail","hentry","category-heinze","category-pressemeldung"],"seo_head":"<!-- This site is optimized with the Yoast SEO plugin v27.2 - https:\/\/yoast.com\/product\/yoast-seo-wordpress\/ -->\n<title>Heinze Podcast-Jubil\u00e4um: 100. Folge ARCHITEKTURFUNK auf der BAU - Heinze - Your Networking Company<\/title>\n<meta name=\"robots\" content=\"index, follow, max-snippet:-1, max-image-preview:large, max-video-preview:-1\" \/>\n<link rel=\"canonical\" href=\"https:\/\/www.heinzemedien.de\/heinze-podcast-jubilaeum-100-folge-architekturfunk-auf-der-bau\/\" \/>\n<meta property=\"og:locale\" content=\"de_DE\" \/>\n<meta property=\"og:type\" content=\"article\" \/>\n<meta property=\"og:title\" content=\"Heinze Podcast-Jubil\u00e4um: 100. Folge ARCHITEKTURFUNK auf der BAU - Heinze - Your Networking Company\" \/>\n<meta property=\"og:url\" content=\"https:\/\/www.heinzemedien.de\/heinze-podcast-jubilaeum-100-folge-architekturfunk-auf-der-bau\/\" \/>\n<meta property=\"og:site_name\" content=\"Heinze - Your Networking Company\" \/>\n<meta property=\"article:published_time\" content=\"2023-04-25T11:05:52+00:00\" \/>\n<meta property=\"article:modified_time\" content=\"2023-04-25T11:53:30+00:00\" \/>\n<meta property=\"og:image\" content=\"https:\/\/www.heinzemedien.de\/data\/uploads\/2023\/04\/heinze_bau_muenchen_2023_665x225px-4415.jpg\" \/>\n\t<meta property=\"og:image:width\" content=\"665\" \/>\n\t<meta property=\"og:image:height\" content=\"225\" \/>\n\t<meta property=\"og:image:type\" content=\"image\/jpeg\" \/>\n<meta name=\"author\" content=\"Nadine Choudiakis\" \/>\n<meta name=\"twitter:card\" content=\"summary_large_image\" \/>\n<meta name=\"twitter:label1\" content=\"Verfasst von\" \/>\n\t<meta name=\"twitter:data1\" content=\"Nadine Choudiakis\" \/>\n\t<meta name=\"twitter:label2\" content=\"Gesch\u00e4tzte Lesezeit\" \/>\n\t<meta name=\"twitter:data2\" content=\"8\u00a0Minuten\" \/>\n<script type=\"application\/ld+json\" class=\"seo-schema-graph\">{\"@context\":\"https:\/\/schema.org\",\"@graph\":[{\"@type\":\"Article\",\"@id\":\"https:\/\/www.heinzemedien.de\/heinze-podcast-jubilaeum-100-folge-architekturfunk-auf-der-bau\/#article\",\"isPartOf\":{\"@id\":\"https:\/\/www.heinzemedien.de\/heinze-podcast-jubilaeum-100-folge-architekturfunk-auf-der-bau\/\"},\"author\":{\"name\":\"Nadine Choudiakis\",\"@id\":\"https:\/\/www.heinzemedien.de\/#\/schema\/person\/f7310cc6031163d3d3d76ce73c32817d\"},\"headline\":\"Heinze Podcast-Jubil\u00e4um: 100. Folge ARCHITEKTURFUNK auf der BAU\",\"datePublished\":\"2023-04-25T11:05:52+00:00\",\"dateModified\":\"2023-04-25T11:53:30+00:00\",\"mainEntityOfPage\":{\"@id\":\"https:\/\/www.heinzemedien.de\/heinze-podcast-jubilaeum-100-folge-architekturfunk-auf-der-bau\/\"},\"wordCount\":2838,\"publisher\":{\"@id\":\"https:\/\/www.heinzemedien.de\/#organization\"},\"image\":{\"@id\":\"https:\/\/www.heinzemedien.de\/heinze-podcast-jubilaeum-100-folge-architekturfunk-auf-der-bau\/#primaryimage\"},\"thumbnailUrl\":\"https:\/\/www.heinzemedien.de\/data\/uploads\/2023\/04\/heinze_bau_muenchen_2023_665x225px-4415.jpg\",\"articleSection\":[\"Heinze\",\"Pressemeldung\"],\"inLanguage\":\"de\"},{\"@type\":\"WebPage\",\"@id\":\"https:\/\/www.heinzemedien.de\/heinze-podcast-jubilaeum-100-folge-architekturfunk-auf-der-bau\/\",\"url\":\"https:\/\/www.heinzemedien.de\/heinze-podcast-jubilaeum-100-folge-architekturfunk-auf-der-bau\/\",\"name\":\"Heinze Podcast-Jubil\u00e4um: 100. Folge ARCHITEKTURFUNK auf der BAU - Heinze - Your Networking Company\",\"isPartOf\":{\"@id\":\"https:\/\/www.heinzemedien.de\/#website\"},\"primaryImageOfPage\":{\"@id\":\"https:\/\/www.heinzemedien.de\/heinze-podcast-jubilaeum-100-folge-architekturfunk-auf-der-bau\/#primaryimage\"},\"image\":{\"@id\":\"https:\/\/www.heinzemedien.de\/heinze-podcast-jubilaeum-100-folge-architekturfunk-auf-der-bau\/#primaryimage\"},\"thumbnailUrl\":\"https:\/\/www.heinzemedien.de\/data\/uploads\/2023\/04\/heinze_bau_muenchen_2023_665x225px-4415.jpg\",\"datePublished\":\"2023-04-25T11:05:52+00:00\",\"dateModified\":\"2023-04-25T11:53:30+00:00\",\"breadcrumb\":{\"@id\":\"https:\/\/www.heinzemedien.de\/heinze-podcast-jubilaeum-100-folge-architekturfunk-auf-der-bau\/#breadcrumb\"},\"inLanguage\":\"de\",\"potentialAction\":[{\"@type\":\"ReadAction\",\"target\":[\"https:\/\/www.heinzemedien.de\/heinze-podcast-jubilaeum-100-folge-architekturfunk-auf-der-bau\/\"]}]},{\"@type\":\"ImageObject\",\"inLanguage\":\"de\",\"@id\":\"https:\/\/www.heinzemedien.de\/heinze-podcast-jubilaeum-100-folge-architekturfunk-auf-der-bau\/#primaryimage\",\"url\":\"https:\/\/www.heinzemedien.de\/data\/uploads\/2023\/04\/heinze_bau_muenchen_2023_665x225px-4415.jpg\",\"contentUrl\":\"https:\/\/www.heinzemedien.de\/data\/uploads\/2023\/04\/heinze_bau_muenchen_2023_665x225px-4415.jpg\",\"width\":665,\"height\":225},{\"@type\":\"BreadcrumbList\",\"@id\":\"https:\/\/www.heinzemedien.de\/heinze-podcast-jubilaeum-100-folge-architekturfunk-auf-der-bau\/#breadcrumb\",\"itemListElement\":[{\"@type\":\"ListItem\",\"position\":1,\"name\":\"Startseite\",\"item\":\"https:\/\/www.heinzemedien.de\/\"},{\"@type\":\"ListItem\",\"position\":2,\"name\":\"Heinze Podcast-Jubil\u00e4um: 100. Folge ARCHITEKTURFUNK auf der BAU\"}]},{\"@type\":\"WebSite\",\"@id\":\"https:\/\/www.heinzemedien.de\/#website\",\"url\":\"https:\/\/www.heinzemedien.de\/\",\"name\":\"Heinze - Your Networking Company\",\"description\":\"\",\"publisher\":{\"@id\":\"https:\/\/www.heinzemedien.de\/#organization\"},\"potentialAction\":[{\"@type\":\"SearchAction\",\"target\":{\"@type\":\"EntryPoint\",\"urlTemplate\":\"https:\/\/www.heinzemedien.de\/?s={search_term_string}\"},\"query-input\":{\"@type\":\"PropertyValueSpecification\",\"valueRequired\":true,\"valueName\":\"search_term_string\"}}],\"inLanguage\":\"de\"},{\"@type\":\"Organization\",\"@id\":\"https:\/\/www.heinzemedien.de\/#organization\",\"name\":\"Heinze GmbH\",\"url\":\"https:\/\/www.heinzemedien.de\/\",\"logo\":{\"@type\":\"ImageObject\",\"inLanguage\":\"de\",\"@id\":\"https:\/\/www.heinzemedien.de\/#\/schema\/logo\/image\/\",\"url\":\"\",\"contentUrl\":\"\",\"caption\":\"Heinze GmbH\"},\"image\":{\"@id\":\"https:\/\/www.heinzemedien.de\/#\/schema\/logo\/image\/\"}},{\"@type\":\"Person\",\"@id\":\"https:\/\/www.heinzemedien.de\/#\/schema\/person\/f7310cc6031163d3d3d76ce73c32817d\",\"name\":\"Nadine Choudiakis\",\"image\":{\"@type\":\"ImageObject\",\"inLanguage\":\"de\",\"@id\":\"https:\/\/secure.gravatar.com\/avatar\/a235d2e0a22093f01f77bcbdb5a8bf3bc31705de548b8bc8a3045d5788522934?s=96&d=mm&r=g\",\"url\":\"https:\/\/secure.gravatar.com\/avatar\/a235d2e0a22093f01f77bcbdb5a8bf3bc31705de548b8bc8a3045d5788522934?s=96&d=mm&r=g\",\"contentUrl\":\"https:\/\/secure.gravatar.com\/avatar\/a235d2e0a22093f01f77bcbdb5a8bf3bc31705de548b8bc8a3045d5788522934?s=96&d=mm&r=g\",\"caption\":\"Nadine Choudiakis\"},\"url\":\"https:\/\/www.heinzemedien.de\/author\/choudiakis\/\"}]}<\/script>\n<!-- \/ Yoast SEO plugin. -->","seo_head_json":{"title":"Heinze Podcast-Jubil\u00e4um: 100. Folge ARCHITEKTURFUNK auf der BAU - Heinze - Your Networking Company","robots":{"index":"index","follow":"follow","max-snippet":"max-snippet:-1","max-image-preview":"max-image-preview:large","max-video-preview":"max-video-preview:-1"},"canonical":"https:\/\/www.heinzemedien.de\/heinze-podcast-jubilaeum-100-folge-architekturfunk-auf-der-bau\/","og_locale":"de_DE","og_type":"article","og_title":"Heinze Podcast-Jubil\u00e4um: 100. Folge ARCHITEKTURFUNK auf der BAU - Heinze - Your Networking Company","og_url":"https:\/\/www.heinzemedien.de\/heinze-podcast-jubilaeum-100-folge-architekturfunk-auf-der-bau\/","og_site_name":"Heinze - Your Networking Company","article_published_time":"2023-04-25T11:05:52+00:00","article_modified_time":"2023-04-25T11:53:30+00:00","og_image":[{"width":665,"height":225,"url":"https:\/\/www.heinzemedien.de\/data\/uploads\/2023\/04\/heinze_bau_muenchen_2023_665x225px-4415.jpg","type":"image\/jpeg"}],"author":"Nadine Choudiakis","twitter_card":"summary_large_image","twitter_misc":{"Verfasst von":"Nadine Choudiakis","Gesch\u00e4tzte Lesezeit":"8\u00a0Minuten"},"schema":{"@context":"https:\/\/schema.org","@graph":[{"@type":"Article","@id":"https:\/\/www.heinzemedien.de\/heinze-podcast-jubilaeum-100-folge-architekturfunk-auf-der-bau\/#article","isPartOf":{"@id":"https:\/\/www.heinzemedien.de\/heinze-podcast-jubilaeum-100-folge-architekturfunk-auf-der-bau\/"},"author":{"name":"Nadine Choudiakis","@id":"https:\/\/www.heinzemedien.de\/#\/schema\/person\/f7310cc6031163d3d3d76ce73c32817d"},"headline":"Heinze Podcast-Jubil\u00e4um: 100. Folge ARCHITEKTURFUNK auf der BAU","datePublished":"2023-04-25T11:05:52+00:00","dateModified":"2023-04-25T11:53:30+00:00","mainEntityOfPage":{"@id":"https:\/\/www.heinzemedien.de\/heinze-podcast-jubilaeum-100-folge-architekturfunk-auf-der-bau\/"},"wordCount":2838,"publisher":{"@id":"https:\/\/www.heinzemedien.de\/#organization"},"image":{"@id":"https:\/\/www.heinzemedien.de\/heinze-podcast-jubilaeum-100-folge-architekturfunk-auf-der-bau\/#primaryimage"},"thumbnailUrl":"https:\/\/www.heinzemedien.de\/data\/uploads\/2023\/04\/heinze_bau_muenchen_2023_665x225px-4415.jpg","articleSection":["Heinze","Pressemeldung"],"inLanguage":"de"},{"@type":"WebPage","@id":"https:\/\/www.heinzemedien.de\/heinze-podcast-jubilaeum-100-folge-architekturfunk-auf-der-bau\/","url":"https:\/\/www.heinzemedien.de\/heinze-podcast-jubilaeum-100-folge-architekturfunk-auf-der-bau\/","name":"Heinze Podcast-Jubil\u00e4um: 100. Folge ARCHITEKTURFUNK auf der BAU - Heinze - Your Networking Company","isPartOf":{"@id":"https:\/\/www.heinzemedien.de\/#website"},"primaryImageOfPage":{"@id":"https:\/\/www.heinzemedien.de\/heinze-podcast-jubilaeum-100-folge-architekturfunk-auf-der-bau\/#primaryimage"},"image":{"@id":"https:\/\/www.heinzemedien.de\/heinze-podcast-jubilaeum-100-folge-architekturfunk-auf-der-bau\/#primaryimage"},"thumbnailUrl":"https:\/\/www.heinzemedien.de\/data\/uploads\/2023\/04\/heinze_bau_muenchen_2023_665x225px-4415.jpg","datePublished":"2023-04-25T11:05:52+00:00","dateModified":"2023-04-25T11:53:30+00:00","breadcrumb":{"@id":"https:\/\/www.heinzemedien.de\/heinze-podcast-jubilaeum-100-folge-architekturfunk-auf-der-bau\/#breadcrumb"},"inLanguage":"de","potentialAction":[{"@type":"ReadAction","target":["https:\/\/www.heinzemedien.de\/heinze-podcast-jubilaeum-100-folge-architekturfunk-auf-der-bau\/"]}]},{"@type":"ImageObject","inLanguage":"de","@id":"https:\/\/www.heinzemedien.de\/heinze-podcast-jubilaeum-100-folge-architekturfunk-auf-der-bau\/#primaryimage","url":"https:\/\/www.heinzemedien.de\/data\/uploads\/2023\/04\/heinze_bau_muenchen_2023_665x225px-4415.jpg","contentUrl":"https:\/\/www.heinzemedien.de\/data\/uploads\/2023\/04\/heinze_bau_muenchen_2023_665x225px-4415.jpg","width":665,"height":225},{"@type":"BreadcrumbList","@id":"https:\/\/www.heinzemedien.de\/heinze-podcast-jubilaeum-100-folge-architekturfunk-auf-der-bau\/#breadcrumb","itemListElement":[{"@type":"ListItem","position":1,"name":"Startseite","item":"https:\/\/www.heinzemedien.de\/"},{"@type":"ListItem","position":2,"name":"Heinze Podcast-Jubil\u00e4um: 100. Folge ARCHITEKTURFUNK auf der BAU"}]},{"@type":"WebSite","@id":"https:\/\/www.heinzemedien.de\/#website","url":"https:\/\/www.heinzemedien.de\/","name":"Heinze - Your Networking Company","description":"","publisher":{"@id":"https:\/\/www.heinzemedien.de\/#organization"},"potentialAction":[{"@type":"SearchAction","target":{"@type":"EntryPoint","urlTemplate":"https:\/\/www.heinzemedien.de\/?s={search_term_string}"},"query-input":{"@type":"PropertyValueSpecification","valueRequired":true,"valueName":"search_term_string"}}],"inLanguage":"de"},{"@type":"Organization","@id":"https:\/\/www.heinzemedien.de\/#organization","name":"Heinze GmbH","url":"https:\/\/www.heinzemedien.de\/","logo":{"@type":"ImageObject","inLanguage":"de","@id":"https:\/\/www.heinzemedien.de\/#\/schema\/logo\/image\/","url":"","contentUrl":"","caption":"Heinze GmbH"},"image":{"@id":"https:\/\/www.heinzemedien.de\/#\/schema\/logo\/image\/"}},{"@type":"Person","@id":"https:\/\/www.heinzemedien.de\/#\/schema\/person\/f7310cc6031163d3d3d76ce73c32817d","name":"Nadine Choudiakis","image":{"@type":"ImageObject","inLanguage":"de","@id":"https:\/\/secure.gravatar.com\/avatar\/a235d2e0a22093f01f77bcbdb5a8bf3bc31705de548b8bc8a3045d5788522934?s=96&d=mm&r=g","url":"https:\/\/secure.gravatar.com\/avatar\/a235d2e0a22093f01f77bcbdb5a8bf3bc31705de548b8bc8a3045d5788522934?s=96&d=mm&r=g","contentUrl":"https:\/\/secure.gravatar.com\/avatar\/a235d2e0a22093f01f77bcbdb5a8bf3bc31705de548b8bc8a3045d5788522934?s=96&d=mm&r=g","caption":"Nadine Choudiakis"},"url":"https:\/\/www.heinzemedien.de\/author\/choudiakis\/"}]}},"_links":{"self":[{"href":"https:\/\/www.heinzemedien.de\/heinze-api\/wp\/v2\/posts\/3554","targetHints":{"allow":["GET"]}}],"collection":[{"href":"https:\/\/www.heinzemedien.de\/heinze-api\/wp\/v2\/posts"}],"about":[{"href":"https:\/\/www.heinzemedien.de\/heinze-api\/wp\/v2\/types\/post"}],"author":[{"embeddable":true,"href":"https:\/\/www.heinzemedien.de\/heinze-api\/wp\/v2\/users\/884"}],"replies":[{"embeddable":true,"href":"https:\/\/www.heinzemedien.de\/heinze-api\/wp\/v2\/comments?post=3554"}],"version-history":[{"count":0,"href":"https:\/\/www.heinzemedien.de\/heinze-api\/wp\/v2\/posts\/3554\/revisions"}],"wp:featuredmedia":[{"embeddable":true,"href":"https:\/\/www.heinzemedien.de\/heinze-api\/wp\/v2\/media\/3556"}],"wp:attachment":[{"href":"https:\/\/www.heinzemedien.de\/heinze-api\/wp\/v2\/media?parent=3554"}],"wp:term":[{"taxonomy":"category","embeddable":true,"href":"https:\/\/www.heinzemedien.de\/heinze-api\/wp\/v2\/categories?post=3554"},{"taxonomy":"post_tag","embeddable":true,"href":"https:\/\/www.heinzemedien.de\/heinze-api\/wp\/v2\/tags?post=3554"}],"curies":[{"name":"wp","href":"https:\/\/api.w.org\/{rel}","templated":true}]}}