{"id":2876,"date":"2021-10-11T10:13:47","date_gmt":"2021-10-11T08:13:47","guid":{"rendered":"http:\/\/3.125.253.212\/?p=2876"},"modified":"2022-01-19T09:00:36","modified_gmt":"2022-01-19T08:00:36","slug":"wechsel-in-der-fuehrung-bei-der-heinze-gmbh-ulf-thiele-folgt-auf-dirk-schoening","status":"publish","type":"post","link":"https:\/\/www.heinzemedien.de\/wechsel-in-der-fuehrung-bei-der-heinze-gmbh-ulf-thiele-folgt-auf-dirk-schoening\/","title":{"rendered":"Wechsel in der F\u00fchrung bei der Heinze GmbH: Ulf Thiele folgt auf Dirk Sch\u00f6ning"},"content":{"rendered":"<div class=\"editor-fullwidth fullwidth-box editor-builder-row-1 nonhundred-percent-fullwidth non-hundred-percent-height-scrolling\" style=\"--awb-border-radius-top-left:0px;--awb-border-radius-top-right:0px;--awb-border-radius-bottom-right:0px;--awb-border-radius-bottom-left:0px;--awb-padding-top:70px;--awb-padding-bottom:70px;--awb-margin-top:1px;--awb-background-color:#ffffff;--awb-flex-wrap:wrap;\" ><div class=\"editor-builder-row editor-row\"><div class=\"editor-layout-column editor_builder_column editor-builder-column-0 editor_builder_column_1_6 1_6 editor-one-sixth editor-column-first editor-no-small-visibility editor-no-medium-visibility\" style=\"--awb-bg-size:cover;width:16.666666666667%;width:calc(16.666666666667% - ( ( 4% + 4% ) * 0.16666666666667 ) );margin-right: 4%;\"><div class=\"editor-column-wrapper editor-column-has-shadow editor-flex-column-wrapper-legacy\"><div class=\"editor-clearfix\"><\/div><\/div><\/div><div class=\"editor-layout-column editor_builder_column editor-builder-column-1 editor_builder_column_2_3 2_3 editor-two-third mediumFullSizeColumn\" style=\"--awb-bg-size:cover;width:66.666666666667%;width:calc(66.666666666667% - ( ( 4% + 4% ) * 0.66666666666667 ) );margin-right: 4%;\"><div class=\"editor-column-wrapper editor-column-has-shadow editor-flex-column-wrapper-legacy\"><div class=\"editor-builder-row editor-builder-row-inner editor-row\"><div class=\"editor-layout-column editor_builder_column_inner editor-builder-nested-column-0 editor_builder_column_inner_2_3 2_3 editor-two-third editor-column-first\" style=\"--awb-padding-bottom:30px;--awb-bg-size:cover;width:66.666666666667%;width:calc(66.666666666667% - ( ( 4% ) * 0.66666666666667 ) );margin-right: 4%;\"><div class=\"editor-column-wrapper editor-column-has-shadow editor-flex-column-wrapper-legacy\"><div class=\"editor-image-element in-legacy-container\" style=\"--awb-caption-title-font-family:var(--h2_typography-font-family);--awb-caption-title-font-weight:var(--h2_typography-font-weight);--awb-caption-title-font-style:var(--h2_typography-font-style);--awb-caption-title-size:var(--h2_typography-font-size);--awb-caption-title-transform:var(--h2_typography-text-transform);--awb-caption-title-line-height:var(--h2_typography-line-height);--awb-caption-title-letter-spacing:var(--h2_typography-letter-spacing);\"><span class=\" editor-imageframe imageframe-none imageframe-1 hover-type-none\"><img decoding=\"async\" width=\"665\" height=\"375\" title=\"PM_Heinze_Wechsel_Geschaeftsfuehrung_665x375\" src=\"https:\/\/www.heinzemedien.de\/data\/uploads\/2021\/10\/PM_Heinze_Wechsel_Geschaeftsfuehrung_665x375.jpg\" data-orig-src=\"https:\/\/www.heinzemedien.de\/data\/uploads\/2021\/10\/PM_Heinze_Wechsel_Geschaeftsfuehrung_665x375.jpg\" alt class=\"lazyload img-responsive hz-image-2878\" srcset=\"data:image\/svg+xml,%3Csvg%20xmlns%3D%27http%3A%2F%2Fwww.w3.org%2F2000%2Fsvg%27%20width%3D%27665%27%20height%3D%27375%27%20viewBox%3D%270%200%20665%20375%27%3E%3Crect%20width%3D%27665%27%20height%3D%27375%27%20fill-opacity%3D%220%22%2F%3E%3C%2Fsvg%3E\" data-srcset=\"https:\/\/www.heinzemedien.de\/data\/uploads\/2021\/10\/PM_Heinze_Wechsel_Geschaeftsfuehrung_665x375-200x113.jpg 200w, https:\/\/www.heinzemedien.de\/data\/uploads\/2021\/10\/PM_Heinze_Wechsel_Geschaeftsfuehrung_665x375-400x226.jpg 400w, https:\/\/www.heinzemedien.de\/data\/uploads\/2021\/10\/PM_Heinze_Wechsel_Geschaeftsfuehrung_665x375-600x338.jpg 600w, https:\/\/www.heinzemedien.de\/data\/uploads\/2021\/10\/PM_Heinze_Wechsel_Geschaeftsfuehrung_665x375.jpg 665w\" data-sizes=\"auto\" data-orig-sizes=\"(max-width: 768px) 100vw, 665px\" \/><\/span><\/div><div class=\"editor-sep-clear\"><\/div><div class=\"editor-separator editor-full-width-sep\" style=\"margin-left: auto;margin-right: auto;margin-top:20px;margin-bottom:20px;width:100%;\"><\/div><div class=\"editor-sep-clear\"><\/div><div class=\"editor-text editor-text-1\"><p>Die Heinze GmbH verabschiedet sich nach fast 14 Jahren zum 30. September 2021 von Dirk Sch\u00f6ning als Gesch\u00e4ftsf\u00fchrer. In seiner Funktion hat er das Unternehmen vom klassischen Printmedium \u201eDer Heinze\u201c zum digitalen Dienstleister \u201eheinze.de\u201c aufgebaut. Die hervorragende Entwicklung von heinze.de, der Aufbau des Eventgesch\u00e4fts sowie die sinnvolle Verbindung mit dem BauNetz haben Heinze zum wertvollen und gesch\u00e4tzten Partner der Industrie und zum multimedialen Informationsdienstleister der ArchitektInnen und PlanerInnen gemacht.<\/p>\n<p>Sven Hohmann, Executive Director Infopro Digital, spricht Dirk Sch\u00f6ning seinen besonderen Dank aus und verbschiedet ihn wie folgt: \u201eIch m\u00f6chte mich pers\u00f6nlich und im Namen der Konzernleitung bei Dirk Sch\u00f6ning f\u00fcr seine hervorragende Arbeit f\u00fcr die gesamte Gruppe, insbesondere bei Heinze, bedanken. Ich w\u00fcnsche ihm f\u00fcr seine privaten sowie beruflichen Pl\u00e4ne viel Erfolg und alles Gute.\u201c<\/p>\n<p>Ulf Thiele startete zum 1. Oktober 2021 als Gesch\u00e4ftsf\u00fchrer der Heinze GmbH und wird den Weg zum digitalen Dienstleister weiterentwickeln. Ulf Thiele bringt durch seine facettenreiche Vita in unterschiedlichsten Unternehmen wie beispielsweise bei Gira Giersiepen GmbH &amp; Co. KG sowie Schneider Electric, aber auch durch seine verantwortlichen Positionen die notwendige Erfahrung mit, um die Digitalisierungsstrategie von Heinze weiter voranzutreiben.<\/p>\n<\/div><div class=\"editor-button-wrapper\"><a class=\"editor-button button-flat button-xlarge button-default editor-button-default button-1 editor-button-default-span editor-button-default-type\" target=\"_self\" href=\"https:\/\/www.heinzemedien.de\/data\/uploads\/2021\/10\/Download-Pressekit-1.zip\"><span class=\"editor-button-text awb-button__text awb-button__text--default\">Download Pressekit<\/span><\/a><\/div><div class=\"editor-clearfix\"><\/div><\/div><\/div><div class=\"editor-layout-column editor_builder_column_inner editor-builder-nested-column-1 editor_builder_column_inner_1_3 1_3 editor-one-third editor-column-last cssNewsAside\" style=\"--awb-padding-top:30px;--awb-padding-right:30px;--awb-padding-bottom:30px;--awb-padding-left:30px;--awb-bg-color:#f2f4f5;--awb-bg-color-hover:#f2f4f5;--awb-bg-size:cover;width:33.333333333333%;width:calc(33.333333333333% - ( ( 4% ) * 0.33333333333333 ) );\"><div class=\"editor-column-wrapper editor-column-has-shadow editor-flex-column-wrapper-legacy\"><div class=\"editor-title title editor-title-1 editor-sep-none editor-title-text editor-title-size-one\" style=\"--awb-margin-top-small:0px;--awb-margin-right-small:0px;--awb-margin-bottom-small:20px;--awb-margin-left-small:0px;\"><h1 class=\"editor-title-heading title-heading-left editor-responsive-typography-calculated\" style=\"margin:0;--fontSize:45;line-height:1.3;\"><h4 class=\"cssMainHeadline editor-responsive-typography-calculated\" data-fontsize=\"45\" data-lineheight=\"58.5px\">Weitere Neuigkeiten<\/h4><\/h1><\/div><div class=\"editor-blog-shortcode editor-blog-shortcode-1 editor-blog-archive editor-blog-layout-grid-wrapper editor-blog-infinite editor-blog-no-images\" style=\"--grid_separator_color:#d7dce0;\"><style type=\"text\/css\">.editor-blog-shortcode-1 .editor-blog-layout-grid .editor-post-grid{padding:20px;}.editor-blog-shortcode-1 .editor-posts-container{margin-left: -20px !important; margin-right:-20px !important;}<\/style><div class=\"editor-posts-container editor-posts-container-infinite editor-posts-container-load-more editor-blog-layout-grid editor-blog-layout-grid-1 isotope\" data-pages=\"30\" data-grid-col-space=\"40\" style=\"margin: -20px -20px 0;min-height:500px;\"><article id=\"blog-1-post-6157\" class=\"editor-post-grid post-6157 post type-post status-publish format-standard has-post-thumbnail hentry category-heinze category-marktforschung category-pressemeldung\">\n<div class=\"editor-post-wrapper\" style=\"background-color:rgba(242,244,245,1);border:1px solid #f2f4f5;border-bottom-width:3px;\"><div class=\"editor-post-content-wrapper\" style=\"padding:10px 10px 10px 10px;\"><div class=\"editor-post-content post-content\"><h2 class=\"blog-shortcode-post-title entry-title\"><a href=\"https:\/\/www.heinzemedien.de\/studie-informationsverhalten-von-architektinnen-und-planenden\/\">Studie: Informationsverhalten von Architekt:innen und Planenden<\/a><\/h2><p class=\"editor-single-line-meta\"><span>21.04.2026<\/span><span class=\"editor-inline-sep\">|<\/span><\/p><\/div><\/div><div class=\"editor-clearfix\"><\/div><\/div>\n<\/article>\n<article id=\"blog-1-post-6143\" class=\"editor-post-grid post-6143 post type-post status-publish format-standard has-post-thumbnail hentry category-heinze category-marktforschung category-pressemeldung\">\n<div class=\"editor-post-wrapper\" style=\"background-color:rgba(242,244,245,1);border:1px solid #f2f4f5;border-bottom-width:3px;\"><div class=\"editor-post-content-wrapper\" style=\"padding:10px 10px 10px 10px;\"><div class=\"editor-post-content post-content\"><h2 class=\"blog-shortcode-post-title entry-title\"><a href=\"https:\/\/www.heinzemedien.de\/was-haben-kinderwagen-mit-baugenehmigungen-zu-tun\/\">Was haben Kinderwagen mit Baugenehmigungen zu tun?<\/a><\/h2><p class=\"editor-single-line-meta\"><span>19.03.2026<\/span><span class=\"editor-inline-sep\">|<\/span><\/p><\/div><\/div><div class=\"editor-clearfix\"><\/div><\/div>\n<\/article>\n<article id=\"blog-1-post-6114\" class=\"editor-post-grid post-6114 post type-post status-publish format-standard has-post-thumbnail hentry category-events category-heinze category-pressemeldung\">\n<div class=\"editor-post-wrapper\" style=\"background-color:rgba(242,244,245,1);border:1px solid #f2f4f5;border-bottom-width:3px;\"><div class=\"editor-post-content-wrapper\" style=\"padding:10px 10px 10px 10px;\"><div class=\"editor-post-content post-content\"><h2 class=\"blog-shortcode-post-title entry-title\"><a href=\"https:\/\/www.heinzemedien.de\/heinze-architektour-2026-ab-juni-mit-realisierter-architektur\/\">Heinze ArchitekTOUR 2026 ab Juni mit realisierter Architektur<\/a><\/h2><p class=\"editor-single-line-meta\"><span>25.02.2026<\/span><span class=\"editor-inline-sep\">|<\/span><\/p><\/div><\/div><div class=\"editor-clearfix\"><\/div><\/div>\n<\/article>\n<article id=\"blog-1-post-6104\" class=\"editor-post-grid post-6104 post type-post status-publish format-standard has-post-thumbnail hentry category-events category-heinze category-pressemeldung\">\n<div class=\"editor-post-wrapper\" style=\"background-color:rgba(242,244,245,1);border:1px solid #f2f4f5;border-bottom-width:3px;\"><div class=\"editor-post-content-wrapper\" style=\"padding:10px 10px 10px 10px;\"><div class=\"editor-post-content post-content\"><h2 class=\"blog-shortcode-post-title entry-title\"><a href=\"https:\/\/www.heinzemedien.de\/digitalbau-koeln-heinze-laedt-zum-exklusiven-architects-run-ein\/\">digitalBAU K\u00f6ln: Heinze l\u00e4dt zum exklusiven Architects\u2019 Run ein<\/a><\/h2><p class=\"editor-single-line-meta\"><span>24.02.2026<\/span><span class=\"editor-inline-sep\">|<\/span><\/p><\/div><\/div><div class=\"editor-clearfix\"><\/div><\/div>\n<\/article>\n<article id=\"blog-1-post-6070\" class=\"editor-post-grid post-6070 post type-post status-publish format-standard has-post-thumbnail hentry category-events category-heinze category-pressemeldung\">\n<div class=\"editor-post-wrapper\" style=\"background-color:rgba(242,244,245,1);border:1px solid #f2f4f5;border-bottom-width:3px;\"><div class=\"editor-post-content-wrapper\" style=\"padding:10px 10px 10px 10px;\"><div class=\"editor-post-content post-content\"><h2 class=\"blog-shortcode-post-title entry-title\"><a href=\"https:\/\/www.heinzemedien.de\/bauwende-heinze-architekturaward-2026-gestartet\/\">Bauwende: Heinze ArchitekturAWARD 2026 gestartet<\/a><\/h2><p class=\"editor-single-line-meta\"><span>12.02.2026<\/span><span class=\"editor-inline-sep\">|<\/span><\/p><\/div><\/div><div class=\"editor-clearfix\"><\/div><\/div>\n<\/article>\n<div class=\"editor-clearfix\"><\/div><\/div><div class=\"editor-infinite-scroll-trigger\"><\/div><div class=\"pagination infinite-scroll clearfix\" style=\"display:none;\"><span class=\"current\">1<\/span><a href=\"https:\/\/www.heinzemedien.de\/heinze-api\/wp\/v2\/posts\/2876\/page\/2\/\" class=\"inactive\">2<\/a><a class=\"pagination-next\" rel=\"next\" href=\"https:\/\/www.heinzemedien.de\/heinze-api\/wp\/v2\/posts\/2876\/page\/2\/\"><span class=\"page-text\">Vor<\/span><span class=\"page-next\"><\/span><\/a><\/div><div class=\"editor-clearfix\"><\/div><button class=\"editor-load-more-button editor-blog-button editor-clearfix\">Mehr Beitr\u00e4ge laden<\/button><\/div><div class=\"editor-clearfix\"><\/div><\/div><\/div><\/div><div class=\"editor-clearfix\"><\/div><\/div><\/div><div class=\"editor-layout-column editor_builder_column editor-builder-column-2 editor_builder_column_1_6 1_6 editor-one-sixth editor-column-last editor-no-small-visibility editor-no-medium-visibility\" style=\"--awb-bg-size:cover;width:16.666666666667%;width:calc(16.666666666667% - ( ( 4% + 4% ) * 0.16666666666667 ) );\"><div class=\"editor-column-wrapper editor-column-has-shadow editor-flex-column-wrapper-legacy\"><div class=\"editor-clearfix\"><\/div><\/div><\/div><\/div><\/div>\n","protected":false},"excerpt":{"rendered":"","protected":false},"author":967,"featured_media":2877,"comment_status":"closed","ping_status":"closed","sticky":false,"template":"","format":"standard","meta":{"footnotes":""},"categories":[67],"tags":[],"class_list":["post-2876","post","type-post","status-publish","format-standard","has-post-thumbnail","hentry","category-pressemeldung"],"seo_head":"<!-- This site is optimized with the Yoast SEO plugin v27.2 - https:\/\/yoast.com\/product\/yoast-seo-wordpress\/ -->\n<title>Wechsel in der F\u00fchrung bei der Heinze GmbH: Ulf Thiele folgt auf Dirk Sch\u00f6ning - Heinze - Your Networking Company<\/title>\n<meta name=\"robots\" content=\"index, follow, max-snippet:-1, max-image-preview:large, max-video-preview:-1\" \/>\n<link rel=\"canonical\" href=\"https:\/\/www.heinzemedien.de\/wechsel-in-der-fuehrung-bei-der-heinze-gmbh-ulf-thiele-folgt-auf-dirk-schoening\/\" \/>\n<meta property=\"og:locale\" content=\"de_DE\" \/>\n<meta property=\"og:type\" content=\"article\" \/>\n<meta property=\"og:title\" content=\"Wechsel in der F\u00fchrung bei der Heinze GmbH: Ulf Thiele folgt auf Dirk Sch\u00f6ning - Heinze - Your Networking Company\" \/>\n<meta property=\"og:url\" content=\"https:\/\/www.heinzemedien.de\/wechsel-in-der-fuehrung-bei-der-heinze-gmbh-ulf-thiele-folgt-auf-dirk-schoening\/\" \/>\n<meta property=\"og:site_name\" content=\"Heinze - Your Networking Company\" \/>\n<meta property=\"article:published_time\" content=\"2021-10-11T08:13:47+00:00\" \/>\n<meta property=\"article:modified_time\" content=\"2022-01-19T08:00:36+00:00\" \/>\n<meta property=\"og:image\" content=\"https:\/\/www.heinzemedien.de\/data\/uploads\/2021\/10\/PM_Heinze_Wechsel_Geschaeftsfuehrung_665x225.jpg\" \/>\n\t<meta property=\"og:image:width\" content=\"665\" \/>\n\t<meta property=\"og:image:height\" content=\"225\" \/>\n\t<meta property=\"og:image:type\" content=\"image\/jpeg\" \/>\n<meta name=\"author\" content=\"Steffi Dierking\" \/>\n<meta name=\"twitter:card\" content=\"summary_large_image\" \/>\n<meta name=\"twitter:label1\" content=\"Verfasst von\" \/>\n\t<meta name=\"twitter:data1\" content=\"Steffi Dierking\" \/>\n\t<meta name=\"twitter:label2\" content=\"Gesch\u00e4tzte Lesezeit\" \/>\n\t<meta name=\"twitter:data2\" content=\"5\u00a0Minuten\" \/>\n<script type=\"application\/ld+json\" class=\"seo-schema-graph\">{\"@context\":\"https:\/\/schema.org\",\"@graph\":[{\"@type\":\"Article\",\"@id\":\"https:\/\/www.heinzemedien.de\/wechsel-in-der-fuehrung-bei-der-heinze-gmbh-ulf-thiele-folgt-auf-dirk-schoening\/#article\",\"isPartOf\":{\"@id\":\"https:\/\/www.heinzemedien.de\/wechsel-in-der-fuehrung-bei-der-heinze-gmbh-ulf-thiele-folgt-auf-dirk-schoening\/\"},\"author\":{\"name\":\"Steffi Dierking\",\"@id\":\"https:\/\/www.heinzemedien.de\/#\/schema\/person\/75685e4bfe37871a38678a00b5def632\"},\"headline\":\"Wechsel in der F\u00fchrung bei der Heinze GmbH: Ulf Thiele folgt auf Dirk Sch\u00f6ning\",\"datePublished\":\"2021-10-11T08:13:47+00:00\",\"dateModified\":\"2022-01-19T08:00:36+00:00\",\"mainEntityOfPage\":{\"@id\":\"https:\/\/www.heinzemedien.de\/wechsel-in-der-fuehrung-bei-der-heinze-gmbh-ulf-thiele-folgt-auf-dirk-schoening\/\"},\"wordCount\":1948,\"publisher\":{\"@id\":\"https:\/\/www.heinzemedien.de\/#organization\"},\"image\":{\"@id\":\"https:\/\/www.heinzemedien.de\/wechsel-in-der-fuehrung-bei-der-heinze-gmbh-ulf-thiele-folgt-auf-dirk-schoening\/#primaryimage\"},\"thumbnailUrl\":\"https:\/\/www.heinzemedien.de\/data\/uploads\/2021\/10\/PM_Heinze_Wechsel_Geschaeftsfuehrung_665x225.jpg\",\"articleSection\":[\"Pressemeldung\"],\"inLanguage\":\"de\"},{\"@type\":\"WebPage\",\"@id\":\"https:\/\/www.heinzemedien.de\/wechsel-in-der-fuehrung-bei-der-heinze-gmbh-ulf-thiele-folgt-auf-dirk-schoening\/\",\"url\":\"https:\/\/www.heinzemedien.de\/wechsel-in-der-fuehrung-bei-der-heinze-gmbh-ulf-thiele-folgt-auf-dirk-schoening\/\",\"name\":\"Wechsel in der F\u00fchrung bei der Heinze GmbH: Ulf Thiele folgt auf Dirk Sch\u00f6ning - Heinze - Your Networking Company\",\"isPartOf\":{\"@id\":\"https:\/\/www.heinzemedien.de\/#website\"},\"primaryImageOfPage\":{\"@id\":\"https:\/\/www.heinzemedien.de\/wechsel-in-der-fuehrung-bei-der-heinze-gmbh-ulf-thiele-folgt-auf-dirk-schoening\/#primaryimage\"},\"image\":{\"@id\":\"https:\/\/www.heinzemedien.de\/wechsel-in-der-fuehrung-bei-der-heinze-gmbh-ulf-thiele-folgt-auf-dirk-schoening\/#primaryimage\"},\"thumbnailUrl\":\"https:\/\/www.heinzemedien.de\/data\/uploads\/2021\/10\/PM_Heinze_Wechsel_Geschaeftsfuehrung_665x225.jpg\",\"datePublished\":\"2021-10-11T08:13:47+00:00\",\"dateModified\":\"2022-01-19T08:00:36+00:00\",\"breadcrumb\":{\"@id\":\"https:\/\/www.heinzemedien.de\/wechsel-in-der-fuehrung-bei-der-heinze-gmbh-ulf-thiele-folgt-auf-dirk-schoening\/#breadcrumb\"},\"inLanguage\":\"de\",\"potentialAction\":[{\"@type\":\"ReadAction\",\"target\":[\"https:\/\/www.heinzemedien.de\/wechsel-in-der-fuehrung-bei-der-heinze-gmbh-ulf-thiele-folgt-auf-dirk-schoening\/\"]}]},{\"@type\":\"ImageObject\",\"inLanguage\":\"de\",\"@id\":\"https:\/\/www.heinzemedien.de\/wechsel-in-der-fuehrung-bei-der-heinze-gmbh-ulf-thiele-folgt-auf-dirk-schoening\/#primaryimage\",\"url\":\"https:\/\/www.heinzemedien.de\/data\/uploads\/2021\/10\/PM_Heinze_Wechsel_Geschaeftsfuehrung_665x225.jpg\",\"contentUrl\":\"https:\/\/www.heinzemedien.de\/data\/uploads\/2021\/10\/PM_Heinze_Wechsel_Geschaeftsfuehrung_665x225.jpg\",\"width\":665,\"height\":225},{\"@type\":\"BreadcrumbList\",\"@id\":\"https:\/\/www.heinzemedien.de\/wechsel-in-der-fuehrung-bei-der-heinze-gmbh-ulf-thiele-folgt-auf-dirk-schoening\/#breadcrumb\",\"itemListElement\":[{\"@type\":\"ListItem\",\"position\":1,\"name\":\"Startseite\",\"item\":\"https:\/\/www.heinzemedien.de\/\"},{\"@type\":\"ListItem\",\"position\":2,\"name\":\"Wechsel in der F\u00fchrung bei der Heinze GmbH: Ulf Thiele folgt auf Dirk Sch\u00f6ning\"}]},{\"@type\":\"WebSite\",\"@id\":\"https:\/\/www.heinzemedien.de\/#website\",\"url\":\"https:\/\/www.heinzemedien.de\/\",\"name\":\"Heinze - Your Networking Company\",\"description\":\"\",\"publisher\":{\"@id\":\"https:\/\/www.heinzemedien.de\/#organization\"},\"potentialAction\":[{\"@type\":\"SearchAction\",\"target\":{\"@type\":\"EntryPoint\",\"urlTemplate\":\"https:\/\/www.heinzemedien.de\/?s={search_term_string}\"},\"query-input\":{\"@type\":\"PropertyValueSpecification\",\"valueRequired\":true,\"valueName\":\"search_term_string\"}}],\"inLanguage\":\"de\"},{\"@type\":\"Organization\",\"@id\":\"https:\/\/www.heinzemedien.de\/#organization\",\"name\":\"Heinze GmbH\",\"url\":\"https:\/\/www.heinzemedien.de\/\",\"logo\":{\"@type\":\"ImageObject\",\"inLanguage\":\"de\",\"@id\":\"https:\/\/www.heinzemedien.de\/#\/schema\/logo\/image\/\",\"url\":\"\",\"contentUrl\":\"\",\"caption\":\"Heinze GmbH\"},\"image\":{\"@id\":\"https:\/\/www.heinzemedien.de\/#\/schema\/logo\/image\/\"}},{\"@type\":\"Person\",\"@id\":\"https:\/\/www.heinzemedien.de\/#\/schema\/person\/75685e4bfe37871a38678a00b5def632\",\"name\":\"Steffi Dierking\",\"image\":{\"@type\":\"ImageObject\",\"inLanguage\":\"de\",\"@id\":\"https:\/\/secure.gravatar.com\/avatar\/2d27929188be43ca81b777fbaa37e7ea02819130806a6045a2998d7177edf38c?s=96&d=mm&r=g\",\"url\":\"https:\/\/secure.gravatar.com\/avatar\/2d27929188be43ca81b777fbaa37e7ea02819130806a6045a2998d7177edf38c?s=96&d=mm&r=g\",\"contentUrl\":\"https:\/\/secure.gravatar.com\/avatar\/2d27929188be43ca81b777fbaa37e7ea02819130806a6045a2998d7177edf38c?s=96&d=mm&r=g\",\"caption\":\"Steffi Dierking\"},\"url\":\"https:\/\/www.heinzemedien.de\/author\/dierking\/\"}]}<\/script>\n<!-- \/ Yoast SEO plugin. -->","seo_head_json":{"title":"Wechsel in der F\u00fchrung bei der Heinze GmbH: Ulf Thiele folgt auf Dirk Sch\u00f6ning - Heinze - Your Networking Company","robots":{"index":"index","follow":"follow","max-snippet":"max-snippet:-1","max-image-preview":"max-image-preview:large","max-video-preview":"max-video-preview:-1"},"canonical":"https:\/\/www.heinzemedien.de\/wechsel-in-der-fuehrung-bei-der-heinze-gmbh-ulf-thiele-folgt-auf-dirk-schoening\/","og_locale":"de_DE","og_type":"article","og_title":"Wechsel in der F\u00fchrung bei der Heinze GmbH: Ulf Thiele folgt auf Dirk Sch\u00f6ning - Heinze - Your Networking Company","og_url":"https:\/\/www.heinzemedien.de\/wechsel-in-der-fuehrung-bei-der-heinze-gmbh-ulf-thiele-folgt-auf-dirk-schoening\/","og_site_name":"Heinze - Your Networking Company","article_published_time":"2021-10-11T08:13:47+00:00","article_modified_time":"2022-01-19T08:00:36+00:00","og_image":[{"width":665,"height":225,"url":"https:\/\/www.heinzemedien.de\/data\/uploads\/2021\/10\/PM_Heinze_Wechsel_Geschaeftsfuehrung_665x225.jpg","type":"image\/jpeg"}],"author":"Steffi Dierking","twitter_card":"summary_large_image","twitter_misc":{"Verfasst von":"Steffi Dierking","Gesch\u00e4tzte Lesezeit":"5\u00a0Minuten"},"schema":{"@context":"https:\/\/schema.org","@graph":[{"@type":"Article","@id":"https:\/\/www.heinzemedien.de\/wechsel-in-der-fuehrung-bei-der-heinze-gmbh-ulf-thiele-folgt-auf-dirk-schoening\/#article","isPartOf":{"@id":"https:\/\/www.heinzemedien.de\/wechsel-in-der-fuehrung-bei-der-heinze-gmbh-ulf-thiele-folgt-auf-dirk-schoening\/"},"author":{"name":"Steffi Dierking","@id":"https:\/\/www.heinzemedien.de\/#\/schema\/person\/75685e4bfe37871a38678a00b5def632"},"headline":"Wechsel in der F\u00fchrung bei der Heinze GmbH: Ulf Thiele folgt auf Dirk Sch\u00f6ning","datePublished":"2021-10-11T08:13:47+00:00","dateModified":"2022-01-19T08:00:36+00:00","mainEntityOfPage":{"@id":"https:\/\/www.heinzemedien.de\/wechsel-in-der-fuehrung-bei-der-heinze-gmbh-ulf-thiele-folgt-auf-dirk-schoening\/"},"wordCount":1948,"publisher":{"@id":"https:\/\/www.heinzemedien.de\/#organization"},"image":{"@id":"https:\/\/www.heinzemedien.de\/wechsel-in-der-fuehrung-bei-der-heinze-gmbh-ulf-thiele-folgt-auf-dirk-schoening\/#primaryimage"},"thumbnailUrl":"https:\/\/www.heinzemedien.de\/data\/uploads\/2021\/10\/PM_Heinze_Wechsel_Geschaeftsfuehrung_665x225.jpg","articleSection":["Pressemeldung"],"inLanguage":"de"},{"@type":"WebPage","@id":"https:\/\/www.heinzemedien.de\/wechsel-in-der-fuehrung-bei-der-heinze-gmbh-ulf-thiele-folgt-auf-dirk-schoening\/","url":"https:\/\/www.heinzemedien.de\/wechsel-in-der-fuehrung-bei-der-heinze-gmbh-ulf-thiele-folgt-auf-dirk-schoening\/","name":"Wechsel in der F\u00fchrung bei der Heinze GmbH: Ulf Thiele folgt auf Dirk Sch\u00f6ning - Heinze - Your Networking Company","isPartOf":{"@id":"https:\/\/www.heinzemedien.de\/#website"},"primaryImageOfPage":{"@id":"https:\/\/www.heinzemedien.de\/wechsel-in-der-fuehrung-bei-der-heinze-gmbh-ulf-thiele-folgt-auf-dirk-schoening\/#primaryimage"},"image":{"@id":"https:\/\/www.heinzemedien.de\/wechsel-in-der-fuehrung-bei-der-heinze-gmbh-ulf-thiele-folgt-auf-dirk-schoening\/#primaryimage"},"thumbnailUrl":"https:\/\/www.heinzemedien.de\/data\/uploads\/2021\/10\/PM_Heinze_Wechsel_Geschaeftsfuehrung_665x225.jpg","datePublished":"2021-10-11T08:13:47+00:00","dateModified":"2022-01-19T08:00:36+00:00","breadcrumb":{"@id":"https:\/\/www.heinzemedien.de\/wechsel-in-der-fuehrung-bei-der-heinze-gmbh-ulf-thiele-folgt-auf-dirk-schoening\/#breadcrumb"},"inLanguage":"de","potentialAction":[{"@type":"ReadAction","target":["https:\/\/www.heinzemedien.de\/wechsel-in-der-fuehrung-bei-der-heinze-gmbh-ulf-thiele-folgt-auf-dirk-schoening\/"]}]},{"@type":"ImageObject","inLanguage":"de","@id":"https:\/\/www.heinzemedien.de\/wechsel-in-der-fuehrung-bei-der-heinze-gmbh-ulf-thiele-folgt-auf-dirk-schoening\/#primaryimage","url":"https:\/\/www.heinzemedien.de\/data\/uploads\/2021\/10\/PM_Heinze_Wechsel_Geschaeftsfuehrung_665x225.jpg","contentUrl":"https:\/\/www.heinzemedien.de\/data\/uploads\/2021\/10\/PM_Heinze_Wechsel_Geschaeftsfuehrung_665x225.jpg","width":665,"height":225},{"@type":"BreadcrumbList","@id":"https:\/\/www.heinzemedien.de\/wechsel-in-der-fuehrung-bei-der-heinze-gmbh-ulf-thiele-folgt-auf-dirk-schoening\/#breadcrumb","itemListElement":[{"@type":"ListItem","position":1,"name":"Startseite","item":"https:\/\/www.heinzemedien.de\/"},{"@type":"ListItem","position":2,"name":"Wechsel in der F\u00fchrung bei der Heinze GmbH: Ulf Thiele folgt auf Dirk Sch\u00f6ning"}]},{"@type":"WebSite","@id":"https:\/\/www.heinzemedien.de\/#website","url":"https:\/\/www.heinzemedien.de\/","name":"Heinze - Your Networking Company","description":"","publisher":{"@id":"https:\/\/www.heinzemedien.de\/#organization"},"potentialAction":[{"@type":"SearchAction","target":{"@type":"EntryPoint","urlTemplate":"https:\/\/www.heinzemedien.de\/?s={search_term_string}"},"query-input":{"@type":"PropertyValueSpecification","valueRequired":true,"valueName":"search_term_string"}}],"inLanguage":"de"},{"@type":"Organization","@id":"https:\/\/www.heinzemedien.de\/#organization","name":"Heinze GmbH","url":"https:\/\/www.heinzemedien.de\/","logo":{"@type":"ImageObject","inLanguage":"de","@id":"https:\/\/www.heinzemedien.de\/#\/schema\/logo\/image\/","url":"","contentUrl":"","caption":"Heinze GmbH"},"image":{"@id":"https:\/\/www.heinzemedien.de\/#\/schema\/logo\/image\/"}},{"@type":"Person","@id":"https:\/\/www.heinzemedien.de\/#\/schema\/person\/75685e4bfe37871a38678a00b5def632","name":"Steffi Dierking","image":{"@type":"ImageObject","inLanguage":"de","@id":"https:\/\/secure.gravatar.com\/avatar\/2d27929188be43ca81b777fbaa37e7ea02819130806a6045a2998d7177edf38c?s=96&d=mm&r=g","url":"https:\/\/secure.gravatar.com\/avatar\/2d27929188be43ca81b777fbaa37e7ea02819130806a6045a2998d7177edf38c?s=96&d=mm&r=g","contentUrl":"https:\/\/secure.gravatar.com\/avatar\/2d27929188be43ca81b777fbaa37e7ea02819130806a6045a2998d7177edf38c?s=96&d=mm&r=g","caption":"Steffi Dierking"},"url":"https:\/\/www.heinzemedien.de\/author\/dierking\/"}]}},"_links":{"self":[{"href":"https:\/\/www.heinzemedien.de\/heinze-api\/wp\/v2\/posts\/2876","targetHints":{"allow":["GET"]}}],"collection":[{"href":"https:\/\/www.heinzemedien.de\/heinze-api\/wp\/v2\/posts"}],"about":[{"href":"https:\/\/www.heinzemedien.de\/heinze-api\/wp\/v2\/types\/post"}],"author":[{"embeddable":true,"href":"https:\/\/www.heinzemedien.de\/heinze-api\/wp\/v2\/users\/967"}],"replies":[{"embeddable":true,"href":"https:\/\/www.heinzemedien.de\/heinze-api\/wp\/v2\/comments?post=2876"}],"version-history":[{"count":0,"href":"https:\/\/www.heinzemedien.de\/heinze-api\/wp\/v2\/posts\/2876\/revisions"}],"wp:featuredmedia":[{"embeddable":true,"href":"https:\/\/www.heinzemedien.de\/heinze-api\/wp\/v2\/media\/2877"}],"wp:attachment":[{"href":"https:\/\/www.heinzemedien.de\/heinze-api\/wp\/v2\/media?parent=2876"}],"wp:term":[{"taxonomy":"category","embeddable":true,"href":"https:\/\/www.heinzemedien.de\/heinze-api\/wp\/v2\/categories?post=2876"},{"taxonomy":"post_tag","embeddable":true,"href":"https:\/\/www.heinzemedien.de\/heinze-api\/wp\/v2\/tags?post=2876"}],"curies":[{"name":"wp","href":"https:\/\/api.w.org\/{rel}","templated":true}]}}