{"id":2392,"date":"2020-10-29T14:27:47","date_gmt":"2020-10-29T13:27:47","guid":{"rendered":"http:\/\/3.125.253.212\/?p=2392"},"modified":"2020-11-02T09:44:12","modified_gmt":"2020-11-02T08:44:12","slug":"2-edition-der-heinze-architektour-virtuell-begeistert-2-000-teilnehmer","status":"publish","type":"post","link":"https:\/\/www.heinzemedien.de\/2-edition-der-heinze-architektour-virtuell-begeistert-2-000-teilnehmer\/","title":{"rendered":"2. Edition der Heinze ArchitekTOUR virtuell begeistert 2.000 Teilnehmer"},"content":{"rendered":"<div class=\"editor-fullwidth fullwidth-box editor-builder-row-1 nonhundred-percent-fullwidth non-hundred-percent-height-scrolling\" style=\"--awb-border-radius-top-left:0px;--awb-border-radius-top-right:0px;--awb-border-radius-bottom-right:0px;--awb-border-radius-bottom-left:0px;--awb-padding-top:70px;--awb-padding-bottom:70px;--awb-margin-top:1px;--awb-background-color:#ffffff;--awb-flex-wrap:wrap;\" ><div class=\"editor-builder-row editor-row\"><div class=\"editor-layout-column editor_builder_column editor-builder-column-0 editor_builder_column_1_6 1_6 editor-one-sixth editor-column-first editor-no-small-visibility editor-no-medium-visibility\" style=\"--awb-bg-size:cover;width:16.666666666667%;width:calc(16.666666666667% - ( ( 4% + 4% ) * 0.16666666666667 ) );margin-right: 4%;\"><div class=\"editor-column-wrapper editor-column-has-shadow editor-flex-column-wrapper-legacy\"><div class=\"editor-clearfix\"><\/div><\/div><\/div><div class=\"editor-layout-column editor_builder_column editor-builder-column-1 editor_builder_column_2_3 2_3 editor-two-third mediumFullSizeColumn\" style=\"--awb-bg-size:cover;width:66.666666666667%;width:calc(66.666666666667% - ( ( 4% + 4% ) * 0.66666666666667 ) );margin-right: 4%;\"><div class=\"editor-column-wrapper editor-column-has-shadow editor-flex-column-wrapper-legacy\"><div class=\"editor-builder-row editor-builder-row-inner editor-row\"><div class=\"editor-layout-column editor_builder_column_inner editor-builder-nested-column-0 editor_builder_column_inner_2_3 2_3 editor-two-third editor-column-first\" style=\"--awb-padding-bottom:30px;--awb-bg-size:cover;width:66.666666666667%;width:calc(66.666666666667% - ( ( 4% ) * 0.66666666666667 ) );margin-right: 4%;\"><div class=\"editor-column-wrapper editor-column-has-shadow editor-flex-column-wrapper-legacy\"><div class=\"editor-image-element in-legacy-container\" style=\"--awb-caption-title-font-family:var(--h2_typography-font-family);--awb-caption-title-font-weight:var(--h2_typography-font-weight);--awb-caption-title-font-style:var(--h2_typography-font-style);--awb-caption-title-size:var(--h2_typography-font-size);--awb-caption-title-transform:var(--h2_typography-text-transform);--awb-caption-title-line-height:var(--h2_typography-line-height);--awb-caption-title-letter-spacing:var(--h2_typography-letter-spacing);\"><span class=\" editor-imageframe imageframe-none imageframe-1 hover-type-none\"><img decoding=\"async\" width=\"665\" height=\"375\" title=\"TOUR2_665x375\" src=\"https:\/\/www.heinzemedien.de\/data\/uploads\/2020\/10\/TOUR2_665x375.png\" data-orig-src=\"https:\/\/www.heinzemedien.de\/data\/uploads\/2020\/10\/TOUR2_665x375.png\" alt class=\"lazyload img-responsive hz-image-2395\" srcset=\"data:image\/svg+xml,%3Csvg%20xmlns%3D%27http%3A%2F%2Fwww.w3.org%2F2000%2Fsvg%27%20width%3D%27665%27%20height%3D%27375%27%20viewBox%3D%270%200%20665%20375%27%3E%3Crect%20width%3D%27665%27%20height%3D%27375%27%20fill-opacity%3D%220%22%2F%3E%3C%2Fsvg%3E\" data-srcset=\"https:\/\/www.heinzemedien.de\/data\/uploads\/2020\/10\/TOUR2_665x375-200x113.png 200w, https:\/\/www.heinzemedien.de\/data\/uploads\/2020\/10\/TOUR2_665x375-400x226.png 400w, https:\/\/www.heinzemedien.de\/data\/uploads\/2020\/10\/TOUR2_665x375-600x338.png 600w, https:\/\/www.heinzemedien.de\/data\/uploads\/2020\/10\/TOUR2_665x375.png 665w\" data-sizes=\"auto\" data-orig-sizes=\"(max-width: 768px) 100vw, 665px\" \/><\/span><\/div><div class=\"editor-sep-clear\"><\/div><div class=\"editor-separator editor-full-width-sep\" style=\"margin-left: auto;margin-right: auto;margin-top:20px;margin-bottom:20px;width:100%;\"><\/div><div class=\"editor-sep-clear\"><\/div><div class=\"editor-text editor-text-1\"><h4>Herausragendes Programm zum Themenschwerpunkt \u201eAlpine Architektur\u201c<\/h4>\n<p>Celle, Oktober 2020 \u2013 \u201eAlpine Architektur\u201c: Unter diesem Motto startete die Heinze ArchitekTOUR virtuell am 05. Oktober 2020 bereits in die zweite Runde. Zwei Wochen voller Informationen mit spannenden Live-Vortr\u00e4gen renommierter Architekten und eindrucksvollen Video-Einspielungen realisierter Projekte begeisterten die 2.000 Besucher des gr\u00f6\u00dften digitalen Branchenevents Deutschlands. Auch die 50 Aussteller der Baubranche hielten wieder zahlreiche Produktl\u00f6sungen bereit, \u00fcber die sich die Teilnehmer sowohl an den virtuellen Messest\u00e4nden als auch in den Herstellervortr\u00e4gen des Tages mit anschlie\u00dfender Live-Fragerunde umfangreich informieren konnten.<\/p>\n<p>Bereits seit den 90er Jahren ist die Alpenregion ein Vorbild f\u00fcr gute und au\u00dfergew\u00f6hnliche Architektur, f\u00fcr Tradition und Handwerk. Vor allem die Verwendung regionaler Materialien spielt oftmals eine entscheidende Rolle. Heinze nahm alle Teilnehmer der ArchitekTOUR virtuell 2 mit auf eine spannende Reise in die wundersch\u00f6ne Natur der Alpenregion mit einer faszinierenden Landschaft sowie an architektonisch reizvolle Orte. Alles, was in dieser besonderen Zeit nicht hautnah oder nur eingeschr\u00e4nkt erlebt werden kann, lernten die Teilnehmer virtuell kennen.<\/p>\n<p>Klaus G. F\u00fcner, selbst Architekt und Mitarbeiter der Heinze GmbH, besuchte auch bei der aktuellen ArchitekTOUR alle Referenten aus der Architekturszene vor Ort, interviewte sie und moderierte w\u00e4hrend der Veranstaltung jeden Beitrag und die anschlie\u00dfenden Fragerunden live mit viel Fachkenntnis, Eloquenz und Humor. Es entstand ein Rahmenprogramm, das vor allem aufgrund seiner Praxisn\u00e4he und Lebendigkeit bei den Teilnehmern punkten konnte.<\/p>\n<p>Lob gab es nicht nur seitens der Besucher, sondern auch von den Ausstellern, wie etwa Peter Bischoff (K\u00fcffner Aluzargen): \u201eWie immer hat bei Heinze alles\u00a0\u201eHand und Fu\u00df\u201c \u2013 vielen Dank, dass wir dabei sein durften und alles so professionell ablief!\u201c An den erfolgreichen Start der ersten ArchitekTOUR virtuell, die im Juli 2020 durchgef\u00fchrt wurde, konnte sich somit auch die zweite Ausgabe nahtlos anschlie\u00dfen. Erneut gelang es der Heinze GmbH mit ihrem virtuellen Messeformat, den so wichtigen Kontakt zwischen Produktherstellern auf der einen und Produktentscheidern, also Architekten und Planern, auf der anderen Seite herzustellen. Wertvolle Informationen zu Produkthighlights und technischen Neuerungen konnten in dieser au\u00dfergew\u00f6hnlichen Zeit, in welcher der pers\u00f6nliche Kontakt nur bedingt m\u00f6glich ist, wirkungsvoll platziert und kommuniziert werden.<\/p>\n<p>Aufgrund des Erfolges beginnen aktuell die Planungen f\u00fcr die 3. Edition der ArchitekTOUR virtuell, die im kommenden Fr\u00fchjahr stattfinden wird. \u201eDie n\u00e4chste virtuelle ArchitekTOUR wird noch vielseitiger und gr\u00f6\u00dfer. Wir planen die umfangreichste Produktinnovationsplattform, die es bislang gab\u201c, stellt Christian Stallknecht, Verantwortlicher f\u00fcr den Eventbereich der Heinze GmbH, f\u00fcr das n\u00e4chste\u00a0Jahr in Aussicht. \u00dcber verschiedene Zusatzmodule, wie z. B. Expertengespr\u00e4che, Vorstellung von Referenzobjekten oder VIP-Afterwork-Dialogformate, haben die Aussteller der Bau-, Ausstattungs- und Einrichtungsbranche dann die M\u00f6glichkeit, ihre besten Innovationen, Produkthighlights und neuesten Technologien einem breiten Fachpublikum noch besser pr\u00e4sentieren zu k\u00f6nnen.<\/p>\n<p>Architekten und Planer, die am digitalen Veranstaltungsformat teilnehmen m\u00f6chten, k\u00f6nnen sich unter heinze.de\/virtuelletour informieren und zu einem sp\u00e4teren Zeitpunkt direkt anmelden. F\u00fcr Industriepartner, die weitere Fragen zum digitalen Format und einer Beteiligungsm\u00f6glichkeit an der kommenden Veranstaltung haben, steht Christian Stallknecht als Ansprechpartner unter der Telefonnummer 05141 \u2013 50 140 oder per E-Mail unter christian.stallknecht@heinze.de zur Verf\u00fcgung.<\/p>\n<h4>Zum Unternehmen<\/h4>\n<p>Die Heinze GmbH in Celle ist seit \u00fcber 55 Jahren Spezialist f\u00fcr zielgruppengerechte Marketing- und Informationsdienstleistungen im Baubereich. Heinze unterst\u00fctzt die Kommunikation zwischen Produkt-Herstellern auf der einen und Produkt-Entscheidern auf der anderen Seite. So erhalten Architekten und Planer sowie private Bauherren und Modernisierer in Print- und Online-Medien fundiertes Fachwissen zu Produkten und Herstellern von Bau-, Ausstattungs- und Einrichtungsl\u00f6sungen. Erg\u00e4nzt werden diese Angebote durch Event-Reihen (u. a. Heinze ArchitekTOUR, Architects\u2018 Darling, Heinze Summits) und verschiedene Messe-Dienstleistungen. Auch in den Bereichen Marktforschung und Dialogmarketing bietet Heinze ein umfassendes Leistungsspektrum.<\/p>\n<\/div><div class=\"editor-button-wrapper\"><a class=\"editor-button button-flat button-xlarge button-default editor-button-default button-1 editor-button-default-span editor-button-default-type\" target=\"_self\" href=\"https:\/\/www.heinzemedien.de\/data\/uploads\/2020\/10\/Download-Pressekit-1.zip\"><span class=\"editor-button-text awb-button__text awb-button__text--default\">Download Pressekit<\/span><\/a><\/div><div class=\"editor-clearfix\"><\/div><\/div><\/div><div class=\"editor-layout-column editor_builder_column_inner editor-builder-nested-column-1 editor_builder_column_inner_1_3 1_3 editor-one-third editor-column-last cssNewsAside\" style=\"--awb-padding-top:30px;--awb-padding-right:30px;--awb-padding-bottom:30px;--awb-padding-left:30px;--awb-bg-color:#f2f4f5;--awb-bg-color-hover:#f2f4f5;--awb-bg-size:cover;width:33.333333333333%;width:calc(33.333333333333% - ( ( 4% ) * 0.33333333333333 ) );\"><div class=\"editor-column-wrapper editor-column-has-shadow editor-flex-column-wrapper-legacy\"><div class=\"editor-title title editor-title-1 editor-sep-none editor-title-text editor-title-size-one\" style=\"--awb-margin-top-small:0px;--awb-margin-right-small:0px;--awb-margin-bottom-small:20px;--awb-margin-left-small:0px;\"><h1 class=\"editor-title-heading title-heading-left editor-responsive-typography-calculated\" style=\"margin:0;--fontSize:45;line-height:1.3;\"><h4 class=\"cssMainHeadline editor-responsive-typography-calculated\" data-fontsize=\"45\" data-lineheight=\"58.5px\">Weitere Neuigkeiten<\/h4><\/h1><\/div><div class=\"editor-blog-shortcode editor-blog-shortcode-1 editor-blog-archive editor-blog-layout-grid-wrapper editor-blog-infinite editor-blog-no-images\" style=\"--grid_separator_color:#d7dce0;\"><style type=\"text\/css\">.editor-blog-shortcode-1 .editor-blog-layout-grid .editor-post-grid{padding:20px;}.editor-blog-shortcode-1 .editor-posts-container{margin-left: -20px !important; margin-right:-20px !important;}<\/style><div class=\"editor-posts-container editor-posts-container-infinite editor-posts-container-load-more editor-blog-layout-grid editor-blog-layout-grid-1 isotope\" data-pages=\"30\" data-grid-col-space=\"40\" style=\"margin: -20px -20px 0;min-height:500px;\"><article id=\"blog-1-post-6157\" class=\"editor-post-grid post-6157 post type-post status-publish format-standard has-post-thumbnail hentry category-heinze category-marktforschung category-pressemeldung\">\n<div class=\"editor-post-wrapper\" style=\"background-color:rgba(242,244,245,1);border:1px solid #f2f4f5;border-bottom-width:3px;\"><div class=\"editor-post-content-wrapper\" style=\"padding:10px 10px 10px 10px;\"><div class=\"editor-post-content post-content\"><h2 class=\"blog-shortcode-post-title entry-title\"><a href=\"https:\/\/www.heinzemedien.de\/studie-informationsverhalten-von-architektinnen-und-planenden\/\">Studie: Informationsverhalten von Architekt:innen und Planenden<\/a><\/h2><p class=\"editor-single-line-meta\"><span>21.04.2026<\/span><span class=\"editor-inline-sep\">|<\/span><\/p><\/div><\/div><div class=\"editor-clearfix\"><\/div><\/div>\n<\/article>\n<article id=\"blog-1-post-6143\" class=\"editor-post-grid post-6143 post type-post status-publish format-standard has-post-thumbnail hentry category-heinze category-marktforschung category-pressemeldung\">\n<div class=\"editor-post-wrapper\" style=\"background-color:rgba(242,244,245,1);border:1px solid #f2f4f5;border-bottom-width:3px;\"><div class=\"editor-post-content-wrapper\" style=\"padding:10px 10px 10px 10px;\"><div class=\"editor-post-content post-content\"><h2 class=\"blog-shortcode-post-title entry-title\"><a href=\"https:\/\/www.heinzemedien.de\/was-haben-kinderwagen-mit-baugenehmigungen-zu-tun\/\">Was haben Kinderwagen mit Baugenehmigungen zu tun?<\/a><\/h2><p class=\"editor-single-line-meta\"><span>19.03.2026<\/span><span class=\"editor-inline-sep\">|<\/span><\/p><\/div><\/div><div class=\"editor-clearfix\"><\/div><\/div>\n<\/article>\n<article id=\"blog-1-post-6114\" class=\"editor-post-grid post-6114 post type-post status-publish format-standard has-post-thumbnail hentry category-events category-heinze category-pressemeldung\">\n<div class=\"editor-post-wrapper\" style=\"background-color:rgba(242,244,245,1);border:1px solid #f2f4f5;border-bottom-width:3px;\"><div class=\"editor-post-content-wrapper\" style=\"padding:10px 10px 10px 10px;\"><div class=\"editor-post-content post-content\"><h2 class=\"blog-shortcode-post-title entry-title\"><a href=\"https:\/\/www.heinzemedien.de\/heinze-architektour-2026-ab-juni-mit-realisierter-architektur\/\">Heinze ArchitekTOUR 2026 ab Juni mit realisierter Architektur<\/a><\/h2><p class=\"editor-single-line-meta\"><span>25.02.2026<\/span><span class=\"editor-inline-sep\">|<\/span><\/p><\/div><\/div><div class=\"editor-clearfix\"><\/div><\/div>\n<\/article>\n<article id=\"blog-1-post-6104\" class=\"editor-post-grid post-6104 post type-post status-publish format-standard has-post-thumbnail hentry category-events category-heinze category-pressemeldung\">\n<div class=\"editor-post-wrapper\" style=\"background-color:rgba(242,244,245,1);border:1px solid #f2f4f5;border-bottom-width:3px;\"><div class=\"editor-post-content-wrapper\" style=\"padding:10px 10px 10px 10px;\"><div class=\"editor-post-content post-content\"><h2 class=\"blog-shortcode-post-title entry-title\"><a href=\"https:\/\/www.heinzemedien.de\/digitalbau-koeln-heinze-laedt-zum-exklusiven-architects-run-ein\/\">digitalBAU K\u00f6ln: Heinze l\u00e4dt zum exklusiven Architects\u2019 Run ein<\/a><\/h2><p class=\"editor-single-line-meta\"><span>24.02.2026<\/span><span class=\"editor-inline-sep\">|<\/span><\/p><\/div><\/div><div class=\"editor-clearfix\"><\/div><\/div>\n<\/article>\n<article id=\"blog-1-post-6070\" class=\"editor-post-grid post-6070 post type-post status-publish format-standard has-post-thumbnail hentry category-events category-heinze category-pressemeldung\">\n<div class=\"editor-post-wrapper\" style=\"background-color:rgba(242,244,245,1);border:1px solid #f2f4f5;border-bottom-width:3px;\"><div class=\"editor-post-content-wrapper\" style=\"padding:10px 10px 10px 10px;\"><div class=\"editor-post-content post-content\"><h2 class=\"blog-shortcode-post-title entry-title\"><a href=\"https:\/\/www.heinzemedien.de\/bauwende-heinze-architekturaward-2026-gestartet\/\">Bauwende: Heinze ArchitekturAWARD 2026 gestartet<\/a><\/h2><p class=\"editor-single-line-meta\"><span>12.02.2026<\/span><span class=\"editor-inline-sep\">|<\/span><\/p><\/div><\/div><div class=\"editor-clearfix\"><\/div><\/div>\n<\/article>\n<div class=\"editor-clearfix\"><\/div><\/div><div class=\"editor-infinite-scroll-trigger\"><\/div><div class=\"pagination infinite-scroll clearfix\" style=\"display:none;\"><span class=\"current\">1<\/span><a href=\"https:\/\/www.heinzemedien.de\/heinze-api\/wp\/v2\/posts\/2392\/page\/2\/\" class=\"inactive\">2<\/a><a class=\"pagination-next\" rel=\"next\" href=\"https:\/\/www.heinzemedien.de\/heinze-api\/wp\/v2\/posts\/2392\/page\/2\/\"><span class=\"page-text\">Vor<\/span><span class=\"page-next\"><\/span><\/a><\/div><div class=\"editor-clearfix\"><\/div><button class=\"editor-load-more-button editor-blog-button editor-clearfix\">Mehr Beitr\u00e4ge laden<\/button><\/div><div class=\"editor-clearfix\"><\/div><\/div><\/div><\/div><div class=\"editor-clearfix\"><\/div><\/div><\/div><div class=\"editor-layout-column editor_builder_column editor-builder-column-2 editor_builder_column_1_6 1_6 editor-one-sixth editor-column-last editor-no-small-visibility editor-no-medium-visibility\" style=\"--awb-bg-size:cover;width:16.666666666667%;width:calc(16.666666666667% - ( ( 4% + 4% ) * 0.16666666666667 ) );\"><div class=\"editor-column-wrapper editor-column-has-shadow editor-flex-column-wrapper-legacy\"><div class=\"editor-clearfix\"><\/div><\/div><\/div><\/div><\/div>\n","protected":false},"excerpt":{"rendered":"","protected":false},"author":967,"featured_media":2400,"comment_status":"closed","ping_status":"closed","sticky":false,"template":"","format":"standard","meta":{"footnotes":""},"categories":[22,67],"tags":[],"class_list":["post-2392","post","type-post","status-publish","format-standard","has-post-thumbnail","hentry","category-events","category-pressemeldung"],"seo_head":"<!-- This site is optimized with the Yoast SEO plugin v27.2 - https:\/\/yoast.com\/product\/yoast-seo-wordpress\/ -->\n<title>2. Edition der Heinze ArchitekTOUR virtuell begeistert 2.000 Teilnehmer - Heinze - Your Networking Company<\/title>\n<meta name=\"robots\" content=\"index, follow, max-snippet:-1, max-image-preview:large, max-video-preview:-1\" \/>\n<link rel=\"canonical\" href=\"https:\/\/www.heinzemedien.de\/2-edition-der-heinze-architektour-virtuell-begeistert-2-000-teilnehmer\/\" \/>\n<meta property=\"og:locale\" content=\"de_DE\" \/>\n<meta property=\"og:type\" content=\"article\" \/>\n<meta property=\"og:title\" content=\"2. Edition der Heinze ArchitekTOUR virtuell begeistert 2.000 Teilnehmer - Heinze - Your Networking Company\" \/>\n<meta property=\"og:url\" content=\"https:\/\/www.heinzemedien.de\/2-edition-der-heinze-architektour-virtuell-begeistert-2-000-teilnehmer\/\" \/>\n<meta property=\"og:site_name\" content=\"Heinze - Your Networking Company\" \/>\n<meta property=\"article:published_time\" content=\"2020-10-29T13:27:47+00:00\" \/>\n<meta property=\"article:modified_time\" content=\"2020-11-02T08:44:12+00:00\" \/>\n<meta property=\"og:image\" content=\"https:\/\/www.heinzemedien.de\/data\/uploads\/2020\/10\/2020_10_Heinze_ArchitekTOUR_virtuell2_665x225.jpg\" \/>\n\t<meta property=\"og:image:width\" content=\"665\" \/>\n\t<meta property=\"og:image:height\" content=\"225\" \/>\n\t<meta property=\"og:image:type\" content=\"image\/jpeg\" \/>\n<meta name=\"author\" content=\"Steffi Dierking\" \/>\n<meta name=\"twitter:card\" content=\"summary_large_image\" \/>\n<meta name=\"twitter:label1\" content=\"Verfasst von\" \/>\n\t<meta name=\"twitter:data1\" content=\"Steffi Dierking\" \/>\n\t<meta name=\"twitter:label2\" content=\"Gesch\u00e4tzte Lesezeit\" \/>\n\t<meta name=\"twitter:data2\" content=\"12\u00a0Minuten\" \/>\n<script type=\"application\/ld+json\" class=\"seo-schema-graph\">{\"@context\":\"https:\/\/schema.org\",\"@graph\":[{\"@type\":\"Article\",\"@id\":\"https:\/\/www.heinzemedien.de\/2-edition-der-heinze-architektour-virtuell-begeistert-2-000-teilnehmer\/#article\",\"isPartOf\":{\"@id\":\"https:\/\/www.heinzemedien.de\/2-edition-der-heinze-architektour-virtuell-begeistert-2-000-teilnehmer\/\"},\"author\":{\"name\":\"Steffi Dierking\",\"@id\":\"https:\/\/www.heinzemedien.de\/#\/schema\/person\/75685e4bfe37871a38678a00b5def632\"},\"headline\":\"2. Edition der Heinze ArchitekTOUR virtuell begeistert 2.000 Teilnehmer\",\"datePublished\":\"2020-10-29T13:27:47+00:00\",\"dateModified\":\"2020-11-02T08:44:12+00:00\",\"mainEntityOfPage\":{\"@id\":\"https:\/\/www.heinzemedien.de\/2-edition-der-heinze-architektour-virtuell-begeistert-2-000-teilnehmer\/\"},\"wordCount\":2351,\"publisher\":{\"@id\":\"https:\/\/www.heinzemedien.de\/#organization\"},\"image\":{\"@id\":\"https:\/\/www.heinzemedien.de\/2-edition-der-heinze-architektour-virtuell-begeistert-2-000-teilnehmer\/#primaryimage\"},\"thumbnailUrl\":\"https:\/\/www.heinzemedien.de\/data\/uploads\/2020\/10\/2020_10_Heinze_ArchitekTOUR_virtuell2_665x225.jpg\",\"articleSection\":[\"Events\",\"Pressemeldung\"],\"inLanguage\":\"de\"},{\"@type\":\"WebPage\",\"@id\":\"https:\/\/www.heinzemedien.de\/2-edition-der-heinze-architektour-virtuell-begeistert-2-000-teilnehmer\/\",\"url\":\"https:\/\/www.heinzemedien.de\/2-edition-der-heinze-architektour-virtuell-begeistert-2-000-teilnehmer\/\",\"name\":\"2. Edition der Heinze ArchitekTOUR virtuell begeistert 2.000 Teilnehmer - Heinze - Your Networking Company\",\"isPartOf\":{\"@id\":\"https:\/\/www.heinzemedien.de\/#website\"},\"primaryImageOfPage\":{\"@id\":\"https:\/\/www.heinzemedien.de\/2-edition-der-heinze-architektour-virtuell-begeistert-2-000-teilnehmer\/#primaryimage\"},\"image\":{\"@id\":\"https:\/\/www.heinzemedien.de\/2-edition-der-heinze-architektour-virtuell-begeistert-2-000-teilnehmer\/#primaryimage\"},\"thumbnailUrl\":\"https:\/\/www.heinzemedien.de\/data\/uploads\/2020\/10\/2020_10_Heinze_ArchitekTOUR_virtuell2_665x225.jpg\",\"datePublished\":\"2020-10-29T13:27:47+00:00\",\"dateModified\":\"2020-11-02T08:44:12+00:00\",\"breadcrumb\":{\"@id\":\"https:\/\/www.heinzemedien.de\/2-edition-der-heinze-architektour-virtuell-begeistert-2-000-teilnehmer\/#breadcrumb\"},\"inLanguage\":\"de\",\"potentialAction\":[{\"@type\":\"ReadAction\",\"target\":[\"https:\/\/www.heinzemedien.de\/2-edition-der-heinze-architektour-virtuell-begeistert-2-000-teilnehmer\/\"]}]},{\"@type\":\"ImageObject\",\"inLanguage\":\"de\",\"@id\":\"https:\/\/www.heinzemedien.de\/2-edition-der-heinze-architektour-virtuell-begeistert-2-000-teilnehmer\/#primaryimage\",\"url\":\"https:\/\/www.heinzemedien.de\/data\/uploads\/2020\/10\/2020_10_Heinze_ArchitekTOUR_virtuell2_665x225.jpg\",\"contentUrl\":\"https:\/\/www.heinzemedien.de\/data\/uploads\/2020\/10\/2020_10_Heinze_ArchitekTOUR_virtuell2_665x225.jpg\",\"width\":665,\"height\":225},{\"@type\":\"BreadcrumbList\",\"@id\":\"https:\/\/www.heinzemedien.de\/2-edition-der-heinze-architektour-virtuell-begeistert-2-000-teilnehmer\/#breadcrumb\",\"itemListElement\":[{\"@type\":\"ListItem\",\"position\":1,\"name\":\"Startseite\",\"item\":\"https:\/\/www.heinzemedien.de\/\"},{\"@type\":\"ListItem\",\"position\":2,\"name\":\"2. Edition der Heinze ArchitekTOUR virtuell begeistert 2.000 Teilnehmer\"}]},{\"@type\":\"WebSite\",\"@id\":\"https:\/\/www.heinzemedien.de\/#website\",\"url\":\"https:\/\/www.heinzemedien.de\/\",\"name\":\"Heinze - Your Networking Company\",\"description\":\"\",\"publisher\":{\"@id\":\"https:\/\/www.heinzemedien.de\/#organization\"},\"potentialAction\":[{\"@type\":\"SearchAction\",\"target\":{\"@type\":\"EntryPoint\",\"urlTemplate\":\"https:\/\/www.heinzemedien.de\/?s={search_term_string}\"},\"query-input\":{\"@type\":\"PropertyValueSpecification\",\"valueRequired\":true,\"valueName\":\"search_term_string\"}}],\"inLanguage\":\"de\"},{\"@type\":\"Organization\",\"@id\":\"https:\/\/www.heinzemedien.de\/#organization\",\"name\":\"Heinze GmbH\",\"url\":\"https:\/\/www.heinzemedien.de\/\",\"logo\":{\"@type\":\"ImageObject\",\"inLanguage\":\"de\",\"@id\":\"https:\/\/www.heinzemedien.de\/#\/schema\/logo\/image\/\",\"url\":\"\",\"contentUrl\":\"\",\"caption\":\"Heinze GmbH\"},\"image\":{\"@id\":\"https:\/\/www.heinzemedien.de\/#\/schema\/logo\/image\/\"}},{\"@type\":\"Person\",\"@id\":\"https:\/\/www.heinzemedien.de\/#\/schema\/person\/75685e4bfe37871a38678a00b5def632\",\"name\":\"Steffi Dierking\",\"image\":{\"@type\":\"ImageObject\",\"inLanguage\":\"de\",\"@id\":\"https:\/\/secure.gravatar.com\/avatar\/2d27929188be43ca81b777fbaa37e7ea02819130806a6045a2998d7177edf38c?s=96&d=mm&r=g\",\"url\":\"https:\/\/secure.gravatar.com\/avatar\/2d27929188be43ca81b777fbaa37e7ea02819130806a6045a2998d7177edf38c?s=96&d=mm&r=g\",\"contentUrl\":\"https:\/\/secure.gravatar.com\/avatar\/2d27929188be43ca81b777fbaa37e7ea02819130806a6045a2998d7177edf38c?s=96&d=mm&r=g\",\"caption\":\"Steffi Dierking\"},\"url\":\"https:\/\/www.heinzemedien.de\/author\/dierking\/\"}]}<\/script>\n<!-- \/ Yoast SEO plugin. -->","seo_head_json":{"title":"2. Edition der Heinze ArchitekTOUR virtuell begeistert 2.000 Teilnehmer - Heinze - Your Networking Company","robots":{"index":"index","follow":"follow","max-snippet":"max-snippet:-1","max-image-preview":"max-image-preview:large","max-video-preview":"max-video-preview:-1"},"canonical":"https:\/\/www.heinzemedien.de\/2-edition-der-heinze-architektour-virtuell-begeistert-2-000-teilnehmer\/","og_locale":"de_DE","og_type":"article","og_title":"2. Edition der Heinze ArchitekTOUR virtuell begeistert 2.000 Teilnehmer - Heinze - Your Networking Company","og_url":"https:\/\/www.heinzemedien.de\/2-edition-der-heinze-architektour-virtuell-begeistert-2-000-teilnehmer\/","og_site_name":"Heinze - Your Networking Company","article_published_time":"2020-10-29T13:27:47+00:00","article_modified_time":"2020-11-02T08:44:12+00:00","og_image":[{"width":665,"height":225,"url":"https:\/\/www.heinzemedien.de\/data\/uploads\/2020\/10\/2020_10_Heinze_ArchitekTOUR_virtuell2_665x225.jpg","type":"image\/jpeg"}],"author":"Steffi Dierking","twitter_card":"summary_large_image","twitter_misc":{"Verfasst von":"Steffi Dierking","Gesch\u00e4tzte Lesezeit":"12\u00a0Minuten"},"schema":{"@context":"https:\/\/schema.org","@graph":[{"@type":"Article","@id":"https:\/\/www.heinzemedien.de\/2-edition-der-heinze-architektour-virtuell-begeistert-2-000-teilnehmer\/#article","isPartOf":{"@id":"https:\/\/www.heinzemedien.de\/2-edition-der-heinze-architektour-virtuell-begeistert-2-000-teilnehmer\/"},"author":{"name":"Steffi Dierking","@id":"https:\/\/www.heinzemedien.de\/#\/schema\/person\/75685e4bfe37871a38678a00b5def632"},"headline":"2. Edition der Heinze ArchitekTOUR virtuell begeistert 2.000 Teilnehmer","datePublished":"2020-10-29T13:27:47+00:00","dateModified":"2020-11-02T08:44:12+00:00","mainEntityOfPage":{"@id":"https:\/\/www.heinzemedien.de\/2-edition-der-heinze-architektour-virtuell-begeistert-2-000-teilnehmer\/"},"wordCount":2351,"publisher":{"@id":"https:\/\/www.heinzemedien.de\/#organization"},"image":{"@id":"https:\/\/www.heinzemedien.de\/2-edition-der-heinze-architektour-virtuell-begeistert-2-000-teilnehmer\/#primaryimage"},"thumbnailUrl":"https:\/\/www.heinzemedien.de\/data\/uploads\/2020\/10\/2020_10_Heinze_ArchitekTOUR_virtuell2_665x225.jpg","articleSection":["Events","Pressemeldung"],"inLanguage":"de"},{"@type":"WebPage","@id":"https:\/\/www.heinzemedien.de\/2-edition-der-heinze-architektour-virtuell-begeistert-2-000-teilnehmer\/","url":"https:\/\/www.heinzemedien.de\/2-edition-der-heinze-architektour-virtuell-begeistert-2-000-teilnehmer\/","name":"2. Edition der Heinze ArchitekTOUR virtuell begeistert 2.000 Teilnehmer - Heinze - Your Networking Company","isPartOf":{"@id":"https:\/\/www.heinzemedien.de\/#website"},"primaryImageOfPage":{"@id":"https:\/\/www.heinzemedien.de\/2-edition-der-heinze-architektour-virtuell-begeistert-2-000-teilnehmer\/#primaryimage"},"image":{"@id":"https:\/\/www.heinzemedien.de\/2-edition-der-heinze-architektour-virtuell-begeistert-2-000-teilnehmer\/#primaryimage"},"thumbnailUrl":"https:\/\/www.heinzemedien.de\/data\/uploads\/2020\/10\/2020_10_Heinze_ArchitekTOUR_virtuell2_665x225.jpg","datePublished":"2020-10-29T13:27:47+00:00","dateModified":"2020-11-02T08:44:12+00:00","breadcrumb":{"@id":"https:\/\/www.heinzemedien.de\/2-edition-der-heinze-architektour-virtuell-begeistert-2-000-teilnehmer\/#breadcrumb"},"inLanguage":"de","potentialAction":[{"@type":"ReadAction","target":["https:\/\/www.heinzemedien.de\/2-edition-der-heinze-architektour-virtuell-begeistert-2-000-teilnehmer\/"]}]},{"@type":"ImageObject","inLanguage":"de","@id":"https:\/\/www.heinzemedien.de\/2-edition-der-heinze-architektour-virtuell-begeistert-2-000-teilnehmer\/#primaryimage","url":"https:\/\/www.heinzemedien.de\/data\/uploads\/2020\/10\/2020_10_Heinze_ArchitekTOUR_virtuell2_665x225.jpg","contentUrl":"https:\/\/www.heinzemedien.de\/data\/uploads\/2020\/10\/2020_10_Heinze_ArchitekTOUR_virtuell2_665x225.jpg","width":665,"height":225},{"@type":"BreadcrumbList","@id":"https:\/\/www.heinzemedien.de\/2-edition-der-heinze-architektour-virtuell-begeistert-2-000-teilnehmer\/#breadcrumb","itemListElement":[{"@type":"ListItem","position":1,"name":"Startseite","item":"https:\/\/www.heinzemedien.de\/"},{"@type":"ListItem","position":2,"name":"2. Edition der Heinze ArchitekTOUR virtuell begeistert 2.000 Teilnehmer"}]},{"@type":"WebSite","@id":"https:\/\/www.heinzemedien.de\/#website","url":"https:\/\/www.heinzemedien.de\/","name":"Heinze - Your Networking Company","description":"","publisher":{"@id":"https:\/\/www.heinzemedien.de\/#organization"},"potentialAction":[{"@type":"SearchAction","target":{"@type":"EntryPoint","urlTemplate":"https:\/\/www.heinzemedien.de\/?s={search_term_string}"},"query-input":{"@type":"PropertyValueSpecification","valueRequired":true,"valueName":"search_term_string"}}],"inLanguage":"de"},{"@type":"Organization","@id":"https:\/\/www.heinzemedien.de\/#organization","name":"Heinze GmbH","url":"https:\/\/www.heinzemedien.de\/","logo":{"@type":"ImageObject","inLanguage":"de","@id":"https:\/\/www.heinzemedien.de\/#\/schema\/logo\/image\/","url":"","contentUrl":"","caption":"Heinze GmbH"},"image":{"@id":"https:\/\/www.heinzemedien.de\/#\/schema\/logo\/image\/"}},{"@type":"Person","@id":"https:\/\/www.heinzemedien.de\/#\/schema\/person\/75685e4bfe37871a38678a00b5def632","name":"Steffi Dierking","image":{"@type":"ImageObject","inLanguage":"de","@id":"https:\/\/secure.gravatar.com\/avatar\/2d27929188be43ca81b777fbaa37e7ea02819130806a6045a2998d7177edf38c?s=96&d=mm&r=g","url":"https:\/\/secure.gravatar.com\/avatar\/2d27929188be43ca81b777fbaa37e7ea02819130806a6045a2998d7177edf38c?s=96&d=mm&r=g","contentUrl":"https:\/\/secure.gravatar.com\/avatar\/2d27929188be43ca81b777fbaa37e7ea02819130806a6045a2998d7177edf38c?s=96&d=mm&r=g","caption":"Steffi Dierking"},"url":"https:\/\/www.heinzemedien.de\/author\/dierking\/"}]}},"_links":{"self":[{"href":"https:\/\/www.heinzemedien.de\/heinze-api\/wp\/v2\/posts\/2392","targetHints":{"allow":["GET"]}}],"collection":[{"href":"https:\/\/www.heinzemedien.de\/heinze-api\/wp\/v2\/posts"}],"about":[{"href":"https:\/\/www.heinzemedien.de\/heinze-api\/wp\/v2\/types\/post"}],"author":[{"embeddable":true,"href":"https:\/\/www.heinzemedien.de\/heinze-api\/wp\/v2\/users\/967"}],"replies":[{"embeddable":true,"href":"https:\/\/www.heinzemedien.de\/heinze-api\/wp\/v2\/comments?post=2392"}],"version-history":[{"count":0,"href":"https:\/\/www.heinzemedien.de\/heinze-api\/wp\/v2\/posts\/2392\/revisions"}],"wp:featuredmedia":[{"embeddable":true,"href":"https:\/\/www.heinzemedien.de\/heinze-api\/wp\/v2\/media\/2400"}],"wp:attachment":[{"href":"https:\/\/www.heinzemedien.de\/heinze-api\/wp\/v2\/media?parent=2392"}],"wp:term":[{"taxonomy":"category","embeddable":true,"href":"https:\/\/www.heinzemedien.de\/heinze-api\/wp\/v2\/categories?post=2392"},{"taxonomy":"post_tag","embeddable":true,"href":"https:\/\/www.heinzemedien.de\/heinze-api\/wp\/v2\/tags?post=2392"}],"curies":[{"name":"wp","href":"https:\/\/api.w.org\/{rel}","templated":true}]}}