{"id":1932,"date":"2020-02-27T12:25:54","date_gmt":"2020-02-27T11:25:54","guid":{"rendered":"http:\/\/3.125.253.212\/?p=1932"},"modified":"2020-02-27T12:25:54","modified_gmt":"2020-02-27T11:25:54","slug":"wohnen-im-alter-heinze-marktforschung-veroeffentlicht-neue-studie-zu-den-zukuenftigen-wohnwuenschen-der-heute-50-bis-65-jaehrigen","status":"publish","type":"post","link":"https:\/\/www.heinzemedien.de\/wohnen-im-alter-heinze-marktforschung-veroeffentlicht-neue-studie-zu-den-zukuenftigen-wohnwuenschen-der-heute-50-bis-65-jaehrigen\/","title":{"rendered":"\u201eWohnen im Alter\u201c \u2013 Heinze Marktforschung ver\u00f6ffentlicht neue Studie zu den zuk\u00fcnftigen Wohnw\u00fcnschen der heute 50- bis 65-J\u00e4hrigen"},"content":{"rendered":"<div class=\"editor-fullwidth fullwidth-box editor-builder-row-1 nonhundred-percent-fullwidth non-hundred-percent-height-scrolling\" style=\"--awb-border-radius-top-left:0px;--awb-border-radius-top-right:0px;--awb-border-radius-bottom-right:0px;--awb-border-radius-bottom-left:0px;--awb-padding-top:70px;--awb-padding-bottom:70px;--awb-margin-top:1px;--awb-background-color:#ffffff;--awb-flex-wrap:wrap;\" ><div class=\"editor-builder-row editor-row\"><div class=\"editor-layout-column editor_builder_column editor-builder-column-0 editor_builder_column_1_6 1_6 editor-one-sixth editor-column-first editor-no-small-visibility editor-no-medium-visibility\" style=\"--awb-bg-size:cover;width:16.666666666667%;width:calc(16.666666666667% - ( ( 4% + 4% ) * 0.16666666666667 ) );margin-right: 4%;\"><div class=\"editor-column-wrapper editor-column-has-shadow editor-flex-column-wrapper-legacy\"><div class=\"editor-clearfix\"><\/div><\/div><\/div><div class=\"editor-layout-column editor_builder_column editor-builder-column-1 editor_builder_column_2_3 2_3 editor-two-third mediumFullSizeColumn\" style=\"--awb-bg-size:cover;width:66.666666666667%;width:calc(66.666666666667% - ( ( 4% + 4% ) * 0.66666666666667 ) );margin-right: 4%;\"><div class=\"editor-column-wrapper editor-column-has-shadow editor-flex-column-wrapper-legacy\"><div class=\"editor-builder-row editor-builder-row-inner editor-row\"><div class=\"editor-layout-column editor_builder_column_inner editor-builder-nested-column-0 editor_builder_column_inner_2_3 2_3 editor-two-third editor-column-first\" style=\"--awb-padding-bottom:30px;--awb-bg-size:cover;width:66.666666666667%;width:calc(66.666666666667% - ( ( 4% ) * 0.66666666666667 ) );margin-right: 4%;\"><div class=\"editor-column-wrapper editor-column-has-shadow editor-flex-column-wrapper-legacy\"><div class=\"editor-image-element in-legacy-container\" style=\"--awb-caption-title-font-family:var(--h2_typography-font-family);--awb-caption-title-font-weight:var(--h2_typography-font-weight);--awb-caption-title-font-style:var(--h2_typography-font-style);--awb-caption-title-size:var(--h2_typography-font-size);--awb-caption-title-transform:var(--h2_typography-text-transform);--awb-caption-title-line-height:var(--h2_typography-line-height);--awb-caption-title-letter-spacing:var(--h2_typography-letter-spacing);\"><span class=\" editor-imageframe imageframe-none imageframe-1 hover-type-none\"><img decoding=\"async\" width=\"665\" height=\"470\" title=\"PM_Heinze_Wohnen_im_Alter_Infografik_665x470\" src=\"https:\/\/www.heinzemedien.de\/data\/uploads\/2020\/02\/PM_Heinze_Wohnen_im_Alter_Infografik_665x470.jpg\" data-orig-src=\"https:\/\/www.heinzemedien.de\/data\/uploads\/2020\/02\/PM_Heinze_Wohnen_im_Alter_Infografik_665x470.jpg\" alt class=\"lazyload img-responsive hz-image-1931\" srcset=\"data:image\/svg+xml,%3Csvg%20xmlns%3D%27http%3A%2F%2Fwww.w3.org%2F2000%2Fsvg%27%20width%3D%27665%27%20height%3D%27470%27%20viewBox%3D%270%200%20665%20470%27%3E%3Crect%20width%3D%27665%27%20height%3D%27470%27%20fill-opacity%3D%220%22%2F%3E%3C%2Fsvg%3E\" data-srcset=\"https:\/\/www.heinzemedien.de\/data\/uploads\/2020\/02\/PM_Heinze_Wohnen_im_Alter_Infografik_665x470-200x141.jpg 200w, https:\/\/www.heinzemedien.de\/data\/uploads\/2020\/02\/PM_Heinze_Wohnen_im_Alter_Infografik_665x470-400x283.jpg 400w, https:\/\/www.heinzemedien.de\/data\/uploads\/2020\/02\/PM_Heinze_Wohnen_im_Alter_Infografik_665x470-600x424.jpg 600w, https:\/\/www.heinzemedien.de\/data\/uploads\/2020\/02\/PM_Heinze_Wohnen_im_Alter_Infografik_665x470.jpg 665w\" data-sizes=\"auto\" data-orig-sizes=\"(max-width: 768px) 100vw, 665px\" \/><\/span><\/div><div class=\"editor-sep-clear\"><\/div><div class=\"editor-separator editor-full-width-sep\" style=\"margin-left: auto;margin-right: auto;margin-top:20px;margin-bottom:20px;width:100%;\"><\/div><div class=\"editor-sep-clear\"><\/div><div class=\"editor-text editor-text-1\"><p>Celle, Februar 2020 \u2013 Die j\u00fcngste Studie der Heinze Marktforschung liefert wichtige Erkenntnisse \u00fcber die zuk\u00fcnftigen Wohnw\u00fcnsche der heute 50- bis 65-J\u00e4hrigen. In den n\u00e4chsten 10 bis 15 Jahren werden \u00fcber 10 Millionen Menschen in den Ruhestand gehen. Die anstehenden Neubau- und Modernisierungst\u00e4tigkeiten werden signifikant davon beeinflusst, ob die Bev\u00f6lkerungsgruppe im Alter von 50 bis 65 Jahren ihre Zukunft eher in l\u00e4ndlichen oder st\u00e4dtischen Regionen sieht. Ausschlaggebend ist ebenfalls, ob die Eigenheimbesitzer von heute ihr Haus sp\u00e4ter lieber gegen eine Wohnung in einem Mehrfamilienhaus eintauschen m\u00f6chten.<\/p>\n<p>Mittels der Ergebnisse werden langfristige bau- und nachfragebezogene Entwicklungen in der Wohnungswirtschaft einsch\u00e4tzbar. Alle am Bau beteiligten Zielgruppen sowie politische Entscheidungstr\u00e4ger haben somit die Chance, sich mit den komplexen Wohnw\u00fcnschen dieser bedeutsamen und gro\u00dfen Altersgruppe aus-einanderzusetzen und auf die Nachfrage entsprechend vorbereitet zu sein.<\/p>\n<p>Grundlage f\u00fcr die umfassende Online-Befragung war ein repr\u00e4sentatives Haushaltspanel, bei der die Haushaltsvorst\u00e4nde der Altersgruppe der 50- bis 65-J\u00e4hrigen in Deutschland befragt wurden. 1.130 Personen haben sich beteiligt. Initiiert und konzipiert wurde die Studie von der unabh\u00e4ngig agierenden Heinze Marktforschung. Der rund 70 Seiten umfassende PDF-Bericht kann bei der Heinze Marktforschung f\u00fcr 650 Euro zzgl. MwSt. bestellt werden. Bei weiteren Fragen oder Interesse an der Studie wenden Sie sich gern direkt an die Heinze Marktforschung unter Telefon 05141 50-101 oder E-Mail\u00a0<a href=\"mailto:marktforschung@heinze.de\">marktforschung@heinze.de<\/a>.<\/p>\n<h4>Hintergrund<\/h4>\n<p>Die Heinze Marktforschung geh\u00f6rt zur Heinze GmbH und hat sich aufgrund jahrzehntelanger Erfahrung bei der Generierung eigener Marktdaten sowie der Aufbereitung und Interpretation externer Daten als Spezialist f\u00fcr Marktforschung im Baubereich etabliert. Sie versorgt mit Studien und Prognosen sowohl Bauprodukt-Hersteller, Architekten, Fachh\u00e4ndler und Verarbeiter als auch privater Bauherren und Modernisierer mit aktuellen und relevanten Informationen.<\/p>\n<\/div><div class=\"editor-button-wrapper\"><a class=\"editor-button button-flat button-xlarge button-default editor-button-default button-1 editor-button-default-span editor-button-default-type\" target=\"_self\" href=\"\/hz-content\/uploads\/2020\/02\/PM_Heinze_Wohnen_im_Alter.zip\"><span class=\"editor-button-text awb-button__text awb-button__text--default\">Download Pressekit<\/span><\/a><\/div><div class=\"editor-clearfix\"><\/div><\/div><\/div><div class=\"editor-layout-column editor_builder_column_inner editor-builder-nested-column-1 editor_builder_column_inner_1_3 1_3 editor-one-third editor-column-last cssNewsAside\" style=\"--awb-padding-top:30px;--awb-padding-right:30px;--awb-padding-bottom:30px;--awb-padding-left:30px;--awb-bg-color:#f2f4f5;--awb-bg-color-hover:#f2f4f5;--awb-bg-size:cover;width:33.333333333333%;width:calc(33.333333333333% - ( ( 4% ) * 0.33333333333333 ) );\"><div class=\"editor-column-wrapper editor-column-has-shadow editor-flex-column-wrapper-legacy\"><div class=\"editor-title title editor-title-1 editor-sep-none editor-title-text editor-title-size-one\" style=\"--awb-margin-top-small:0px;--awb-margin-right-small:0px;--awb-margin-bottom-small:20px;--awb-margin-left-small:0px;\"><h1 class=\"editor-title-heading title-heading-left editor-responsive-typography-calculated\" style=\"margin:0;--fontSize:45;line-height:1.3;\"><h4 class=\"cssMainHeadline editor-responsive-typography-calculated\" data-fontsize=\"45\" data-lineheight=\"58.5px\">Weitere Neuigkeiten<\/h4><\/h1><\/div><div class=\"editor-blog-shortcode editor-blog-shortcode-1 editor-blog-archive editor-blog-layout-grid-wrapper editor-blog-infinite editor-blog-no-images\" style=\"--grid_separator_color:#d7dce0;\"><style type=\"text\/css\">.editor-blog-shortcode-1 .editor-blog-layout-grid .editor-post-grid{padding:20px;}.editor-blog-shortcode-1 .editor-posts-container{margin-left: -20px !important; margin-right:-20px !important;}<\/style><div class=\"editor-posts-container editor-posts-container-infinite editor-posts-container-load-more editor-blog-layout-grid editor-blog-layout-grid-1 isotope\" data-pages=\"30\" data-grid-col-space=\"40\" style=\"margin: -20px -20px 0;min-height:500px;\"><article id=\"blog-1-post-6157\" class=\"editor-post-grid post-6157 post type-post status-publish format-standard has-post-thumbnail hentry category-heinze category-marktforschung category-pressemeldung\">\n<div class=\"editor-post-wrapper\" style=\"background-color:rgba(242,244,245,1);border:1px solid #f2f4f5;border-bottom-width:3px;\"><div class=\"editor-post-content-wrapper\" style=\"padding:10px 10px 10px 10px;\"><div class=\"editor-post-content post-content\"><h2 class=\"blog-shortcode-post-title entry-title\"><a href=\"https:\/\/www.heinzemedien.de\/studie-informationsverhalten-von-architektinnen-und-planenden\/\">Studie: Informationsverhalten von Architekt:innen und Planenden<\/a><\/h2><p class=\"editor-single-line-meta\"><span>21.04.2026<\/span><span class=\"editor-inline-sep\">|<\/span><\/p><\/div><\/div><div class=\"editor-clearfix\"><\/div><\/div>\n<\/article>\n<article id=\"blog-1-post-6143\" class=\"editor-post-grid post-6143 post type-post status-publish format-standard has-post-thumbnail hentry category-heinze category-marktforschung category-pressemeldung\">\n<div class=\"editor-post-wrapper\" style=\"background-color:rgba(242,244,245,1);border:1px solid #f2f4f5;border-bottom-width:3px;\"><div class=\"editor-post-content-wrapper\" style=\"padding:10px 10px 10px 10px;\"><div class=\"editor-post-content post-content\"><h2 class=\"blog-shortcode-post-title entry-title\"><a href=\"https:\/\/www.heinzemedien.de\/was-haben-kinderwagen-mit-baugenehmigungen-zu-tun\/\">Was haben Kinderwagen mit Baugenehmigungen zu tun?<\/a><\/h2><p class=\"editor-single-line-meta\"><span>19.03.2026<\/span><span class=\"editor-inline-sep\">|<\/span><\/p><\/div><\/div><div class=\"editor-clearfix\"><\/div><\/div>\n<\/article>\n<article id=\"blog-1-post-6114\" class=\"editor-post-grid post-6114 post type-post status-publish format-standard has-post-thumbnail hentry category-events category-heinze category-pressemeldung\">\n<div class=\"editor-post-wrapper\" style=\"background-color:rgba(242,244,245,1);border:1px solid #f2f4f5;border-bottom-width:3px;\"><div class=\"editor-post-content-wrapper\" style=\"padding:10px 10px 10px 10px;\"><div class=\"editor-post-content post-content\"><h2 class=\"blog-shortcode-post-title entry-title\"><a href=\"https:\/\/www.heinzemedien.de\/heinze-architektour-2026-ab-juni-mit-realisierter-architektur\/\">Heinze ArchitekTOUR 2026 ab Juni mit realisierter Architektur<\/a><\/h2><p class=\"editor-single-line-meta\"><span>25.02.2026<\/span><span class=\"editor-inline-sep\">|<\/span><\/p><\/div><\/div><div class=\"editor-clearfix\"><\/div><\/div>\n<\/article>\n<article id=\"blog-1-post-6104\" class=\"editor-post-grid post-6104 post type-post status-publish format-standard has-post-thumbnail hentry category-events category-heinze category-pressemeldung\">\n<div class=\"editor-post-wrapper\" style=\"background-color:rgba(242,244,245,1);border:1px solid #f2f4f5;border-bottom-width:3px;\"><div class=\"editor-post-content-wrapper\" style=\"padding:10px 10px 10px 10px;\"><div class=\"editor-post-content post-content\"><h2 class=\"blog-shortcode-post-title entry-title\"><a href=\"https:\/\/www.heinzemedien.de\/digitalbau-koeln-heinze-laedt-zum-exklusiven-architects-run-ein\/\">digitalBAU K\u00f6ln: Heinze l\u00e4dt zum exklusiven Architects\u2019 Run ein<\/a><\/h2><p class=\"editor-single-line-meta\"><span>24.02.2026<\/span><span class=\"editor-inline-sep\">|<\/span><\/p><\/div><\/div><div class=\"editor-clearfix\"><\/div><\/div>\n<\/article>\n<article id=\"blog-1-post-6070\" class=\"editor-post-grid post-6070 post type-post status-publish format-standard has-post-thumbnail hentry category-events category-heinze category-pressemeldung\">\n<div class=\"editor-post-wrapper\" style=\"background-color:rgba(242,244,245,1);border:1px solid #f2f4f5;border-bottom-width:3px;\"><div class=\"editor-post-content-wrapper\" style=\"padding:10px 10px 10px 10px;\"><div class=\"editor-post-content post-content\"><h2 class=\"blog-shortcode-post-title entry-title\"><a href=\"https:\/\/www.heinzemedien.de\/bauwende-heinze-architekturaward-2026-gestartet\/\">Bauwende: Heinze ArchitekturAWARD 2026 gestartet<\/a><\/h2><p class=\"editor-single-line-meta\"><span>12.02.2026<\/span><span class=\"editor-inline-sep\">|<\/span><\/p><\/div><\/div><div class=\"editor-clearfix\"><\/div><\/div>\n<\/article>\n<div class=\"editor-clearfix\"><\/div><\/div><div class=\"editor-infinite-scroll-trigger\"><\/div><div class=\"pagination infinite-scroll clearfix\" style=\"display:none;\"><span class=\"current\">1<\/span><a href=\"https:\/\/www.heinzemedien.de\/heinze-api\/wp\/v2\/posts\/1932\/page\/2\/\" class=\"inactive\">2<\/a><a class=\"pagination-next\" rel=\"next\" href=\"https:\/\/www.heinzemedien.de\/heinze-api\/wp\/v2\/posts\/1932\/page\/2\/\"><span class=\"page-text\">Vor<\/span><span class=\"page-next\"><\/span><\/a><\/div><div class=\"editor-clearfix\"><\/div><button class=\"editor-load-more-button editor-blog-button editor-clearfix\">Mehr Beitr\u00e4ge laden<\/button><\/div><div class=\"editor-clearfix\"><\/div><\/div><\/div><\/div><div class=\"editor-clearfix\"><\/div><\/div><\/div><div class=\"editor-layout-column editor_builder_column editor-builder-column-2 editor_builder_column_1_6 1_6 editor-one-sixth editor-column-last editor-no-small-visibility editor-no-medium-visibility\" style=\"--awb-bg-size:cover;width:16.666666666667%;width:calc(16.666666666667% - ( ( 4% + 4% ) * 0.16666666666667 ) );\"><div class=\"editor-column-wrapper editor-column-has-shadow editor-flex-column-wrapper-legacy\"><div class=\"editor-clearfix\"><\/div><\/div><\/div><\/div><\/div>\n","protected":false},"excerpt":{"rendered":"","protected":false},"author":1,"featured_media":0,"comment_status":"open","ping_status":"closed","sticky":false,"template":"","format":"standard","meta":{"footnotes":""},"categories":[67],"tags":[],"class_list":["post-1932","post","type-post","status-publish","format-standard","hentry","category-pressemeldung"],"seo_head":"<!-- This site is optimized with the Yoast SEO plugin v27.2 - https:\/\/yoast.com\/product\/yoast-seo-wordpress\/ -->\n<title>\u201eWohnen im Alter\u201c \u2013 Heinze Marktforschung ver\u00f6ffentlicht neue Studie zu den zuk\u00fcnftigen Wohnw\u00fcnschen der heute 50- bis 65-J\u00e4hrigen - Heinze - Your Networking Company<\/title>\n<meta name=\"robots\" content=\"index, follow, max-snippet:-1, max-image-preview:large, max-video-preview:-1\" \/>\n<link rel=\"canonical\" href=\"https:\/\/www.heinzemedien.de\/wohnen-im-alter-heinze-marktforschung-veroeffentlicht-neue-studie-zu-den-zukuenftigen-wohnwuenschen-der-heute-50-bis-65-jaehrigen\/\" \/>\n<meta property=\"og:locale\" content=\"de_DE\" \/>\n<meta property=\"og:type\" content=\"article\" \/>\n<meta property=\"og:title\" content=\"\u201eWohnen im Alter\u201c \u2013 Heinze Marktforschung ver\u00f6ffentlicht neue Studie zu den zuk\u00fcnftigen Wohnw\u00fcnschen der heute 50- bis 65-J\u00e4hrigen - Heinze - Your Networking Company\" \/>\n<meta property=\"og:url\" content=\"https:\/\/www.heinzemedien.de\/wohnen-im-alter-heinze-marktforschung-veroeffentlicht-neue-studie-zu-den-zukuenftigen-wohnwuenschen-der-heute-50-bis-65-jaehrigen\/\" \/>\n<meta property=\"og:site_name\" content=\"Heinze - Your Networking Company\" \/>\n<meta property=\"article:published_time\" content=\"2020-02-27T11:25:54+00:00\" \/>\n<meta name=\"author\" content=\"sascha.wojewsky@heinze.de\" \/>\n<meta name=\"twitter:card\" content=\"summary_large_image\" \/>\n<meta name=\"twitter:label1\" content=\"Verfasst von\" \/>\n\t<meta name=\"twitter:data1\" content=\"sascha.wojewsky@heinze.de\" \/>\n\t<meta name=\"twitter:label2\" content=\"Gesch\u00e4tzte Lesezeit\" \/>\n\t<meta name=\"twitter:data2\" content=\"9\u00a0Minuten\" \/>\n<script type=\"application\/ld+json\" class=\"seo-schema-graph\">{\"@context\":\"https:\/\/schema.org\",\"@graph\":[{\"@type\":\"Article\",\"@id\":\"https:\/\/www.heinzemedien.de\/wohnen-im-alter-heinze-marktforschung-veroeffentlicht-neue-studie-zu-den-zukuenftigen-wohnwuenschen-der-heute-50-bis-65-jaehrigen\/#article\",\"isPartOf\":{\"@id\":\"https:\/\/www.heinzemedien.de\/wohnen-im-alter-heinze-marktforschung-veroeffentlicht-neue-studie-zu-den-zukuenftigen-wohnwuenschen-der-heute-50-bis-65-jaehrigen\/\"},\"author\":{\"name\":\"sascha.wojewsky@heinze.de\",\"@id\":\"https:\/\/www.heinzemedien.de\/#\/schema\/person\/6943ea7a20b4d89dd50ae7e2aadae676\"},\"headline\":\"\u201eWohnen im Alter\u201c \u2013 Heinze Marktforschung ver\u00f6ffentlicht neue Studie zu den zuk\u00fcnftigen Wohnw\u00fcnschen der heute 50- bis 65-J\u00e4hrigen\",\"datePublished\":\"2020-02-27T11:25:54+00:00\",\"mainEntityOfPage\":{\"@id\":\"https:\/\/www.heinzemedien.de\/wohnen-im-alter-heinze-marktforschung-veroeffentlicht-neue-studie-zu-den-zukuenftigen-wohnwuenschen-der-heute-50-bis-65-jaehrigen\/\"},\"wordCount\":1895,\"commentCount\":0,\"publisher\":{\"@id\":\"https:\/\/www.heinzemedien.de\/#organization\"},\"articleSection\":[\"Pressemeldung\"],\"inLanguage\":\"de\"},{\"@type\":\"WebPage\",\"@id\":\"https:\/\/www.heinzemedien.de\/wohnen-im-alter-heinze-marktforschung-veroeffentlicht-neue-studie-zu-den-zukuenftigen-wohnwuenschen-der-heute-50-bis-65-jaehrigen\/\",\"url\":\"https:\/\/www.heinzemedien.de\/wohnen-im-alter-heinze-marktforschung-veroeffentlicht-neue-studie-zu-den-zukuenftigen-wohnwuenschen-der-heute-50-bis-65-jaehrigen\/\",\"name\":\"\u201eWohnen im Alter\u201c \u2013 Heinze Marktforschung ver\u00f6ffentlicht neue Studie zu den zuk\u00fcnftigen Wohnw\u00fcnschen der heute 50- bis 65-J\u00e4hrigen - Heinze - Your Networking Company\",\"isPartOf\":{\"@id\":\"https:\/\/www.heinzemedien.de\/#website\"},\"datePublished\":\"2020-02-27T11:25:54+00:00\",\"breadcrumb\":{\"@id\":\"https:\/\/www.heinzemedien.de\/wohnen-im-alter-heinze-marktforschung-veroeffentlicht-neue-studie-zu-den-zukuenftigen-wohnwuenschen-der-heute-50-bis-65-jaehrigen\/#breadcrumb\"},\"inLanguage\":\"de\",\"potentialAction\":[{\"@type\":\"ReadAction\",\"target\":[\"https:\/\/www.heinzemedien.de\/wohnen-im-alter-heinze-marktforschung-veroeffentlicht-neue-studie-zu-den-zukuenftigen-wohnwuenschen-der-heute-50-bis-65-jaehrigen\/\"]}]},{\"@type\":\"BreadcrumbList\",\"@id\":\"https:\/\/www.heinzemedien.de\/wohnen-im-alter-heinze-marktforschung-veroeffentlicht-neue-studie-zu-den-zukuenftigen-wohnwuenschen-der-heute-50-bis-65-jaehrigen\/#breadcrumb\",\"itemListElement\":[{\"@type\":\"ListItem\",\"position\":1,\"name\":\"Startseite\",\"item\":\"https:\/\/www.heinzemedien.de\/\"},{\"@type\":\"ListItem\",\"position\":2,\"name\":\"\u201eWohnen im Alter\u201c \u2013 Heinze Marktforschung ver\u00f6ffentlicht neue Studie zu den zuk\u00fcnftigen Wohnw\u00fcnschen der heute 50- bis 65-J\u00e4hrigen\"}]},{\"@type\":\"WebSite\",\"@id\":\"https:\/\/www.heinzemedien.de\/#website\",\"url\":\"https:\/\/www.heinzemedien.de\/\",\"name\":\"Heinze - Your Networking Company\",\"description\":\"\",\"publisher\":{\"@id\":\"https:\/\/www.heinzemedien.de\/#organization\"},\"potentialAction\":[{\"@type\":\"SearchAction\",\"target\":{\"@type\":\"EntryPoint\",\"urlTemplate\":\"https:\/\/www.heinzemedien.de\/?s={search_term_string}\"},\"query-input\":{\"@type\":\"PropertyValueSpecification\",\"valueRequired\":true,\"valueName\":\"search_term_string\"}}],\"inLanguage\":\"de\"},{\"@type\":\"Organization\",\"@id\":\"https:\/\/www.heinzemedien.de\/#organization\",\"name\":\"Heinze GmbH\",\"url\":\"https:\/\/www.heinzemedien.de\/\",\"logo\":{\"@type\":\"ImageObject\",\"inLanguage\":\"de\",\"@id\":\"https:\/\/www.heinzemedien.de\/#\/schema\/logo\/image\/\",\"url\":\"\",\"contentUrl\":\"\",\"caption\":\"Heinze GmbH\"},\"image\":{\"@id\":\"https:\/\/www.heinzemedien.de\/#\/schema\/logo\/image\/\"}},{\"@type\":\"Person\",\"@id\":\"https:\/\/www.heinzemedien.de\/#\/schema\/person\/6943ea7a20b4d89dd50ae7e2aadae676\",\"name\":\"sascha.wojewsky@heinze.de\",\"image\":{\"@type\":\"ImageObject\",\"inLanguage\":\"de\",\"@id\":\"https:\/\/secure.gravatar.com\/avatar\/94996785d6a059200f2d603a8af4b00d7f8894ffca212c1790496c8c52813d31?s=96&d=mm&r=g\",\"url\":\"https:\/\/secure.gravatar.com\/avatar\/94996785d6a059200f2d603a8af4b00d7f8894ffca212c1790496c8c52813d31?s=96&d=mm&r=g\",\"contentUrl\":\"https:\/\/secure.gravatar.com\/avatar\/94996785d6a059200f2d603a8af4b00d7f8894ffca212c1790496c8c52813d31?s=96&d=mm&r=g\",\"caption\":\"sascha.wojewsky@heinze.de\"},\"url\":\"https:\/\/www.heinzemedien.de\/author\/sascha-wojewskyheinze-de\/\"}]}<\/script>\n<!-- \/ Yoast SEO plugin. -->","seo_head_json":{"title":"\u201eWohnen im Alter\u201c \u2013 Heinze Marktforschung ver\u00f6ffentlicht neue Studie zu den zuk\u00fcnftigen Wohnw\u00fcnschen der heute 50- bis 65-J\u00e4hrigen - Heinze - Your Networking Company","robots":{"index":"index","follow":"follow","max-snippet":"max-snippet:-1","max-image-preview":"max-image-preview:large","max-video-preview":"max-video-preview:-1"},"canonical":"https:\/\/www.heinzemedien.de\/wohnen-im-alter-heinze-marktforschung-veroeffentlicht-neue-studie-zu-den-zukuenftigen-wohnwuenschen-der-heute-50-bis-65-jaehrigen\/","og_locale":"de_DE","og_type":"article","og_title":"\u201eWohnen im Alter\u201c \u2013 Heinze Marktforschung ver\u00f6ffentlicht neue Studie zu den zuk\u00fcnftigen Wohnw\u00fcnschen der heute 50- bis 65-J\u00e4hrigen - Heinze - Your Networking Company","og_url":"https:\/\/www.heinzemedien.de\/wohnen-im-alter-heinze-marktforschung-veroeffentlicht-neue-studie-zu-den-zukuenftigen-wohnwuenschen-der-heute-50-bis-65-jaehrigen\/","og_site_name":"Heinze - Your Networking Company","article_published_time":"2020-02-27T11:25:54+00:00","author":"sascha.wojewsky@heinze.de","twitter_card":"summary_large_image","twitter_misc":{"Verfasst von":"sascha.wojewsky@heinze.de","Gesch\u00e4tzte Lesezeit":"9\u00a0Minuten"},"schema":{"@context":"https:\/\/schema.org","@graph":[{"@type":"Article","@id":"https:\/\/www.heinzemedien.de\/wohnen-im-alter-heinze-marktforschung-veroeffentlicht-neue-studie-zu-den-zukuenftigen-wohnwuenschen-der-heute-50-bis-65-jaehrigen\/#article","isPartOf":{"@id":"https:\/\/www.heinzemedien.de\/wohnen-im-alter-heinze-marktforschung-veroeffentlicht-neue-studie-zu-den-zukuenftigen-wohnwuenschen-der-heute-50-bis-65-jaehrigen\/"},"author":{"name":"sascha.wojewsky@heinze.de","@id":"https:\/\/www.heinzemedien.de\/#\/schema\/person\/6943ea7a20b4d89dd50ae7e2aadae676"},"headline":"\u201eWohnen im Alter\u201c \u2013 Heinze Marktforschung ver\u00f6ffentlicht neue Studie zu den zuk\u00fcnftigen Wohnw\u00fcnschen der heute 50- bis 65-J\u00e4hrigen","datePublished":"2020-02-27T11:25:54+00:00","mainEntityOfPage":{"@id":"https:\/\/www.heinzemedien.de\/wohnen-im-alter-heinze-marktforschung-veroeffentlicht-neue-studie-zu-den-zukuenftigen-wohnwuenschen-der-heute-50-bis-65-jaehrigen\/"},"wordCount":1895,"commentCount":0,"publisher":{"@id":"https:\/\/www.heinzemedien.de\/#organization"},"articleSection":["Pressemeldung"],"inLanguage":"de"},{"@type":"WebPage","@id":"https:\/\/www.heinzemedien.de\/wohnen-im-alter-heinze-marktforschung-veroeffentlicht-neue-studie-zu-den-zukuenftigen-wohnwuenschen-der-heute-50-bis-65-jaehrigen\/","url":"https:\/\/www.heinzemedien.de\/wohnen-im-alter-heinze-marktforschung-veroeffentlicht-neue-studie-zu-den-zukuenftigen-wohnwuenschen-der-heute-50-bis-65-jaehrigen\/","name":"\u201eWohnen im Alter\u201c \u2013 Heinze Marktforschung ver\u00f6ffentlicht neue Studie zu den zuk\u00fcnftigen Wohnw\u00fcnschen der heute 50- bis 65-J\u00e4hrigen - Heinze - Your Networking Company","isPartOf":{"@id":"https:\/\/www.heinzemedien.de\/#website"},"datePublished":"2020-02-27T11:25:54+00:00","breadcrumb":{"@id":"https:\/\/www.heinzemedien.de\/wohnen-im-alter-heinze-marktforschung-veroeffentlicht-neue-studie-zu-den-zukuenftigen-wohnwuenschen-der-heute-50-bis-65-jaehrigen\/#breadcrumb"},"inLanguage":"de","potentialAction":[{"@type":"ReadAction","target":["https:\/\/www.heinzemedien.de\/wohnen-im-alter-heinze-marktforschung-veroeffentlicht-neue-studie-zu-den-zukuenftigen-wohnwuenschen-der-heute-50-bis-65-jaehrigen\/"]}]},{"@type":"BreadcrumbList","@id":"https:\/\/www.heinzemedien.de\/wohnen-im-alter-heinze-marktforschung-veroeffentlicht-neue-studie-zu-den-zukuenftigen-wohnwuenschen-der-heute-50-bis-65-jaehrigen\/#breadcrumb","itemListElement":[{"@type":"ListItem","position":1,"name":"Startseite","item":"https:\/\/www.heinzemedien.de\/"},{"@type":"ListItem","position":2,"name":"\u201eWohnen im Alter\u201c \u2013 Heinze Marktforschung ver\u00f6ffentlicht neue Studie zu den zuk\u00fcnftigen Wohnw\u00fcnschen der heute 50- bis 65-J\u00e4hrigen"}]},{"@type":"WebSite","@id":"https:\/\/www.heinzemedien.de\/#website","url":"https:\/\/www.heinzemedien.de\/","name":"Heinze - Your Networking Company","description":"","publisher":{"@id":"https:\/\/www.heinzemedien.de\/#organization"},"potentialAction":[{"@type":"SearchAction","target":{"@type":"EntryPoint","urlTemplate":"https:\/\/www.heinzemedien.de\/?s={search_term_string}"},"query-input":{"@type":"PropertyValueSpecification","valueRequired":true,"valueName":"search_term_string"}}],"inLanguage":"de"},{"@type":"Organization","@id":"https:\/\/www.heinzemedien.de\/#organization","name":"Heinze GmbH","url":"https:\/\/www.heinzemedien.de\/","logo":{"@type":"ImageObject","inLanguage":"de","@id":"https:\/\/www.heinzemedien.de\/#\/schema\/logo\/image\/","url":"","contentUrl":"","caption":"Heinze GmbH"},"image":{"@id":"https:\/\/www.heinzemedien.de\/#\/schema\/logo\/image\/"}},{"@type":"Person","@id":"https:\/\/www.heinzemedien.de\/#\/schema\/person\/6943ea7a20b4d89dd50ae7e2aadae676","name":"sascha.wojewsky@heinze.de","image":{"@type":"ImageObject","inLanguage":"de","@id":"https:\/\/secure.gravatar.com\/avatar\/94996785d6a059200f2d603a8af4b00d7f8894ffca212c1790496c8c52813d31?s=96&d=mm&r=g","url":"https:\/\/secure.gravatar.com\/avatar\/94996785d6a059200f2d603a8af4b00d7f8894ffca212c1790496c8c52813d31?s=96&d=mm&r=g","contentUrl":"https:\/\/secure.gravatar.com\/avatar\/94996785d6a059200f2d603a8af4b00d7f8894ffca212c1790496c8c52813d31?s=96&d=mm&r=g","caption":"sascha.wojewsky@heinze.de"},"url":"https:\/\/www.heinzemedien.de\/author\/sascha-wojewskyheinze-de\/"}]}},"_links":{"self":[{"href":"https:\/\/www.heinzemedien.de\/heinze-api\/wp\/v2\/posts\/1932","targetHints":{"allow":["GET"]}}],"collection":[{"href":"https:\/\/www.heinzemedien.de\/heinze-api\/wp\/v2\/posts"}],"about":[{"href":"https:\/\/www.heinzemedien.de\/heinze-api\/wp\/v2\/types\/post"}],"author":[{"embeddable":true,"href":"https:\/\/www.heinzemedien.de\/heinze-api\/wp\/v2\/users\/1"}],"replies":[{"embeddable":true,"href":"https:\/\/www.heinzemedien.de\/heinze-api\/wp\/v2\/comments?post=1932"}],"version-history":[{"count":0,"href":"https:\/\/www.heinzemedien.de\/heinze-api\/wp\/v2\/posts\/1932\/revisions"}],"wp:attachment":[{"href":"https:\/\/www.heinzemedien.de\/heinze-api\/wp\/v2\/media?parent=1932"}],"wp:term":[{"taxonomy":"category","embeddable":true,"href":"https:\/\/www.heinzemedien.de\/heinze-api\/wp\/v2\/categories?post=1932"},{"taxonomy":"post_tag","embeddable":true,"href":"https:\/\/www.heinzemedien.de\/heinze-api\/wp\/v2\/tags?post=1932"}],"curies":[{"name":"wp","href":"https:\/\/api.w.org\/{rel}","templated":true}]}}